{"id":10539,"date":"2026-02-27T17:55:08","date_gmt":"2026-02-27T16:55:08","guid":{"rendered":"https:\/\/langtvvla.com.ar\/?p=10539"},"modified":"2026-02-27T18:14:29","modified_gmt":"2026-02-27T17:14:29","slug":"politica-ate-marcho-en-angostura-en-contra-de-la-reforma-laboral","status":"publish","type":"post","link":"https:\/\/langtvvla.com.ar\/index.php\/2026\/02\/27\/politica-ate-marcho-en-angostura-en-contra-de-la-reforma-laboral\/","title":{"rendered":"POLITICA: ATE MARCHO EN ANGOSTURA EN CONTRA DE LA REFORMA LABORAL"},"content":{"rendered":"\n<figure class=\"wp-block-embed is-type-video is-provider-youtube wp-block-embed-youtube wp-embed-aspect-9-16 wp-has-aspect-ratio\"><div class=\"wp-block-embed__wrapper\">\n<iframe loading=\"lazy\" title=\"MARCHA CONTRA REFORMA LABORAL, 27 FEB 2026\" width=\"422\" height=\"750\" src=\"https:\/\/www.youtube.com\/embed\/jJJ0zp3ZJSk?feature=oembed\" frameborder=\"0\" allow=\"accelerometer; autoplay; clipboard-write; encrypted-media; gyroscope; picture-in-picture; web-share\" referrerpolicy=\"strict-origin-when-cross-origin\" allowfullscreen><\/iframe>\n<\/div><\/figure>\n\n\n\n<figure class=\"wp-block-image size-large\"><img loading=\"lazy\" decoding=\"async\" width=\"1024\" height=\"769\" src=\"https:\/\/langtvvla.com.ar\/wp-content\/uploads\/2026\/02\/106867m10n3120260227_121645-1024x769.jpg\" alt=\"\" class=\"wp-image-10550\" srcset=\"https:\/\/langtvvla.com.ar\/wp-content\/uploads\/2026\/02\/106867m10n3120260227_121645-1024x769.jpg 1024w, https:\/\/langtvvla.com.ar\/wp-content\/uploads\/2026\/02\/106867m10n3120260227_121645-300x225.jpg 300w, https:\/\/langtvvla.com.ar\/wp-content\/uploads\/2026\/02\/106867m10n3120260227_121645-768x577.jpg 768w, https:\/\/langtvvla.com.ar\/wp-content\/uploads\/2026\/02\/106867m10n3120260227_121645-1536x1153.jpg 1536w, https:\/\/langtvvla.com.ar\/wp-content\/uploads\/2026\/02\/106867m10n3120260227_121645-2048x1538.jpg 2048w\" sizes=\"auto, (max-width: 1024px) 100vw, 1024px\" \/><\/figure>\n\n\n\n<p><strong>Mientras en Bs.As. en el Senado se debate la reforma laboral, en todo el pa\u00eds la gente se moviliza rechazando la, por la quita de derechos que implica.<\/strong><\/p>\n\n\n\n<figure class=\"wp-block-image size-large\"><img loading=\"lazy\" decoding=\"async\" width=\"1024\" height=\"769\" src=\"https:\/\/langtvvla.com.ar\/wp-content\/uploads\/2026\/02\/106867m10n3120260227_123044-1024x769.jpg\" alt=\"\" class=\"wp-image-10543\" srcset=\"https:\/\/langtvvla.com.ar\/wp-content\/uploads\/2026\/02\/106867m10n3120260227_123044-1024x769.jpg 1024w, https:\/\/langtvvla.com.ar\/wp-content\/uploads\/2026\/02\/106867m10n3120260227_123044-300x225.jpg 300w, https:\/\/langtvvla.com.ar\/wp-content\/uploads\/2026\/02\/106867m10n3120260227_123044-768x577.jpg 768w, https:\/\/langtvvla.com.ar\/wp-content\/uploads\/2026\/02\/106867m10n3120260227_123044-1536x1153.jpg 1536w, https:\/\/langtvvla.com.ar\/wp-content\/uploads\/2026\/02\/106867m10n3120260227_123044-2048x1538.jpg 2048w\" sizes=\"auto, (max-width: 1024px) 100vw, 1024px\" \/><\/figure>\n\n\n\n<p><strong>En Angostura tambi\u00e9n hubo marcha, donde casi 100 trabajadorxs recorrieron el centro y cortaron por unos minutod la RN40 a la altura de la Municipalidad.<\/strong><\/p>\n\n\n\n<figure class=\"wp-block-image size-large\"><img loading=\"lazy\" decoding=\"async\" width=\"769\" height=\"1024\" src=\"https:\/\/langtvvla.com.ar\/wp-content\/uploads\/2026\/02\/106867m10n3120260227_124253-769x1024.jpg\" alt=\"\" class=\"wp-image-10542\" srcset=\"https:\/\/langtvvla.com.ar\/wp-content\/uploads\/2026\/02\/106867m10n3120260227_124253-769x1024.jpg 769w, https:\/\/langtvvla.com.ar\/wp-content\/uploads\/2026\/02\/106867m10n3120260227_124253-225x300.jpg 225w, https:\/\/langtvvla.com.ar\/wp-content\/uploads\/2026\/02\/106867m10n3120260227_124253-768x1023.jpg 768w, https:\/\/langtvvla.com.ar\/wp-content\/uploads\/2026\/02\/106867m10n3120260227_124253-1153x1536.jpg 1153w, https:\/\/langtvvla.com.ar\/wp-content\/uploads\/2026\/02\/106867m10n3120260227_124253-1538x2048.jpg 1538w, https:\/\/langtvvla.com.ar\/wp-content\/uploads\/2026\/02\/106867m10n3120260227_124253-scaled.jpg 1922w\" sizes=\"auto, (max-width: 769px) 100vw, 769px\" \/><\/figure>\n\n\n\n<p><strong>Con la convocatoria de ATE (Asociaci\u00f3n de trabajadores del Estado) decenas de integrantes del hospital Arraiz, entre otrxs, acompa\u00f1aron la movilizaci\u00f3n.<\/strong><\/p>\n\n\n\n<figure class=\"wp-block-image size-large\"><img loading=\"lazy\" decoding=\"async\" width=\"769\" height=\"1024\" src=\"https:\/\/langtvvla.com.ar\/wp-content\/uploads\/2026\/02\/106867m10n3120260227_121634-769x1024.jpg\" alt=\"\" class=\"wp-image-10546\" srcset=\"https:\/\/langtvvla.com.ar\/wp-content\/uploads\/2026\/02\/106867m10n3120260227_121634-769x1024.jpg 769w, https:\/\/langtvvla.com.ar\/wp-content\/uploads\/2026\/02\/106867m10n3120260227_121634-225x300.jpg 225w, https:\/\/langtvvla.com.ar\/wp-content\/uploads\/2026\/02\/106867m10n3120260227_121634-768x1023.jpg 768w, https:\/\/langtvvla.com.ar\/wp-content\/uploads\/2026\/02\/106867m10n3120260227_121634-1153x1536.jpg 1153w, https:\/\/langtvvla.com.ar\/wp-content\/uploads\/2026\/02\/106867m10n3120260227_121634-1538x2048.jpg 1538w, https:\/\/langtvvla.com.ar\/wp-content\/uploads\/2026\/02\/106867m10n3120260227_121634-scaled.jpg 1922w\" sizes=\"auto, (max-width: 769px) 100vw, 769px\" \/><\/figure>\n\n\n\n<p><strong>Si bien el gobierno de Milei parece contar con los votos para aprobar la ley, ya desde la oposici\u00f3n anunciaron que se llevar\u00e1 a la Justicia la cuesti\u00f3n.<\/strong><\/p>\n\n\n\n<figure class=\"wp-block-image size-large\"><img loading=\"lazy\" decoding=\"async\" width=\"1024\" height=\"769\" src=\"https:\/\/langtvvla.com.ar\/wp-content\/uploads\/2026\/02\/106867m10n3120260227_123018-1024x769.jpg\" alt=\"\" class=\"wp-image-10551\" srcset=\"https:\/\/langtvvla.com.ar\/wp-content\/uploads\/2026\/02\/106867m10n3120260227_123018-1024x769.jpg 1024w, https:\/\/langtvvla.com.ar\/wp-content\/uploads\/2026\/02\/106867m10n3120260227_123018-300x225.jpg 300w, https:\/\/langtvvla.com.ar\/wp-content\/uploads\/2026\/02\/106867m10n3120260227_123018-768x577.jpg 768w, https:\/\/langtvvla.com.ar\/wp-content\/uploads\/2026\/02\/106867m10n3120260227_123018-1536x1153.jpg 1536w, https:\/\/langtvvla.com.ar\/wp-content\/uploads\/2026\/02\/106867m10n3120260227_123018-2048x1538.jpg 2048w\" sizes=\"auto, (max-width: 1024px) 100vw, 1024px\" \/><\/figure>\n","protected":false},"excerpt":{"rendered":"<p>Mientras en Bs.As. en el Senado se debate la reforma laboral, en todo el pa\u00eds la gente se moviliza rechazando la, por la quita de derechos que implica. En Angostura tambi\u00e9n hubo marcha, donde casi 100 trabajadorxs recorrieron el centro y cortaron por unos minutod la RN40 a la altura de la Municipalidad. Con la [&hellip;]<\/p>\n","protected":false},"author":1,"featured_media":10545,"comment_status":"open","ping_status":"open","sticky":false,"template":"","format":"standard","meta":{"footnotes":""},"categories":[28],"tags":[],"class_list":["post-10539","post","type-post","status-publish","format-standard","has-post-thumbnail","hentry","category-politica"],"_links":{"self":[{"href":"https:\/\/langtvvla.com.ar\/index.php\/wp-json\/wp\/v2\/posts\/10539","targetHints":{"allow":["GET"]}}],"collection":[{"href":"https:\/\/langtvvla.com.ar\/index.php\/wp-json\/wp\/v2\/posts"}],"about":[{"href":"https:\/\/langtvvla.com.ar\/index.php\/wp-json\/wp\/v2\/types\/post"}],"author":[{"embeddable":true,"href":"https:\/\/langtvvla.com.ar\/index.php\/wp-json\/wp\/v2\/users\/1"}],"replies":[{"embeddable":true,"href":"https:\/\/langtvvla.com.ar\/index.php\/wp-json\/wp\/v2\/comments?post=10539"}],"version-history":[{"count":4,"href":"https:\/\/langtvvla.com.ar\/index.php\/wp-json\/wp\/v2\/posts\/10539\/revisions"}],"predecessor-version":[{"id":10553,"href":"https:\/\/langtvvla.com.ar\/index.php\/wp-json\/wp\/v2\/posts\/10539\/revisions\/10553"}],"wp:featuredmedia":[{"embeddable":true,"href":"https:\/\/langtvvla.com.ar\/index.php\/wp-json\/wp\/v2\/media\/10545"}],"wp:attachment":[{"href":"https:\/\/langtvvla.com.ar\/index.php\/wp-json\/wp\/v2\/media?parent=10539"}],"wp:term":[{"taxonomy":"category","embeddable":true,"href":"https:\/\/langtvvla.com.ar\/index.php\/wp-json\/wp\/v2\/categories?post=10539"},{"taxonomy":"post_tag","embeddable":true,"href":"https:\/\/langtvvla.com.ar\/index.php\/wp-json\/wp\/v2\/tags?post=10539"}],"curies":[{"name":"wp","href":"https:\/\/api.w.org\/{rel}","templated":true}]}}