{"id":10554,"date":"2026-03-01T14:51:22","date_gmt":"2026-03-01T13:51:22","guid":{"rendered":"https:\/\/langtvvla.com.ar\/?p=10554"},"modified":"2026-03-01T14:53:08","modified_gmt":"2026-03-01T13:53:08","slug":"politica-puesta-a-punto-del-deliberante-para-nuevo-ano-legislativo","status":"publish","type":"post","link":"https:\/\/langtvvla.com.ar\/index.php\/2026\/03\/01\/politica-puesta-a-punto-del-deliberante-para-nuevo-ano-legislativo\/","title":{"rendered":"POLITICA: PUESTA A PUNTO DEL DELIBERANTE PARA NUEVO A\u00d1O LEGISLATIVO"},"content":{"rendered":"\n<figure class=\"wp-block-image size-large\"><img loading=\"lazy\" decoding=\"async\" width=\"1024\" height=\"717\" src=\"https:\/\/langtvvla.com.ar\/wp-content\/uploads\/2026\/03\/Acto-de-Apertura-1024x717.jpeg\" alt=\"\" class=\"wp-image-10557\" srcset=\"https:\/\/langtvvla.com.ar\/wp-content\/uploads\/2026\/03\/Acto-de-Apertura-1024x717.jpeg 1024w, https:\/\/langtvvla.com.ar\/wp-content\/uploads\/2026\/03\/Acto-de-Apertura-300x210.jpeg 300w, https:\/\/langtvvla.com.ar\/wp-content\/uploads\/2026\/03\/Acto-de-Apertura-768x538.jpeg 768w, https:\/\/langtvvla.com.ar\/wp-content\/uploads\/2026\/03\/Acto-de-Apertura-1536x1076.jpeg 1536w, https:\/\/langtvvla.com.ar\/wp-content\/uploads\/2026\/03\/Acto-de-Apertura-2048x1434.jpeg 2048w\" sizes=\"auto, (max-width: 1024px) 100vw, 1024px\" \/><\/figure>\n\n\n\n<p><strong>CREDITO FLYER REDES<\/strong><\/p>\n\n\n\n<p><strong>Esos \u00faltimos d\u00edas de febrero se vive un ritmo fren\u00e9tico en el Deliberante, ya que el lunes 2 el Intendente Javier Murer inaugurar\u00e1 las Sesiones Ordinarias del 2026 en el Centro de Convenciones.<\/strong><\/p>\n\n\n\n<figure class=\"wp-block-image size-large\"><img loading=\"lazy\" decoding=\"async\" width=\"769\" height=\"1024\" src=\"https:\/\/langtvvla.com.ar\/wp-content\/uploads\/2026\/03\/106867m10n3120260301_104015-769x1024.jpg\" alt=\"\" class=\"wp-image-10555\" srcset=\"https:\/\/langtvvla.com.ar\/wp-content\/uploads\/2026\/03\/106867m10n3120260301_104015-769x1024.jpg 769w, https:\/\/langtvvla.com.ar\/wp-content\/uploads\/2026\/03\/106867m10n3120260301_104015-225x300.jpg 225w, https:\/\/langtvvla.com.ar\/wp-content\/uploads\/2026\/03\/106867m10n3120260301_104015-768x1023.jpg 768w, https:\/\/langtvvla.com.ar\/wp-content\/uploads\/2026\/03\/106867m10n3120260301_104015-1153x1536.jpg 1153w, https:\/\/langtvvla.com.ar\/wp-content\/uploads\/2026\/03\/106867m10n3120260301_104015-1538x2048.jpg 1538w, https:\/\/langtvvla.com.ar\/wp-content\/uploads\/2026\/03\/106867m10n3120260301_104015-scaled.jpg 1922w\" sizes=\"auto, (max-width: 769px) 100vw, 769px\" \/><\/figure>\n\n\n\n<p><strong>Adem\u00e1s se est\u00e1n ultimando detalles edilicios en el edificio del Deliberante pues la primera sesi\u00f3n ser\u00e1 el mi\u00e9rcoles 4.<\/strong><\/p>\n\n\n\n<figure class=\"wp-block-image size-large\"><img loading=\"lazy\" decoding=\"async\" width=\"769\" height=\"1024\" src=\"https:\/\/langtvvla.com.ar\/wp-content\/uploads\/2026\/03\/106867m10n3120260301_104030-769x1024.jpg\" alt=\"\" class=\"wp-image-10556\" srcset=\"https:\/\/langtvvla.com.ar\/wp-content\/uploads\/2026\/03\/106867m10n3120260301_104030-769x1024.jpg 769w, https:\/\/langtvvla.com.ar\/wp-content\/uploads\/2026\/03\/106867m10n3120260301_104030-225x300.jpg 225w, https:\/\/langtvvla.com.ar\/wp-content\/uploads\/2026\/03\/106867m10n3120260301_104030-768x1023.jpg 768w, https:\/\/langtvvla.com.ar\/wp-content\/uploads\/2026\/03\/106867m10n3120260301_104030-1153x1536.jpg 1153w, https:\/\/langtvvla.com.ar\/wp-content\/uploads\/2026\/03\/106867m10n3120260301_104030-1538x2048.jpg 1538w, https:\/\/langtvvla.com.ar\/wp-content\/uploads\/2026\/03\/106867m10n3120260301_104030-scaled.jpg 1922w\" sizes=\"auto, (max-width: 769px) 100vw, 769px\" \/><\/figure>\n\n\n\n<p><strong>Trabajos en mamposteria, pintura, puertas, para dejar listo el lugar para el estreno. Pero no es la \u00fanica novedad, tambi\u00e9n hay cambios en la Vicepresidencia (rotativa y dura 1 a\u00f1o) que ocupar\u00e1 la libertaria Vidal, por otro lado se di\u00f3 a conocer el calendario de sesiones<\/strong>.<\/p>\n\n\n\n<div data-wp-interactive=\"core\/file\" class=\"wp-block-file\"><object data-wp-bind--hidden=\"!state.hasPdfPreview\" hidden class=\"wp-block-file__embed\" data=\"https:\/\/langtvvla.com.ar\/wp-content\/uploads\/2026\/03\/Nota-de-Presidencia-N\u00b0-11-Gacetilla-de-Prensa-Sesion-Preparatoria.pdf\" type=\"application\/pdf\" style=\"width:100%;height:600px\" aria-label=\"Incrustado de Nota de Presidencia N\u00b0 11 - Gacetilla de Prensa Sesi\u00f3n Preparatoria.\"><\/object><a id=\"wp-block-file--media-92b2dbed-4c00-496b-a62e-d5300a25c55a\" href=\"https:\/\/langtvvla.com.ar\/wp-content\/uploads\/2026\/03\/Nota-de-Presidencia-N\u00b0-11-Gacetilla-de-Prensa-Sesion-Preparatoria.pdf\">Nota de Presidencia N\u00b0 11 &#8211; Gacetilla de Prensa Sesi\u00f3n Preparatoria<\/a><a href=\"https:\/\/langtvvla.com.ar\/wp-content\/uploads\/2026\/03\/Nota-de-Presidencia-N\u00b0-11-Gacetilla-de-Prensa-Sesion-Preparatoria.pdf\" class=\"wp-block-file__button wp-element-button\" download aria-describedby=\"wp-block-file--media-92b2dbed-4c00-496b-a62e-d5300a25c55a\">Descarga<\/a><\/div>\n","protected":false},"excerpt":{"rendered":"<p>CREDITO FLYER REDES Esos \u00faltimos d\u00edas de febrero se vive un ritmo fren\u00e9tico en el Deliberante, ya que el lunes 2 el Intendente Javier Murer inaugurar\u00e1 las Sesiones Ordinarias del 2026 en el Centro de Convenciones. Adem\u00e1s se est\u00e1n ultimando detalles edilicios en el edificio del Deliberante pues la primera sesi\u00f3n ser\u00e1 el mi\u00e9rcoles 4. [&hellip;]<\/p>\n","protected":false},"author":1,"featured_media":10558,"comment_status":"open","ping_status":"open","sticky":false,"template":"","format":"standard","meta":{"footnotes":""},"categories":[28],"tags":[],"class_list":["post-10554","post","type-post","status-publish","format-standard","has-post-thumbnail","hentry","category-politica"],"_links":{"self":[{"href":"https:\/\/langtvvla.com.ar\/index.php\/wp-json\/wp\/v2\/posts\/10554","targetHints":{"allow":["GET"]}}],"collection":[{"href":"https:\/\/langtvvla.com.ar\/index.php\/wp-json\/wp\/v2\/posts"}],"about":[{"href":"https:\/\/langtvvla.com.ar\/index.php\/wp-json\/wp\/v2\/types\/post"}],"author":[{"embeddable":true,"href":"https:\/\/langtvvla.com.ar\/index.php\/wp-json\/wp\/v2\/users\/1"}],"replies":[{"embeddable":true,"href":"https:\/\/langtvvla.com.ar\/index.php\/wp-json\/wp\/v2\/comments?post=10554"}],"version-history":[{"count":2,"href":"https:\/\/langtvvla.com.ar\/index.php\/wp-json\/wp\/v2\/posts\/10554\/revisions"}],"predecessor-version":[{"id":10561,"href":"https:\/\/langtvvla.com.ar\/index.php\/wp-json\/wp\/v2\/posts\/10554\/revisions\/10561"}],"wp:featuredmedia":[{"embeddable":true,"href":"https:\/\/langtvvla.com.ar\/index.php\/wp-json\/wp\/v2\/media\/10558"}],"wp:attachment":[{"href":"https:\/\/langtvvla.com.ar\/index.php\/wp-json\/wp\/v2\/media?parent=10554"}],"wp:term":[{"taxonomy":"category","embeddable":true,"href":"https:\/\/langtvvla.com.ar\/index.php\/wp-json\/wp\/v2\/categories?post=10554"},{"taxonomy":"post_tag","embeddable":true,"href":"https:\/\/langtvvla.com.ar\/index.php\/wp-json\/wp\/v2\/tags?post=10554"}],"curies":[{"name":"wp","href":"https:\/\/api.w.org\/{rel}","templated":true}]}}