{"id":10592,"date":"2026-03-04T23:03:52","date_gmt":"2026-03-04T22:03:52","guid":{"rendered":"https:\/\/langtvvla.com.ar\/?p=10592"},"modified":"2026-03-04T23:04:31","modified_gmt":"2026-03-04T22:04:31","slug":"politica-reclamos-por-el-agua-y-nuevo-veterinario-para-zoonosis-primera-sesion-del-deliberante","status":"publish","type":"post","link":"https:\/\/langtvvla.com.ar\/index.php\/2026\/03\/04\/politica-reclamos-por-el-agua-y-nuevo-veterinario-para-zoonosis-primera-sesion-del-deliberante\/","title":{"rendered":"POLITICA: RECLAMOS POR EL AGUA Y NUEVO VETERINARIO PARA ZOONOSIS, PRIMERA SESION DEL DELIBERANTE"},"content":{"rendered":"\n<figure class=\"wp-block-embed is-type-video is-provider-youtube wp-block-embed-youtube wp-embed-aspect-16-9 wp-has-aspect-ratio\"><div class=\"wp-block-embed__wrapper\">\n<iframe loading=\"lazy\" title=\"DELIBERANTE 2026\" width=\"500\" height=\"281\" src=\"https:\/\/www.youtube.com\/embed\/3VUo7pmX0WQ?feature=oembed\" frameborder=\"0\" allow=\"accelerometer; autoplay; clipboard-write; encrypted-media; gyroscope; picture-in-picture; web-share\" referrerpolicy=\"strict-origin-when-cross-origin\" allowfullscreen><\/iframe>\n<\/div><\/figure>\n\n\n\n<p><strong>Este mi\u00e9rcoles 4 comenzaron las sesiones en el Deliberante, donde se trataron pocos temas.<\/strong><\/p>\n\n\n\n<p><strong>B\u00e1sicamente la incorporaci\u00f3n de un profesional al \u00e1rea de Zoonosis y poco m\u00e1s.<\/strong><\/p>\n\n\n\n<figure class=\"wp-block-embed is-type-video is-provider-youtube wp-block-embed-youtube wp-embed-aspect-16-9 wp-has-aspect-ratio\"><div class=\"wp-block-embed__wrapper\">\n<iframe loading=\"lazy\" title=\"DELIBERANTE 2026\" width=\"500\" height=\"281\" src=\"https:\/\/www.youtube.com\/embed\/4frkFqFqNEc?feature=oembed\" frameborder=\"0\" allow=\"accelerometer; autoplay; clipboard-write; encrypted-media; gyroscope; picture-in-picture; web-share\" referrerpolicy=\"strict-origin-when-cross-origin\" allowfullscreen><\/iframe>\n<\/div><\/figure>\n\n\n\n<p><strong>El tema \u00e1lgido estuvo al inicio, con el uso de la Banca del Vecino, donde se reclam\u00f3 nuevamente por la falta de agua. Tambi\u00e9n se pidi\u00f3 se derogue las ordenanzas que permiten construir casi sin control.<\/strong><\/p>\n\n\n\n<p><strong>En el auditorio estuvieron presentes el Intendente Murer y el Secretario de Gobierno Naretti (presenci\u00f3 toda la Sesi\u00f3n).<\/strong><\/p>\n\n\n\n<figure class=\"wp-block-image size-large\"><img loading=\"lazy\" decoding=\"async\" width=\"769\" height=\"1024\" src=\"https:\/\/langtvvla.com.ar\/wp-content\/uploads\/2026\/03\/106867m10n3120260304_185504-769x1024.jpg\" alt=\"\" class=\"wp-image-10593\" srcset=\"https:\/\/langtvvla.com.ar\/wp-content\/uploads\/2026\/03\/106867m10n3120260304_185504-769x1024.jpg 769w, https:\/\/langtvvla.com.ar\/wp-content\/uploads\/2026\/03\/106867m10n3120260304_185504-225x300.jpg 225w, https:\/\/langtvvla.com.ar\/wp-content\/uploads\/2026\/03\/106867m10n3120260304_185504-768x1023.jpg 768w, https:\/\/langtvvla.com.ar\/wp-content\/uploads\/2026\/03\/106867m10n3120260304_185504-1153x1536.jpg 1153w, https:\/\/langtvvla.com.ar\/wp-content\/uploads\/2026\/03\/106867m10n3120260304_185504-1538x2048.jpg 1538w, https:\/\/langtvvla.com.ar\/wp-content\/uploads\/2026\/03\/106867m10n3120260304_185504-scaled.jpg 1922w\" sizes=\"auto, (max-width: 769px) 100vw, 769px\" \/><\/figure>\n\n\n\n<p><strong>Una novedad fue el reemplazo de las banderas de Argentina y Neuqu\u00e9n en el m\u00e1stil del Deliberante por unas nuevas.<\/strong><\/p>\n\n\n\n<p><\/p>\n","protected":false},"excerpt":{"rendered":"<p>Este mi\u00e9rcoles 4 comenzaron las sesiones en el Deliberante, donde se trataron pocos temas. B\u00e1sicamente la incorporaci\u00f3n de un profesional al \u00e1rea de Zoonosis y poco m\u00e1s. El tema \u00e1lgido estuvo al inicio, con el uso de la Banca del Vecino, donde se reclam\u00f3 nuevamente por la falta de agua. Tambi\u00e9n se pidi\u00f3 se derogue [&hellip;]<\/p>\n","protected":false},"author":1,"featured_media":10594,"comment_status":"open","ping_status":"open","sticky":false,"template":"","format":"standard","meta":{"footnotes":""},"categories":[28],"tags":[],"class_list":["post-10592","post","type-post","status-publish","format-standard","has-post-thumbnail","hentry","category-politica"],"_links":{"self":[{"href":"https:\/\/langtvvla.com.ar\/index.php\/wp-json\/wp\/v2\/posts\/10592","targetHints":{"allow":["GET"]}}],"collection":[{"href":"https:\/\/langtvvla.com.ar\/index.php\/wp-json\/wp\/v2\/posts"}],"about":[{"href":"https:\/\/langtvvla.com.ar\/index.php\/wp-json\/wp\/v2\/types\/post"}],"author":[{"embeddable":true,"href":"https:\/\/langtvvla.com.ar\/index.php\/wp-json\/wp\/v2\/users\/1"}],"replies":[{"embeddable":true,"href":"https:\/\/langtvvla.com.ar\/index.php\/wp-json\/wp\/v2\/comments?post=10592"}],"version-history":[{"count":2,"href":"https:\/\/langtvvla.com.ar\/index.php\/wp-json\/wp\/v2\/posts\/10592\/revisions"}],"predecessor-version":[{"id":10596,"href":"https:\/\/langtvvla.com.ar\/index.php\/wp-json\/wp\/v2\/posts\/10592\/revisions\/10596"}],"wp:featuredmedia":[{"embeddable":true,"href":"https:\/\/langtvvla.com.ar\/index.php\/wp-json\/wp\/v2\/media\/10594"}],"wp:attachment":[{"href":"https:\/\/langtvvla.com.ar\/index.php\/wp-json\/wp\/v2\/media?parent=10592"}],"wp:term":[{"taxonomy":"category","embeddable":true,"href":"https:\/\/langtvvla.com.ar\/index.php\/wp-json\/wp\/v2\/categories?post=10592"},{"taxonomy":"post_tag","embeddable":true,"href":"https:\/\/langtvvla.com.ar\/index.php\/wp-json\/wp\/v2\/tags?post=10592"}],"curies":[{"name":"wp","href":"https:\/\/api.w.org\/{rel}","templated":true}]}}