{"id":10668,"date":"2026-03-12T16:23:09","date_gmt":"2026-03-12T15:23:09","guid":{"rendered":"https:\/\/langtvvla.com.ar\/?p=10668"},"modified":"2026-03-12T16:27:00","modified_gmt":"2026-03-12T15:27:00","slug":"educacion-al-fin-deliberante-aprobo-cesion-cef7-para-escuelas-pero-hensel-pidio-a-murer-veto","status":"publish","type":"post","link":"https:\/\/langtvvla.com.ar\/index.php\/2026\/03\/12\/educacion-al-fin-deliberante-aprobo-cesion-cef7-para-escuelas-pero-hensel-pidio-a-murer-veto\/","title":{"rendered":"EDUCACION: AL FIN, DELIBERANTE APROBO CESION CEF7 PARA ESCUELAS, PERO HENSEL PIDIO A MURER VETO"},"content":{"rendered":"\n<figure class=\"wp-block-embed is-type-video is-provider-youtube wp-block-embed-youtube wp-embed-aspect-16-9 wp-has-aspect-ratio\"><div class=\"wp-block-embed__wrapper\">\n<iframe loading=\"lazy\" title=\"DELIBERANTE 2026\" width=\"500\" height=\"281\" src=\"https:\/\/www.youtube.com\/embed\/6kwDygYMfu8?feature=oembed\" frameborder=\"0\" allow=\"accelerometer; autoplay; clipboard-write; encrypted-media; gyroscope; picture-in-picture; web-share\" referrerpolicy=\"strict-origin-when-cross-origin\" allowfullscreen><\/iframe>\n<\/div><\/figure>\n\n\n\n<p><strong>Este jueves 12 se produjo un hecho hist\u00f3rico, el \u00faltimo paso administrativo para que Angostura ceda los lotes del CEF7 a Educaci\u00f3n de Neuqu\u00e9n y se puedan construir all\u00ed 2 escuelas.<\/strong><\/p>\n\n\n\n<p><strong>En un sal\u00f3n lleno se vot\u00f3 casi un\u00e1nime mente, 5 a favor (Raimondo, Figueroa, Andrade, Venica y Cerraso), la abstenci\u00f3n de la peronista Mesa y el voto contrario (incre\u00edblemente o no) de la libertaria Vidal, reprobada por el p\u00fablico presente.<\/strong><\/p>\n\n\n\n<p><strong>Al finalizar LANG TV dialog\u00f3 con concejales, funcionarios y gente de la pol\u00edtica y fue un\u00e1nime la tranquilidad de lo actuado y que no les preocupaba la posibilidad de una acci\u00f3n judicial por parte de quienes se opon\u00edan a la cesi\u00f3n.<\/strong><\/p>\n\n\n\n<p><strong>Inmediatamente de producida la aprobaci\u00f3n el abogado Guillermo Hensel present\u00f3 un pedido al Intendente Murer para que vete el acto, que obviamente la m\u00e1xima autoridad de Angostura no har\u00e1 a lugar.<\/strong><\/p>\n\n\n\n<div data-wp-interactive=\"core\/file\" class=\"wp-block-file\"><object data-wp-bind--hidden=\"!state.hasPdfPreview\" hidden class=\"wp-block-file__embed\" data=\"https:\/\/langtvvla.com.ar\/wp-content\/uploads\/2026\/03\/2026.03.12-Nota-Pedido-VETO-Ord-Cesion-Ilegal-EVerde.pdf\" type=\"application\/pdf\" style=\"width:100%;height:600px\" aria-label=\"Incrustado de 2026.03.12 Nota Pedido VETO - Ord Cesion Ilegal EVerde.\"><\/object><a id=\"wp-block-file--media-0f7db146-cb04-47e2-9491-6ed884ef332a\" href=\"https:\/\/langtvvla.com.ar\/wp-content\/uploads\/2026\/03\/2026.03.12-Nota-Pedido-VETO-Ord-Cesion-Ilegal-EVerde.pdf\">2026.03.12 Nota Pedido VETO &#8211; Ord Cesion Ilegal EVerde<\/a><a href=\"https:\/\/langtvvla.com.ar\/wp-content\/uploads\/2026\/03\/2026.03.12-Nota-Pedido-VETO-Ord-Cesion-Ilegal-EVerde.pdf\" class=\"wp-block-file__button wp-element-button\" download aria-describedby=\"wp-block-file--media-0f7db146-cb04-47e2-9491-6ed884ef332a\">Descarga<\/a><\/div>\n","protected":false},"excerpt":{"rendered":"<p>Este jueves 12 se produjo un hecho hist\u00f3rico, el \u00faltimo paso administrativo para que Angostura ceda los lotes del CEF7 a Educaci\u00f3n de Neuqu\u00e9n y se puedan construir all\u00ed 2 escuelas. En un sal\u00f3n lleno se vot\u00f3 casi un\u00e1nime mente, 5 a favor (Raimondo, Figueroa, Andrade, Venica y Cerraso), la abstenci\u00f3n de la peronista Mesa [&hellip;]<\/p>\n","protected":false},"author":1,"featured_media":10671,"comment_status":"open","ping_status":"open","sticky":false,"template":"","format":"standard","meta":{"footnotes":""},"categories":[37,27],"tags":[],"class_list":["post-10668","post","type-post","status-publish","format-standard","has-post-thumbnail","hentry","category-educacion","category-municipalidad"],"_links":{"self":[{"href":"https:\/\/langtvvla.com.ar\/index.php\/wp-json\/wp\/v2\/posts\/10668","targetHints":{"allow":["GET"]}}],"collection":[{"href":"https:\/\/langtvvla.com.ar\/index.php\/wp-json\/wp\/v2\/posts"}],"about":[{"href":"https:\/\/langtvvla.com.ar\/index.php\/wp-json\/wp\/v2\/types\/post"}],"author":[{"embeddable":true,"href":"https:\/\/langtvvla.com.ar\/index.php\/wp-json\/wp\/v2\/users\/1"}],"replies":[{"embeddable":true,"href":"https:\/\/langtvvla.com.ar\/index.php\/wp-json\/wp\/v2\/comments?post=10668"}],"version-history":[{"count":5,"href":"https:\/\/langtvvla.com.ar\/index.php\/wp-json\/wp\/v2\/posts\/10668\/revisions"}],"predecessor-version":[{"id":10675,"href":"https:\/\/langtvvla.com.ar\/index.php\/wp-json\/wp\/v2\/posts\/10668\/revisions\/10675"}],"wp:featuredmedia":[{"embeddable":true,"href":"https:\/\/langtvvla.com.ar\/index.php\/wp-json\/wp\/v2\/media\/10671"}],"wp:attachment":[{"href":"https:\/\/langtvvla.com.ar\/index.php\/wp-json\/wp\/v2\/media?parent=10668"}],"wp:term":[{"taxonomy":"category","embeddable":true,"href":"https:\/\/langtvvla.com.ar\/index.php\/wp-json\/wp\/v2\/categories?post=10668"},{"taxonomy":"post_tag","embeddable":true,"href":"https:\/\/langtvvla.com.ar\/index.php\/wp-json\/wp\/v2\/tags?post=10668"}],"curies":[{"name":"wp","href":"https:\/\/api.w.org\/{rel}","templated":true}]}}