{"id":10703,"date":"2026-03-15T04:50:55","date_gmt":"2026-03-15T03:50:55","guid":{"rendered":"https:\/\/langtvvla.com.ar\/?p=10703"},"modified":"2026-03-15T04:50:56","modified_gmt":"2026-03-15T03:50:56","slug":"sociedad-fue-un-encuentro-altamente-positivo-sebastian-baltanas-defensor-del-pueblo-vla","status":"publish","type":"post","link":"https:\/\/langtvvla.com.ar\/index.php\/2026\/03\/15\/sociedad-fue-un-encuentro-altamente-positivo-sebastian-baltanas-defensor-del-pueblo-vla\/","title":{"rendered":"SOCIEDAD: FUE UN ENCUENTRO ALTAMENTE POSITIVO (SEBASTIAN BALTANAS, DEFENSOR DEL PUEBLO VLA)"},"content":{"rendered":"\n<figure class=\"wp-block-embed is-type-video is-provider-youtube wp-block-embed-youtube wp-embed-aspect-16-9 wp-has-aspect-ratio\"><div class=\"wp-block-embed__wrapper\">\n<iframe loading=\"lazy\" title=\"SEBASTIAN BALTANAS 2026\" width=\"500\" height=\"281\" src=\"https:\/\/www.youtube.com\/embed\/m1fF8pql0_Q?feature=oembed\" frameborder=\"0\" allow=\"accelerometer; autoplay; clipboard-write; encrypted-media; gyroscope; picture-in-picture; web-share\" referrerpolicy=\"strict-origin-when-cross-origin\" allowfullscreen><\/iframe>\n<\/div><\/figure>\n\n\n\n<p><strong>Este jueves 12, en exclusiva, LANG TV dialog\u00f3 con Sebasti\u00e1n Baltanas, Defensor del Pueblo de Angostura, quien nos cont\u00f3 su experiencia en este 4to encuentro de Defensor\u00edas de Neuqu\u00e9n.<\/strong><\/p>\n\n\n\n<figure class=\"wp-block-embed is-type-video is-provider-youtube wp-block-embed-youtube wp-embed-aspect-16-9 wp-has-aspect-ratio\"><div class=\"wp-block-embed__wrapper\">\n<iframe loading=\"lazy\" title=\"ENCUENTRO DEFENSORIAS NEUQUEN 2026\" width=\"500\" height=\"281\" src=\"https:\/\/www.youtube.com\/embed\/yMWWRsMSa9U?feature=oembed\" frameborder=\"0\" allow=\"accelerometer; autoplay; clipboard-write; encrypted-media; gyroscope; picture-in-picture; web-share\" referrerpolicy=\"strict-origin-when-cross-origin\" allowfullscreen><\/iframe>\n<\/div><\/figure>\n\n\n\n<p><strong>Tambi\u00e9n pudimos entrevistar a las personas a cargo de las dem\u00e1s Defensor\u00edas, de Neuqu\u00e9n capital, Zapala, Centenario y SMA (no asisti\u00f3 Jun\u00edn).<\/strong><\/p>\n\n\n\n<figure class=\"wp-block-embed is-type-video is-provider-youtube wp-block-embed-youtube wp-embed-aspect-9-16 wp-has-aspect-ratio\"><div class=\"wp-block-embed__wrapper\">\n<iframe loading=\"lazy\" title=\"LIC. CAFFARATTI, DEFENSORA CENTENARIO, 12 MARZO 2026\" width=\"422\" height=\"750\" src=\"https:\/\/www.youtube.com\/embed\/kQlFJzM_hlA?feature=oembed\" frameborder=\"0\" allow=\"accelerometer; autoplay; clipboard-write; encrypted-media; gyroscope; picture-in-picture; web-share\" referrerpolicy=\"strict-origin-when-cross-origin\" allowfullscreen><\/iframe>\n<\/div><\/figure>\n\n\n\n<figure class=\"wp-block-embed is-type-video is-provider-youtube wp-block-embed-youtube wp-embed-aspect-16-9 wp-has-aspect-ratio\"><div class=\"wp-block-embed__wrapper\">\n<iframe loading=\"lazy\" title=\"ENCUENTRO DE DEFENSORIAS DE NEUQU\u00c9N 2026\" width=\"500\" height=\"281\" src=\"https:\/\/www.youtube.com\/embed\/XD3h91nQ-3I?feature=oembed\" frameborder=\"0\" allow=\"accelerometer; autoplay; clipboard-write; encrypted-media; gyroscope; picture-in-picture; web-share\" referrerpolicy=\"strict-origin-when-cross-origin\" allowfullscreen><\/iframe>\n<\/div><\/figure>\n","protected":false},"excerpt":{"rendered":"<p>Este jueves 12, en exclusiva, LANG TV dialog\u00f3 con Sebasti\u00e1n Baltanas, Defensor del Pueblo de Angostura, quien nos cont\u00f3 su experiencia en este 4to encuentro de Defensor\u00edas de Neuqu\u00e9n. Tambi\u00e9n pudimos entrevistar a las personas a cargo de las dem\u00e1s Defensor\u00edas, de Neuqu\u00e9n capital, Zapala, Centenario y SMA (no asisti\u00f3 Jun\u00edn).<\/p>\n","protected":false},"author":1,"featured_media":10678,"comment_status":"open","ping_status":"open","sticky":false,"template":"","format":"standard","meta":{"footnotes":""},"categories":[36],"tags":[],"class_list":["post-10703","post","type-post","status-publish","format-standard","has-post-thumbnail","hentry","category-sociedad"],"_links":{"self":[{"href":"https:\/\/langtvvla.com.ar\/index.php\/wp-json\/wp\/v2\/posts\/10703","targetHints":{"allow":["GET"]}}],"collection":[{"href":"https:\/\/langtvvla.com.ar\/index.php\/wp-json\/wp\/v2\/posts"}],"about":[{"href":"https:\/\/langtvvla.com.ar\/index.php\/wp-json\/wp\/v2\/types\/post"}],"author":[{"embeddable":true,"href":"https:\/\/langtvvla.com.ar\/index.php\/wp-json\/wp\/v2\/users\/1"}],"replies":[{"embeddable":true,"href":"https:\/\/langtvvla.com.ar\/index.php\/wp-json\/wp\/v2\/comments?post=10703"}],"version-history":[{"count":1,"href":"https:\/\/langtvvla.com.ar\/index.php\/wp-json\/wp\/v2\/posts\/10703\/revisions"}],"predecessor-version":[{"id":10704,"href":"https:\/\/langtvvla.com.ar\/index.php\/wp-json\/wp\/v2\/posts\/10703\/revisions\/10704"}],"wp:featuredmedia":[{"embeddable":true,"href":"https:\/\/langtvvla.com.ar\/index.php\/wp-json\/wp\/v2\/media\/10678"}],"wp:attachment":[{"href":"https:\/\/langtvvla.com.ar\/index.php\/wp-json\/wp\/v2\/media?parent=10703"}],"wp:term":[{"taxonomy":"category","embeddable":true,"href":"https:\/\/langtvvla.com.ar\/index.php\/wp-json\/wp\/v2\/categories?post=10703"},{"taxonomy":"post_tag","embeddable":true,"href":"https:\/\/langtvvla.com.ar\/index.php\/wp-json\/wp\/v2\/tags?post=10703"}],"curies":[{"name":"wp","href":"https:\/\/api.w.org\/{rel}","templated":true}]}}