{"id":11248,"date":"2026-04-25T21:29:03","date_gmt":"2026-04-25T19:29:03","guid":{"rendered":"https:\/\/langtvvla.com.ar\/?p=11248"},"modified":"2026-04-26T00:20:11","modified_gmt":"2026-04-25T22:20:11","slug":"politica-13","status":"publish","type":"post","link":"https:\/\/langtvvla.com.ar\/index.php\/2026\/04\/25\/politica-13\/","title":{"rendered":"POLITICA: NECESITAMOS QUE LAS IDEAS DE LA LIBERTAD ESTEN EN TODAS LAS PROVINCIAS (SENADORA NADIA M\u00c1RQUEZ)"},"content":{"rendered":"\n<figure class=\"wp-block-embed is-type-video is-provider-youtube wp-block-embed-youtube wp-embed-aspect-16-9 wp-has-aspect-ratio\"><div class=\"wp-block-embed__wrapper\">\n<iframe loading=\"lazy\" title=\"NADIA M\u00c1RQUEZ 2026\" width=\"500\" height=\"281\" src=\"https:\/\/www.youtube.com\/embed\/uwjdOVO8C_M?feature=oembed\" frameborder=\"0\" allow=\"accelerometer; autoplay; clipboard-write; encrypted-media; gyroscope; picture-in-picture; web-share\" referrerpolicy=\"strict-origin-when-cross-origin\" allowfullscreen><\/iframe>\n<\/div><\/figure>\n\n\n\n<p><strong>Este s\u00e1bado 25 de abril, a 6 meses de haber ganado las elecciones al Senado por Neuqu\u00e9n, la libertaria Nadia M\u00e1rquez visit\u00f3 Angostura.<\/strong><\/p>\n\n\n\n<p><strong>En el acto, a sal\u00f3n lleno, con la presencia de mucha dirigencia local como la concejal Vidal de JXLL y el presidente Jos\u00e9 Dino, integrantes hist\u00f3ricos del Pro como N\u00e9stor Payllalef y Marta Ciccone, Edith Sanguine integrante de la C\u00e1mara de Comercio y Facundo Fern\u00e1ndez, coordinador de LLA en Angostura, empez\u00f3 agradeciendo el esfuerzo de todas y todos, donde afirm\u00f3 que &#8216;Pasaron de quejarse a hacer, para cambiar las cosas\u00bb.<\/strong><\/p>\n\n\n\n<figure class=\"wp-block-image size-large\"><img loading=\"lazy\" decoding=\"async\" width=\"1024\" height=\"769\" src=\"https:\/\/langtvvla.com.ar\/wp-content\/uploads\/2026\/04\/1000148044-1024x769.jpg\" alt=\"\" class=\"wp-image-11252\" srcset=\"https:\/\/langtvvla.com.ar\/wp-content\/uploads\/2026\/04\/1000148044-1024x769.jpg 1024w, https:\/\/langtvvla.com.ar\/wp-content\/uploads\/2026\/04\/1000148044-300x225.jpg 300w, https:\/\/langtvvla.com.ar\/wp-content\/uploads\/2026\/04\/1000148044-768x577.jpg 768w, https:\/\/langtvvla.com.ar\/wp-content\/uploads\/2026\/04\/1000148044-1536x1153.jpg 1536w, https:\/\/langtvvla.com.ar\/wp-content\/uploads\/2026\/04\/1000148044-2048x1538.jpg 2048w\" sizes=\"auto, (max-width: 1024px) 100vw, 1024px\" \/><\/figure>\n\n\n\n<p><strong>Luego se present\u00f3, hablando de su familia (esposo hace 19 a\u00f1os, 3 hijas\/os, 6 hermanas\/os), su formaci\u00f3n y trayectoria pol\u00edtica (abogada, concejal 4 a\u00f1os por Democracia Cristiana y diputada por 2 a\u00f1os)<\/strong><\/p>\n\n\n\n<p><strong>Hizo una peque\u00f1a disertaci\u00f3n de la situaci\u00f3n pol\u00edtica provincial hacia futuro y despu\u00e9s se abri\u00f3 espacio a que la gente pregunte.<\/strong><\/p>\n\n\n\n<figure class=\"wp-block-image size-large\"><img loading=\"lazy\" decoding=\"async\" width=\"1024\" height=\"769\" src=\"https:\/\/langtvvla.com.ar\/wp-content\/uploads\/2026\/04\/1000148088-1024x769.jpg\" alt=\"\" class=\"wp-image-11251\" srcset=\"https:\/\/langtvvla.com.ar\/wp-content\/uploads\/2026\/04\/1000148088-1024x769.jpg 1024w, https:\/\/langtvvla.com.ar\/wp-content\/uploads\/2026\/04\/1000148088-300x225.jpg 300w, https:\/\/langtvvla.com.ar\/wp-content\/uploads\/2026\/04\/1000148088-768x577.jpg 768w, https:\/\/langtvvla.com.ar\/wp-content\/uploads\/2026\/04\/1000148088-1536x1153.jpg 1536w, https:\/\/langtvvla.com.ar\/wp-content\/uploads\/2026\/04\/1000148088-2048x1538.jpg 2048w\" sizes=\"auto, (max-width: 1024px) 100vw, 1024px\" \/><\/figure>\n\n\n\n<p><strong>Hubo mucho enfoque sobre las posibilidades de activar pol\u00edticas para la localidad m\u00e1s all\u00e1 de si los libertarios no ganan la gobernaci\u00f3n de Neuqu\u00e9n.<\/strong><\/p>\n\n\n\n<p><strong>Lamentablemente la respuesta fue que \u00abNo hay localidad sin Neuqu\u00e9n, no s\u00f3lo por lo electoral, no sirve ganar municipios sin ganar provincia, no tienen capacidad econ\u00f3mica, se depende del gobernador\u00bb.<\/strong><\/p>\n\n\n\n<figure class=\"wp-block-image size-large\"><img loading=\"lazy\" decoding=\"async\" width=\"1024\" height=\"769\" src=\"https:\/\/langtvvla.com.ar\/wp-content\/uploads\/2026\/04\/1000148089-1024x769.jpg\" alt=\"\" class=\"wp-image-11250\" srcset=\"https:\/\/langtvvla.com.ar\/wp-content\/uploads\/2026\/04\/1000148089-1024x769.jpg 1024w, https:\/\/langtvvla.com.ar\/wp-content\/uploads\/2026\/04\/1000148089-300x225.jpg 300w, https:\/\/langtvvla.com.ar\/wp-content\/uploads\/2026\/04\/1000148089-768x577.jpg 768w, https:\/\/langtvvla.com.ar\/wp-content\/uploads\/2026\/04\/1000148089-1536x1153.jpg 1536w, https:\/\/langtvvla.com.ar\/wp-content\/uploads\/2026\/04\/1000148089-2048x1538.jpg 2048w\" sizes=\"auto, (max-width: 1024px) 100vw, 1024px\" \/><\/figure>\n\n\n\n<p><strong>Respecto a la finalizaci\u00f3n de la circunvalaci\u00f3n coment\u00f3 que estuvo en contacto con personal directivo de Vialidad Nacional para reactivar la situaci\u00f3n y buscar soluciones.<\/strong><\/p>\n\n\n\n<p><strong>Un tema muy \u00e1lgido que se le consult\u00f3 fue por el enfrentamiento que existe con el periodismo. La imagen que tiene la senadora de los medios (por experiencias vividas) es muy negativa, b\u00e1sicamente que son un factor de poder m\u00e1s, que no les interesa informar sucesos, sino \u00aboperar\u00bb a favor o en contra, seg\u00fan intereses y que muchos est\u00e1n \u00abpautados\u00bb, con lo cual su honestidad comunicacional deja mucho que desear. Es as\u00ed que sentenci\u00f3 que al llegar a la gobernaci\u00f3n se terminar\u00eda la pauta.<\/strong><\/p>\n\n\n\n<figure class=\"wp-block-image size-large\"><img loading=\"lazy\" decoding=\"async\" width=\"769\" height=\"1024\" src=\"https:\/\/langtvvla.com.ar\/wp-content\/uploads\/2026\/04\/1000148043-769x1024.jpg\" alt=\"\" class=\"wp-image-11254\" srcset=\"https:\/\/langtvvla.com.ar\/wp-content\/uploads\/2026\/04\/1000148043-769x1024.jpg 769w, https:\/\/langtvvla.com.ar\/wp-content\/uploads\/2026\/04\/1000148043-225x300.jpg 225w, https:\/\/langtvvla.com.ar\/wp-content\/uploads\/2026\/04\/1000148043-768x1023.jpg 768w, https:\/\/langtvvla.com.ar\/wp-content\/uploads\/2026\/04\/1000148043-1153x1536.jpg 1153w, https:\/\/langtvvla.com.ar\/wp-content\/uploads\/2026\/04\/1000148043-1538x2048.jpg 1538w, https:\/\/langtvvla.com.ar\/wp-content\/uploads\/2026\/04\/1000148043-scaled.jpg 1922w\" sizes=\"auto, (max-width: 769px) 100vw, 769px\" \/><\/figure>\n\n\n\n<p><strong>Sobre las elecciones de 2027 opin\u00f3 que \u00abEs dif\u00edcil ganar la gobernaci\u00f3n porque no se conocen los candidatos a\u00fan\u00bb y que lo relevante primero es concientizar para abril (gobernaci\u00f3n) y luego septiembre (intendencia).<\/strong><\/p>\n\n\n\n<p><strong>Algunas definiciones:<\/strong><\/p>\n\n\n\n<p><strong>\u00abTenemos la vocaci\u00f3n de cambiar las cosas, somos los \u00fanicos\u00bb.<\/strong><\/p>\n\n\n\n<p><strong>\u00abLa gente cambi\u00f3, aprendi\u00f3, hay expectativas, si al gobierno nacional le sigue yendo bien y al provincial mal hay posibilidad\u00bb<\/strong><\/p>\n\n\n\n<figure class=\"wp-block-image size-large\"><img loading=\"lazy\" decoding=\"async\" width=\"1024\" height=\"769\" src=\"https:\/\/langtvvla.com.ar\/wp-content\/uploads\/2026\/04\/1000148090-1024x769.jpg\" alt=\"\" class=\"wp-image-11249\" srcset=\"https:\/\/langtvvla.com.ar\/wp-content\/uploads\/2026\/04\/1000148090-1024x769.jpg 1024w, https:\/\/langtvvla.com.ar\/wp-content\/uploads\/2026\/04\/1000148090-300x225.jpg 300w, https:\/\/langtvvla.com.ar\/wp-content\/uploads\/2026\/04\/1000148090-768x577.jpg 768w, https:\/\/langtvvla.com.ar\/wp-content\/uploads\/2026\/04\/1000148090-1536x1153.jpg 1536w, https:\/\/langtvvla.com.ar\/wp-content\/uploads\/2026\/04\/1000148090-2048x1538.jpg 2048w\" sizes=\"auto, (max-width: 1024px) 100vw, 1024px\" \/><\/figure>\n\n\n\n<p><strong>\u00abLa ciudadan\u00eda est\u00e1 decepcionada con Rolo, quiere un cambio, nuestras propuestas son en base a ideas, no candidatos, achicar el Estado, que no se meta m\u00e1s en la vida de la gente, que retroceda\u00bb.<\/strong><\/p>\n\n\n\n<p><strong>Acompa\u00f1ada \u00fanicamente por su esposo y la vicepresidenta de LLA Neuqu\u00e9n Alejandra Durdos, dej\u00f3 una \u00faltima frase \u00abEl candidato a la Intendencia de Angostura no ser\u00e1 por internas, tenemos que ir unidos\u00bb. Un claro mensaje, interpretamos desde LANG TV, a las diferentes corrientes libertarias que actualmente co existen en la localidad y que, de llegar a ir divididas, le facilitar\u00edan la reelecci\u00f3n a Comunidad. El futuro dir\u00e1.<\/strong><\/p>\n\n\n\n<figure class=\"wp-block-image size-large\"><img loading=\"lazy\" decoding=\"async\" width=\"769\" height=\"1024\" src=\"https:\/\/langtvvla.com.ar\/wp-content\/uploads\/2026\/04\/1000148042-769x1024.jpg\" alt=\"\" class=\"wp-image-11253\" srcset=\"https:\/\/langtvvla.com.ar\/wp-content\/uploads\/2026\/04\/1000148042-769x1024.jpg 769w, https:\/\/langtvvla.com.ar\/wp-content\/uploads\/2026\/04\/1000148042-225x300.jpg 225w, https:\/\/langtvvla.com.ar\/wp-content\/uploads\/2026\/04\/1000148042-768x1023.jpg 768w, https:\/\/langtvvla.com.ar\/wp-content\/uploads\/2026\/04\/1000148042-1153x1536.jpg 1153w, https:\/\/langtvvla.com.ar\/wp-content\/uploads\/2026\/04\/1000148042-1538x2048.jpg 1538w, https:\/\/langtvvla.com.ar\/wp-content\/uploads\/2026\/04\/1000148042-scaled.jpg 1922w\" sizes=\"auto, (max-width: 769px) 100vw, 769px\" \/><\/figure>\n","protected":false},"excerpt":{"rendered":"<p>Este s\u00e1bado 25 de abril, a 6 meses de haber ganado las elecciones al Senado por Neuqu\u00e9n, la libertaria Nadia M\u00e1rquez visit\u00f3 Angostura. En el acto, a sal\u00f3n lleno, con la presencia de mucha dirigencia local como la concejal Vidal de JXLL y el presidente Jos\u00e9 Dino, integrantes hist\u00f3ricos del Pro como N\u00e9stor Payllalef y [&hellip;]<\/p>\n","protected":false},"author":1,"featured_media":11255,"comment_status":"open","ping_status":"open","sticky":false,"template":"","format":"standard","meta":{"footnotes":""},"categories":[28],"tags":[],"class_list":["post-11248","post","type-post","status-publish","format-standard","has-post-thumbnail","hentry","category-politica"],"_links":{"self":[{"href":"https:\/\/langtvvla.com.ar\/index.php\/wp-json\/wp\/v2\/posts\/11248","targetHints":{"allow":["GET"]}}],"collection":[{"href":"https:\/\/langtvvla.com.ar\/index.php\/wp-json\/wp\/v2\/posts"}],"about":[{"href":"https:\/\/langtvvla.com.ar\/index.php\/wp-json\/wp\/v2\/types\/post"}],"author":[{"embeddable":true,"href":"https:\/\/langtvvla.com.ar\/index.php\/wp-json\/wp\/v2\/users\/1"}],"replies":[{"embeddable":true,"href":"https:\/\/langtvvla.com.ar\/index.php\/wp-json\/wp\/v2\/comments?post=11248"}],"version-history":[{"count":7,"href":"https:\/\/langtvvla.com.ar\/index.php\/wp-json\/wp\/v2\/posts\/11248\/revisions"}],"predecessor-version":[{"id":11265,"href":"https:\/\/langtvvla.com.ar\/index.php\/wp-json\/wp\/v2\/posts\/11248\/revisions\/11265"}],"wp:featuredmedia":[{"embeddable":true,"href":"https:\/\/langtvvla.com.ar\/index.php\/wp-json\/wp\/v2\/media\/11255"}],"wp:attachment":[{"href":"https:\/\/langtvvla.com.ar\/index.php\/wp-json\/wp\/v2\/media?parent=11248"}],"wp:term":[{"taxonomy":"category","embeddable":true,"href":"https:\/\/langtvvla.com.ar\/index.php\/wp-json\/wp\/v2\/categories?post=11248"},{"taxonomy":"post_tag","embeddable":true,"href":"https:\/\/langtvvla.com.ar\/index.php\/wp-json\/wp\/v2\/tags?post=11248"}],"curies":[{"name":"wp","href":"https:\/\/api.w.org\/{rel}","templated":true}]}}