{"id":11287,"date":"2026-04-27T17:14:15","date_gmt":"2026-04-27T15:14:15","guid":{"rendered":"https:\/\/langtvvla.com.ar\/?p=11287"},"modified":"2026-04-27T17:26:16","modified_gmt":"2026-04-27T15:26:16","slug":"deportes-finde-a-puro-enduro-solari-ganador-en-pilcaniyeu-detry-smith-y-martino-podios-en-rincon","status":"publish","type":"post","link":"https:\/\/langtvvla.com.ar\/index.php\/2026\/04\/27\/deportes-finde-a-puro-enduro-solari-ganador-en-pilcaniyeu-detry-smith-y-martino-podios-en-rincon\/","title":{"rendered":"DEPORTES: FINDE A PURO ENDURO, SOLARI GANADOR EN PILCANIYEU, DETRY SMITH Y MARTINO PODIOS EN RINCON"},"content":{"rendered":"\n<figure class=\"wp-block-image size-full\"><img loading=\"lazy\" decoding=\"async\" width=\"225\" height=\"225\" src=\"https:\/\/langtvvla.com.ar\/wp-content\/uploads\/2026\/04\/1000148903.jpg\" alt=\"\" class=\"wp-image-11290\" srcset=\"https:\/\/langtvvla.com.ar\/wp-content\/uploads\/2026\/04\/1000148903.jpg 225w, https:\/\/langtvvla.com.ar\/wp-content\/uploads\/2026\/04\/1000148903-150x150.jpg 150w\" sizes=\"auto, (max-width: 225px) 100vw, 225px\" \/><\/figure>\n\n\n\n<p><strong>Este \u00faltimo fin de semana se vivi\u00f3 una jornada a puro enduro. Para los amantes de las 2 ruedas a motor la regi\u00f3n estuvo a pleno, dividida entre Neuqu\u00e9n y R\u00edo Negro, donde varios angosturenses tuvieron una destacada actuaci\u00f3n.<\/strong><\/p>\n\n\n\n<figure class=\"wp-block-image size-large\"><img loading=\"lazy\" decoding=\"async\" width=\"877\" height=\"1024\" src=\"https:\/\/langtvvla.com.ar\/wp-content\/uploads\/2026\/04\/1000148926-877x1024.jpg\" alt=\"\" class=\"wp-image-11292\" srcset=\"https:\/\/langtvvla.com.ar\/wp-content\/uploads\/2026\/04\/1000148926-877x1024.jpg 877w, https:\/\/langtvvla.com.ar\/wp-content\/uploads\/2026\/04\/1000148926-257x300.jpg 257w, https:\/\/langtvvla.com.ar\/wp-content\/uploads\/2026\/04\/1000148926-768x897.jpg 768w, https:\/\/langtvvla.com.ar\/wp-content\/uploads\/2026\/04\/1000148926.jpg 985w\" sizes=\"auto, (max-width: 877px) 100vw, 877px\" \/><\/figure>\n\n\n\n<p><strong>En Pilcaniyeu se corri\u00f3 la 2da fecha del Enduro L\u00ednea Sur, donde el angosturense Francisco Solari se impuso en M\u00e1ster B con 2:29::06, en tanto Gonzalo Solari lleg\u00f3 4to a 4 segundos (!!!) del 3ro, en Junior.<\/strong><\/p>\n\n\n\n<figure class=\"wp-block-image size-full\"><img loading=\"lazy\" decoding=\"async\" width=\"399\" height=\"501\" src=\"https:\/\/langtvvla.com.ar\/wp-content\/uploads\/2026\/04\/1000148904.jpg\" alt=\"\" class=\"wp-image-11293\" srcset=\"https:\/\/langtvvla.com.ar\/wp-content\/uploads\/2026\/04\/1000148904.jpg 399w, https:\/\/langtvvla.com.ar\/wp-content\/uploads\/2026\/04\/1000148904-239x300.jpg 239w\" sizes=\"auto, (max-width: 399px) 100vw, 399px\" \/><\/figure>\n\n\n\n<p><strong>Mientras en Rinc\u00f3n de los Sauces hubo 2 competencias, la 2da del Enduro APE y de la CONAE (Comisi\u00f3n Nacional de Enduro),\u00a0el argentino.<\/strong><\/p>\n\n\n\n<figure class=\"wp-block-image size-large\"><img loading=\"lazy\" decoding=\"async\" width=\"671\" height=\"1024\" src=\"https:\/\/langtvvla.com.ar\/wp-content\/uploads\/2026\/04\/1000148927-671x1024.jpg\" alt=\"\" class=\"wp-image-11294\" srcset=\"https:\/\/langtvvla.com.ar\/wp-content\/uploads\/2026\/04\/1000148927-671x1024.jpg 671w, https:\/\/langtvvla.com.ar\/wp-content\/uploads\/2026\/04\/1000148927-196x300.jpg 196w, https:\/\/langtvvla.com.ar\/wp-content\/uploads\/2026\/04\/1000148927-768x1173.jpg 768w, https:\/\/langtvvla.com.ar\/wp-content\/uploads\/2026\/04\/1000148927-1006x1536.jpg 1006w, https:\/\/langtvvla.com.ar\/wp-content\/uploads\/2026\/04\/1000148927.jpg 1080w\" sizes=\"auto, (max-width: 671px) 100vw, 671px\" \/><\/figure>\n\n\n\n<p><strong>En el APE brill\u00f3 Leo Martino con KTM en M\u00e1ster B, 3ro con 1:02:46 a 37 segundos del ganador, C\u00e9sar Hern\u00e1ndez de Cutral Co.<\/strong><\/p>\n\n\n\n<p><strong>En M\u00e1ster A particip\u00f3 Mat\u00edas Ortes con Husqvarna, que termin\u00f3 9no, con 1:08:22 a 8 minutos del podio.<\/strong><\/p>\n\n\n\n<figure class=\"wp-block-image size-full\"><img loading=\"lazy\" decoding=\"async\" width=\"399\" height=\"405\" src=\"https:\/\/langtvvla.com.ar\/wp-content\/uploads\/2026\/04\/1000148921.jpg\" alt=\"\" class=\"wp-image-11296\" srcset=\"https:\/\/langtvvla.com.ar\/wp-content\/uploads\/2026\/04\/1000148921.jpg 399w, https:\/\/langtvvla.com.ar\/wp-content\/uploads\/2026\/04\/1000148921-296x300.jpg 296w\" sizes=\"auto, (max-width: 399px) 100vw, 399px\" \/><\/figure>\n\n\n\n<p><strong>El destacado fue Amadeo Detry Smith con Sherco, 3ro en Junior A, con 1:14:42 a 4 minutos del ganador, el barilochense Manu Maier. Sin embargo fue el \u00fanico de los nuestros en participar del argentino, donde obrtuvo un meritorio 7mo lugar, a casi 8 minutos del ganador, el juje\u00f1o Manuel Quintar y 5 del podio<\/strong>.<\/p>\n\n\n\n<figure class=\"wp-block-image size-large\"><img loading=\"lazy\" decoding=\"async\" width=\"1024\" height=\"973\" src=\"https:\/\/langtvvla.com.ar\/wp-content\/uploads\/2026\/04\/1000148920-1024x973.jpg\" alt=\"\" class=\"wp-image-11295\" srcset=\"https:\/\/langtvvla.com.ar\/wp-content\/uploads\/2026\/04\/1000148920-1024x973.jpg 1024w, https:\/\/langtvvla.com.ar\/wp-content\/uploads\/2026\/04\/1000148920-300x285.jpg 300w, https:\/\/langtvvla.com.ar\/wp-content\/uploads\/2026\/04\/1000148920-768x730.jpg 768w, https:\/\/langtvvla.com.ar\/wp-content\/uploads\/2026\/04\/1000148920.jpg 1080w\" sizes=\"auto, (max-width: 1024px) 100vw, 1024px\" \/><\/figure>\n\n\n\n<p><strong>CREDITOS FOTOS: REDES<\/strong><\/p>\n","protected":false},"excerpt":{"rendered":"<p>Este \u00faltimo fin de semana se vivi\u00f3 una jornada a puro enduro. Para los amantes de las 2 ruedas a motor la regi\u00f3n estuvo a pleno, dividida entre Neuqu\u00e9n y R\u00edo Negro, donde varios angosturenses tuvieron una destacada actuaci\u00f3n. En Pilcaniyeu se corri\u00f3 la 2da fecha del Enduro L\u00ednea Sur, donde el angosturense Francisco Solari [&hellip;]<\/p>\n","protected":false},"author":1,"featured_media":11289,"comment_status":"open","ping_status":"open","sticky":false,"template":"","format":"standard","meta":{"footnotes":""},"categories":[18],"tags":[],"class_list":["post-11287","post","type-post","status-publish","format-standard","has-post-thumbnail","hentry","category-deportes"],"_links":{"self":[{"href":"https:\/\/langtvvla.com.ar\/index.php\/wp-json\/wp\/v2\/posts\/11287","targetHints":{"allow":["GET"]}}],"collection":[{"href":"https:\/\/langtvvla.com.ar\/index.php\/wp-json\/wp\/v2\/posts"}],"about":[{"href":"https:\/\/langtvvla.com.ar\/index.php\/wp-json\/wp\/v2\/types\/post"}],"author":[{"embeddable":true,"href":"https:\/\/langtvvla.com.ar\/index.php\/wp-json\/wp\/v2\/users\/1"}],"replies":[{"embeddable":true,"href":"https:\/\/langtvvla.com.ar\/index.php\/wp-json\/wp\/v2\/comments?post=11287"}],"version-history":[{"count":4,"href":"https:\/\/langtvvla.com.ar\/index.php\/wp-json\/wp\/v2\/posts\/11287\/revisions"}],"predecessor-version":[{"id":11300,"href":"https:\/\/langtvvla.com.ar\/index.php\/wp-json\/wp\/v2\/posts\/11287\/revisions\/11300"}],"wp:featuredmedia":[{"embeddable":true,"href":"https:\/\/langtvvla.com.ar\/index.php\/wp-json\/wp\/v2\/media\/11289"}],"wp:attachment":[{"href":"https:\/\/langtvvla.com.ar\/index.php\/wp-json\/wp\/v2\/media?parent=11287"}],"wp:term":[{"taxonomy":"category","embeddable":true,"href":"https:\/\/langtvvla.com.ar\/index.php\/wp-json\/wp\/v2\/categories?post=11287"},{"taxonomy":"post_tag","embeddable":true,"href":"https:\/\/langtvvla.com.ar\/index.php\/wp-json\/wp\/v2\/tags?post=11287"}],"curies":[{"name":"wp","href":"https:\/\/api.w.org\/{rel}","templated":true}]}}