{"id":11308,"date":"2026-04-29T18:42:23","date_gmt":"2026-04-29T16:42:23","guid":{"rendered":"https:\/\/langtvvla.com.ar\/?p=11308"},"modified":"2026-04-29T18:57:10","modified_gmt":"2026-04-29T16:57:10","slug":"politica-escandalo-reclamos-de-transito-culpas-cruzadas-paros-y-yrabajo-suspende-negociacion-cct","status":"publish","type":"post","link":"https:\/\/langtvvla.com.ar\/index.php\/2026\/04\/29\/politica-escandalo-reclamos-de-transito-culpas-cruzadas-paros-y-yrabajo-suspende-negociacion-cct\/","title":{"rendered":"POLITICA: ESCANDALO, RECLAMOS DE TRANSITO, CULPAS CRUZADAS, PAROS Y TRABAJO SUSPENDIO NEGOCIACION CCT"},"content":{"rendered":"\n<div data-wp-interactive=\"core\/file\" class=\"wp-block-file\"><object data-wp-bind--hidden=\"!state.hasPdfPreview\" hidden class=\"wp-block-file__embed\" data=\"https:\/\/langtvvla.com.ar\/wp-content\/uploads\/2026\/04\/RS-2026-01352915-NEU-STRABMTDL.pdf\" type=\"application\/pdf\" style=\"width:100%;height:600px\" aria-label=\"Incrustado de RS-2026-01352915-NEU-STRAB%MTDL.\"><\/object><a id=\"wp-block-file--media-40c24d01-cd2e-4265-bdda-4952ccd2a870\" href=\"https:\/\/langtvvla.com.ar\/wp-content\/uploads\/2026\/04\/RS-2026-01352915-NEU-STRABMTDL.pdf\">RS-2026-01352915-NEU-STRAB%MTDL<\/a><a href=\"https:\/\/langtvvla.com.ar\/wp-content\/uploads\/2026\/04\/RS-2026-01352915-NEU-STRABMTDL.pdf\" class=\"wp-block-file__button wp-element-button\" download aria-describedby=\"wp-block-file--media-40c24d01-cd2e-4265-bdda-4952ccd2a870\">Descarga<\/a><\/div>\n\n\n\n<p><strong>Este mi\u00e9rcoles 29, luego que ATE present\u00f3 nota informando que comenzaron medidas de fuerza por falta de respuesta a entrega de material en \u00e1rea Tr\u00e1nsito y Servicios P\u00fablicos, la Secretaria de Trabajo de Neuqu\u00e9n decret\u00f3 la suspensi\u00f3n de la negociaci\u00f3n del Convenio Colectivo de Trabajo, que se estaba desarrollando.<\/strong><\/p>\n\n\n\n<p><strong>La situaci\u00f3n es compleja y por momentos casi ca\u00f3tica, dadas las varias y dis\u00edmiles versiones sobre lo sucedido.<\/strong><\/p>\n\n\n\n<p><strong>Empleados que reclaman en el Municipio , donde se les habr\u00eda informado que la no entrega de materiales de trabajo se debe a que el Concejo Deliberante tiene \u00abtrabado\u00bb el tema, otras versiones se\u00f1alan a la Auditor\u00eda (que por cierto tiene \u00abdormidos\u00bb decena de contratos de trabajadores todav\u00eda, claro, all\u00ed no se preocupan demasiado por la demora porque deben de cobrar del 1 al 5 todos los meses, sin importar si su tarea es eficiente o deja mucho que desear), hasta incluso que los pedidos fueron mal hechos e incluyen objetos que no los debe pedir Tr\u00e1nsito o que hay solicitudes en exceso de cantidad.<\/strong><\/p>\n\n\n\n<p><strong>La m\u00e1s firme de todas tendr\u00eda como protagonistas a la Auditor\u00eda y la COM, ya que le habr\u00eda indicado a Murer que la compra directa sobrepasaba sus dos sueldos, ello demor\u00f3 la presentaci\u00f3n del pliego del concurso de precios y su aprobaci\u00f3n por la Auditor\u00eda.<\/strong><\/p>\n\n\n\n<p><strong>Habr\u00e1 que esperar la respuesta de ATE y c\u00f3mo contin\u00faa el asunto.<\/strong><\/p>\n\n\n\n<p><strong>CREDITO FOTO WEB<\/strong><\/p>\n","protected":false},"excerpt":{"rendered":"<p>Este mi\u00e9rcoles 29, luego que ATE present\u00f3 nota informando que comenzaron medidas de fuerza por falta de respuesta a entrega de material en \u00e1rea Tr\u00e1nsito y Servicios P\u00fablicos, la Secretaria de Trabajo de Neuqu\u00e9n decret\u00f3 la suspensi\u00f3n de la negociaci\u00f3n del Convenio Colectivo de Trabajo, que se estaba desarrollando. La situaci\u00f3n es compleja y por [&hellip;]<\/p>\n","protected":false},"author":1,"featured_media":11313,"comment_status":"open","ping_status":"open","sticky":false,"template":"","format":"standard","meta":{"footnotes":""},"categories":[28],"tags":[],"class_list":["post-11308","post","type-post","status-publish","format-standard","has-post-thumbnail","hentry","category-politica"],"_links":{"self":[{"href":"https:\/\/langtvvla.com.ar\/index.php\/wp-json\/wp\/v2\/posts\/11308","targetHints":{"allow":["GET"]}}],"collection":[{"href":"https:\/\/langtvvla.com.ar\/index.php\/wp-json\/wp\/v2\/posts"}],"about":[{"href":"https:\/\/langtvvla.com.ar\/index.php\/wp-json\/wp\/v2\/types\/post"}],"author":[{"embeddable":true,"href":"https:\/\/langtvvla.com.ar\/index.php\/wp-json\/wp\/v2\/users\/1"}],"replies":[{"embeddable":true,"href":"https:\/\/langtvvla.com.ar\/index.php\/wp-json\/wp\/v2\/comments?post=11308"}],"version-history":[{"count":3,"href":"https:\/\/langtvvla.com.ar\/index.php\/wp-json\/wp\/v2\/posts\/11308\/revisions"}],"predecessor-version":[{"id":11315,"href":"https:\/\/langtvvla.com.ar\/index.php\/wp-json\/wp\/v2\/posts\/11308\/revisions\/11315"}],"wp:featuredmedia":[{"embeddable":true,"href":"https:\/\/langtvvla.com.ar\/index.php\/wp-json\/wp\/v2\/media\/11313"}],"wp:attachment":[{"href":"https:\/\/langtvvla.com.ar\/index.php\/wp-json\/wp\/v2\/media?parent=11308"}],"wp:term":[{"taxonomy":"category","embeddable":true,"href":"https:\/\/langtvvla.com.ar\/index.php\/wp-json\/wp\/v2\/categories?post=11308"},{"taxonomy":"post_tag","embeddable":true,"href":"https:\/\/langtvvla.com.ar\/index.php\/wp-json\/wp\/v2\/tags?post=11308"}],"curies":[{"name":"wp","href":"https:\/\/api.w.org\/{rel}","templated":true}]}}