{"id":11332,"date":"2026-04-30T18:56:05","date_gmt":"2026-04-30T16:56:05","guid":{"rendered":"https:\/\/langtvvla.com.ar\/?p=11332"},"modified":"2026-04-30T19:04:58","modified_gmt":"2026-04-30T17:04:58","slug":"seguridad-robo-centrico-otro-mas-y-van","status":"publish","type":"post","link":"https:\/\/langtvvla.com.ar\/index.php\/2026\/04\/30\/seguridad-robo-centrico-otro-mas-y-van\/","title":{"rendered":"SEGURIDAD: ROBO CENTRICO, OTRO MAS Y VAN&#8230;&#8230;"},"content":{"rendered":"\n<p><strong>Este fin de mes trajo la novedad de otro robo m\u00e1s, lamentablemente, en nuestra localidad, tambi\u00e9n centrico.<\/strong><\/p>\n\n\n\n<p><strong>Se trata de un local del rubro alimenticio, sobre calle Mutisias, donde ingres\u00f3 el ladr\u00f3n a medianoche con la cara cubierta y procedi\u00f3 a llevarse un equipo electr\u00f3nico y 60.000$ en efectivo.<\/strong><\/p>\n\n\n\n<p><strong>El propietario reconoci\u00f3 que en 12 a\u00f1os es la primera vez que le sucede y como otros comerciantes lamenta que el pueblo haya cambiado en este aspecto para mal.<\/strong><\/p>\n\n\n\n<p><strong>Ahora, ya no s\u00f3lo comercios, edificios gubernamentales y hasta domicilios no se salvan de los \u00abamigos\u00bb de lo ajeno.<\/strong><\/p>\n\n\n\n<p><strong>Un caso m\u00e1s y van&#8230;&#8230;&#8230;tristemente se pierde la cuenta. La polic\u00eda ya est\u00e1 trabajando, ojal\u00e1 lo atrapen pronto.<\/strong><\/p>\n\n\n\n<p><strong>CREDITO FOTO WEB<\/strong><\/p>\n","protected":false},"excerpt":{"rendered":"<p>Este fin de mes trajo la novedad de otro robo m\u00e1s, lamentablemente, en nuestra localidad, tambi\u00e9n centrico. Se trata de un local del rubro alimenticio, sobre calle Mutisias, donde ingres\u00f3 el ladr\u00f3n a medianoche con la cara cubierta y procedi\u00f3 a llevarse un equipo electr\u00f3nico y 60.000$ en efectivo. El propietario reconoci\u00f3 que en 12 [&hellip;]<\/p>\n","protected":false},"author":1,"featured_media":11333,"comment_status":"open","ping_status":"open","sticky":false,"template":"","format":"standard","meta":{"footnotes":""},"categories":[34,36],"tags":[],"class_list":["post-11332","post","type-post","status-publish","format-standard","has-post-thumbnail","hentry","category-seguridad","category-sociedad"],"_links":{"self":[{"href":"https:\/\/langtvvla.com.ar\/index.php\/wp-json\/wp\/v2\/posts\/11332","targetHints":{"allow":["GET"]}}],"collection":[{"href":"https:\/\/langtvvla.com.ar\/index.php\/wp-json\/wp\/v2\/posts"}],"about":[{"href":"https:\/\/langtvvla.com.ar\/index.php\/wp-json\/wp\/v2\/types\/post"}],"author":[{"embeddable":true,"href":"https:\/\/langtvvla.com.ar\/index.php\/wp-json\/wp\/v2\/users\/1"}],"replies":[{"embeddable":true,"href":"https:\/\/langtvvla.com.ar\/index.php\/wp-json\/wp\/v2\/comments?post=11332"}],"version-history":[{"count":3,"href":"https:\/\/langtvvla.com.ar\/index.php\/wp-json\/wp\/v2\/posts\/11332\/revisions"}],"predecessor-version":[{"id":11337,"href":"https:\/\/langtvvla.com.ar\/index.php\/wp-json\/wp\/v2\/posts\/11332\/revisions\/11337"}],"wp:featuredmedia":[{"embeddable":true,"href":"https:\/\/langtvvla.com.ar\/index.php\/wp-json\/wp\/v2\/media\/11333"}],"wp:attachment":[{"href":"https:\/\/langtvvla.com.ar\/index.php\/wp-json\/wp\/v2\/media?parent=11332"}],"wp:term":[{"taxonomy":"category","embeddable":true,"href":"https:\/\/langtvvla.com.ar\/index.php\/wp-json\/wp\/v2\/categories?post=11332"},{"taxonomy":"post_tag","embeddable":true,"href":"https:\/\/langtvvla.com.ar\/index.php\/wp-json\/wp\/v2\/tags?post=11332"}],"curies":[{"name":"wp","href":"https:\/\/api.w.org\/{rel}","templated":true}]}}