{"id":11338,"date":"2026-04-30T19:39:02","date_gmt":"2026-04-30T17:39:02","guid":{"rendered":"https:\/\/langtvvla.com.ar\/?p=11338"},"modified":"2026-04-30T20:04:24","modified_gmt":"2026-04-30T18:04:24","slug":"justicia-vecinxs-piden-reabrir-denuncia-contra-funcionarios-por-escuelas","status":"publish","type":"post","link":"https:\/\/langtvvla.com.ar\/index.php\/2026\/04\/30\/justicia-vecinxs-piden-reabrir-denuncia-contra-funcionarios-por-escuelas\/","title":{"rendered":"JUSTICIA: VECINXS PIDEN REABRIR DENUNCIA CONTRA FUNCIONARIOS POR ESCUELAS"},"content":{"rendered":"\n<p><strong>El fin de abril trajo novedades, en este caso nos ocupamos del archivo de la denuncia penal contra Murer, funcionarios y concejales por la cesi\u00f3n del lote en CEF7 para construir 2 escuelas.<\/strong><\/p>\n\n\n\n<p><strong>Este jueves 30 se conoci\u00f3 que varixs vecinxs presentaron un pedido de revocaci\u00f3n al Fiscal Jefe Gast\u00f3n Avila, Circunscripci\u00f3n IV, zona sur de Neuqu\u00e9n y se reabra la denuncia o en caso, que se le aparte a De Lillo y nombren a otro en su lugar para actuar.<\/strong><\/p>\n\n\n\n<p><strong>Entre todas las cr\u00edticas la m\u00e1s fuerte es la acci\u00f3n o in-acci\u00f3n de De Lillo, que no produjo pruebas, ni llam\u00f3 a denunciados, menos medir da\u00f1o al medioambiente.<\/strong><\/p>\n\n\n\n<div class=\"wp-block-file\"><a id=\"wp-block-file--media-a3e3e47f-4398-4a61-9b48-323c5891ce9a\" href=\"https:\/\/langtvvla.com.ar\/wp-content\/uploads\/2026\/04\/2026.04.29-SOLICITA-REVISION-por-archivo.docx\">2026.04.29 SOLICITA REVISI\u00d3N por archivo<\/a><a href=\"https:\/\/langtvvla.com.ar\/wp-content\/uploads\/2026\/04\/2026.04.29-SOLICITA-REVISION-por-archivo.docx\" class=\"wp-block-file__button wp-element-button\" download aria-describedby=\"wp-block-file--media-a3e3e47f-4398-4a61-9b48-323c5891ce9a\">Descarga<\/a><\/div>\n\n\n\n<p><strong>CREDITO FOTO WEB<\/strong><\/p>\n","protected":false},"excerpt":{"rendered":"<p>El fin de abril trajo novedades, en este caso nos ocupamos del archivo de la denuncia penal contra Murer, funcionarios y concejales por la cesi\u00f3n del lote en CEF7 para construir 2 escuelas. Este jueves 30 se conoci\u00f3 que varixs vecinxs presentaron un pedido de revocaci\u00f3n al Fiscal Jefe Gast\u00f3n Avila, Circunscripci\u00f3n IV, zona sur [&hellip;]<\/p>\n","protected":false},"author":1,"featured_media":10671,"comment_status":"open","ping_status":"open","sticky":false,"template":"","format":"standard","meta":{"footnotes":""},"categories":[37,40],"tags":[],"class_list":["post-11338","post","type-post","status-publish","format-standard","has-post-thumbnail","hentry","category-educacion","category-justicia"],"_links":{"self":[{"href":"https:\/\/langtvvla.com.ar\/index.php\/wp-json\/wp\/v2\/posts\/11338","targetHints":{"allow":["GET"]}}],"collection":[{"href":"https:\/\/langtvvla.com.ar\/index.php\/wp-json\/wp\/v2\/posts"}],"about":[{"href":"https:\/\/langtvvla.com.ar\/index.php\/wp-json\/wp\/v2\/types\/post"}],"author":[{"embeddable":true,"href":"https:\/\/langtvvla.com.ar\/index.php\/wp-json\/wp\/v2\/users\/1"}],"replies":[{"embeddable":true,"href":"https:\/\/langtvvla.com.ar\/index.php\/wp-json\/wp\/v2\/comments?post=11338"}],"version-history":[{"count":9,"href":"https:\/\/langtvvla.com.ar\/index.php\/wp-json\/wp\/v2\/posts\/11338\/revisions"}],"predecessor-version":[{"id":11349,"href":"https:\/\/langtvvla.com.ar\/index.php\/wp-json\/wp\/v2\/posts\/11338\/revisions\/11349"}],"wp:featuredmedia":[{"embeddable":true,"href":"https:\/\/langtvvla.com.ar\/index.php\/wp-json\/wp\/v2\/media\/10671"}],"wp:attachment":[{"href":"https:\/\/langtvvla.com.ar\/index.php\/wp-json\/wp\/v2\/media?parent=11338"}],"wp:term":[{"taxonomy":"category","embeddable":true,"href":"https:\/\/langtvvla.com.ar\/index.php\/wp-json\/wp\/v2\/categories?post=11338"},{"taxonomy":"post_tag","embeddable":true,"href":"https:\/\/langtvvla.com.ar\/index.php\/wp-json\/wp\/v2\/tags?post=11338"}],"curies":[{"name":"wp","href":"https:\/\/api.w.org\/{rel}","templated":true}]}}