{"id":11350,"date":"2026-05-01T18:08:30","date_gmt":"2026-05-01T16:08:30","guid":{"rendered":"https:\/\/langtvvla.com.ar\/?p=11350"},"modified":"2026-05-01T19:24:37","modified_gmt":"2026-05-01T17:24:37","slug":"sociedad-1-de-mayo-dia-de-descanso-recuerdos-y-lucha","status":"publish","type":"post","link":"https:\/\/langtvvla.com.ar\/index.php\/2026\/05\/01\/sociedad-1-de-mayo-dia-de-descanso-recuerdos-y-lucha\/","title":{"rendered":"SOCIEDAD: 1 DE MAYO, DIA DE DESCANSO, RECUERDOS Y LUCHA"},"content":{"rendered":"\n<figure class=\"wp-block-image size-full\"><img loading=\"lazy\" decoding=\"async\" width=\"476\" height=\"446\" src=\"https:\/\/langtvvla.com.ar\/wp-content\/uploads\/2026\/05\/arton92538.jpg\" alt=\"\" class=\"wp-image-11371\" srcset=\"https:\/\/langtvvla.com.ar\/wp-content\/uploads\/2026\/05\/arton92538.jpg 476w, https:\/\/langtvvla.com.ar\/wp-content\/uploads\/2026\/05\/arton92538-300x281.jpg 300w\" sizes=\"auto, (max-width: 476px) 100vw, 476px\" \/><\/figure>\n\n\n\n<p><strong>El&nbsp;D\u00eda Internacional de los Trabajadores&nbsp;o&nbsp;Primero de Mayo&nbsp;es la celebraci\u00f3n por parte de las centrales sindicales de quienes trabajan. En esta fecha se recuerdan las luchas, conquistas y se reclama por mejoras laborales. Es feriado en gran parte del planeta, excepto pa\u00edses de habla inglesa y un pu\u00f1ado m\u00e1s, que buscan evitar la organizaci\u00f3n obrera, borrando el recuerdo de ese d\u00eda en particular.<\/strong><\/p>\n\n\n\n<p><strong><mark style=\"background-color:rgba(0, 0, 0, 0);color:#cf2e2e\" class=\"has-inline-color\">PORQUE ES UN 1 DE MAYO<\/mark><\/strong><\/p>\n\n\n\n<p><strong>Se estableci\u00f3 por el Congreso de la Segunda Internacional en 1889, homenajeando a los m\u00e1rtires de Chicago, trabajadores anarquistas ejecutados en USA, tras un juicio arreglado, acusados de matar a un polic\u00eda en un disturbio.<\/strong><\/p>\n\n\n\n<p><strong>El 1 de mayo de 1886 hubo 200.000 trabajadores en huelga para conseguir una jornada laboral que no superara las 8 horas (8 de descanso y 8 de ocio). En Chicago continuaron los reclamos, pues no se hab\u00eda conseguido lo pedido.<\/strong><\/p>\n\n\n\n<p><strong>El 3 de mayo, en una f\u00e1brica de m\u00e1quinas que produc\u00eda con personal contratado de emergencia, hubo disturbios en la calle entre contratados y huelguistas y la polic\u00eda dispar\u00f3, matando a 6 personas e hiriendo a decenas.<\/strong><\/p>\n\n\n\n<p><strong>En repudio se llam\u00f3 a un mitin al d\u00eda siguiente en la plaza Haymarket. Se reunieron 20.000 personas, de repente aparece la polic\u00eda armada con fusiles apuntando a la muchedumbre, pero alguien (nunca se le identific\u00f3) arroja un explosivo, fallece un agente y varios son heridos. Los uniformados abrieron fuego, matando a 38 personas e hiriendo a 200.<\/strong><\/p>\n\n\n\n<figure class=\"wp-block-image size-full\"><img loading=\"lazy\" decoding=\"async\" width=\"670\" height=\"458\" src=\"https:\/\/langtvvla.com.ar\/wp-content\/uploads\/2026\/05\/images-12.jpeg\" alt=\"\" class=\"wp-image-11372\" srcset=\"https:\/\/langtvvla.com.ar\/wp-content\/uploads\/2026\/05\/images-12.jpeg 670w, https:\/\/langtvvla.com.ar\/wp-content\/uploads\/2026\/05\/images-12-300x205.jpeg 300w\" sizes=\"auto, (max-width: 670px) 100vw, 670px\" \/><\/figure>\n\n\n\n<p><strong>El 21 de junio de 1886, se inici\u00f3 el juicio contra 31 responsables, que luego quedaron en 8. Las irregularidades convirtieron al proceso en una farsa, finalmente se les declar\u00f3 culpables, 3 a prisi\u00f3n y 5 a la horca.<\/strong><\/p>\n\n\n\n<p><strong>Penas:<\/strong><\/p>\n\n\n\n<p><strong>Samuel Fielden, ingl\u00e9s, 39 a\u00f1os, pastor metodista&nbsp;y obrero textil, perpetua.<\/strong><\/p>\n\n\n\n<p><strong>Oscar Neebe, estadounidense, 36 a\u00f1os, vendedor, 15 a\u00f1os de trabajos forzados.<\/strong><\/p>\n\n\n\n<p><strong>Michael Schwab: alem\u00e1n, 33 a\u00f1os, tip\u00f3grafo, perpetua.<\/strong><\/p>\n\n\n\n<p><strong>A muerte:<\/strong><\/p>\n\n\n\n<p><strong>George Engel, alem\u00e1n, 50 a\u00f1os, tipografo<\/strong><\/p>\n\n\n\n<p><strong>Adolph Fischer: alem\u00e1n, 30 a\u00f1os, periodista.<\/strong><\/p>\n\n\n\n<p><strong>Albert Parsons, estadounidense, 39 a\u00f1os, periodista.<\/strong><\/p>\n\n\n\n<p><strong>Augusto Spies, alem\u00e1n, 31 a\u00f1os, periodista<\/strong><\/p>\n\n\n\n<p><strong>Louis Lingg, alem\u00e1n, 22 a\u00f1os, carpintero<\/strong><\/p>\n\n\n\n<figure class=\"wp-block-image size-large\"><img loading=\"lazy\" decoding=\"async\" width=\"1024\" height=\"857\" src=\"https:\/\/langtvvla.com.ar\/wp-content\/uploads\/2026\/05\/JVMPHADRFZGVBOY2XLBKTF5HIY-1024x857.jpg\" alt=\"\" class=\"wp-image-11373\" srcset=\"https:\/\/langtvvla.com.ar\/wp-content\/uploads\/2026\/05\/JVMPHADRFZGVBOY2XLBKTF5HIY-1024x857.jpg 1024w, https:\/\/langtvvla.com.ar\/wp-content\/uploads\/2026\/05\/JVMPHADRFZGVBOY2XLBKTF5HIY-300x251.jpg 300w, https:\/\/langtvvla.com.ar\/wp-content\/uploads\/2026\/05\/JVMPHADRFZGVBOY2XLBKTF5HIY-768x643.jpg 768w, https:\/\/langtvvla.com.ar\/wp-content\/uploads\/2026\/05\/JVMPHADRFZGVBOY2XLBKTF5HIY-1536x1286.jpg 1536w, https:\/\/langtvvla.com.ar\/wp-content\/uploads\/2026\/05\/JVMPHADRFZGVBOY2XLBKTF5HIY.jpg 1920w\" sizes=\"auto, (max-width: 1024px) 100vw, 1024px\" \/><\/figure>\n\n\n\n<p id=\"mwjA\"><strong>Las condenas fueron ejecutadas el 11 de noviembre de 1887<\/strong>.<\/p>\n\n\n\n<p><strong>A finales de mayo de 1886 varios sectores patronales accedieron a otorgar la jornada de 8 horas a miles de obreros.&nbsp;<\/strong><\/p>\n\n\n\n<p><strong>Tras los sucesos la Segunda Internacional dio un gran impulso para convertir el 1.\u00ba de mayo en un d\u00eda de homenaje, reivindicando simult\u00e1neamente la reducci\u00f3n a 8 horas la jornada laboral. En todo el mundo las organizaciones sindicales les imitaron, lo cual se logr\u00f3 paulatinamente en la mayor\u00eda de pa\u00edses.<\/strong><\/p>\n\n\n\n<p><strong>Tras la&nbsp;Segunda Guerra y la adopci\u00f3n del socialismo en Europa y Asia, y m\u00e1s tarde en \u00c1frica y Am\u00e9rica, hubo un nuevo impulso al D\u00eda Internacional de los Trabajadores. El 1 de Mayo se convirti\u00f3 durante la segunda mitad del&nbsp;siglo&nbsp;XX&nbsp;en un d\u00eda de grandes celebraciones oficiales, manifestaciones populares.<\/strong><\/p>\n\n\n\n<figure class=\"wp-block-image size-full\"><img loading=\"lazy\" decoding=\"async\" width=\"365\" height=\"547\" src=\"https:\/\/langtvvla.com.ar\/wp-content\/uploads\/2026\/05\/images-26.jpeg\" alt=\"\" class=\"wp-image-11369\" srcset=\"https:\/\/langtvvla.com.ar\/wp-content\/uploads\/2026\/05\/images-26.jpeg 365w, https:\/\/langtvvla.com.ar\/wp-content\/uploads\/2026\/05\/images-26-200x300.jpeg 200w\" sizes=\"auto, (max-width: 365px) 100vw, 365px\" \/><\/figure>\n\n\n\n<p><strong><mark style=\"background-color:rgba(0, 0, 0, 0);color:#cf2e2e\" class=\"has-inline-color\">LA ACTUALIDAD ARGENTINA<\/mark><\/strong><\/p>\n\n\n\n<p><strong>Hoy en nuestro pa\u00eds se viven momentos muy dif\u00edcies en el mundo de la producci\u00f3n y por consiguiente del trabajo<\/strong><\/p>\n\n\n\n<p><strong>Al 1 de mayo de 2026, el mercado laboral bajo el gobierno de Javier Milei muestra un panorama complejo, varios informes indican una ca\u00edda del empleo registrado en industrias cerca del 6% (estudio del CEPA, 276,624 entre noviembre 2023 y agosto 2025) y cierre de empresas (22,000).<\/strong><\/p>\n\n\n\n<figure class=\"wp-block-image size-full\"><img loading=\"lazy\" decoding=\"async\" width=\"527\" height=\"773\" src=\"https:\/\/langtvvla.com.ar\/wp-content\/uploads\/2026\/05\/multimedia.normal.ab489ad1ce59ad81.bm9ybWFsLndlYnA.webp\" alt=\"\" class=\"wp-image-11370\" srcset=\"https:\/\/langtvvla.com.ar\/wp-content\/uploads\/2026\/05\/multimedia.normal.ab489ad1ce59ad81.bm9ybWFsLndlYnA.webp 527w, https:\/\/langtvvla.com.ar\/wp-content\/uploads\/2026\/05\/multimedia.normal.ab489ad1ce59ad81.bm9ybWFsLndlYnA-205x300.webp 205w\" sizes=\"auto, (max-width: 527px) 100vw, 527px\" \/><\/figure>\n\n\n\n<p><strong>Cierres parciales o totales de algunas empresas: Textilcom, Canale, Fate, Alba, Imperial Cord,\u00a0Papelera Paysand\u00fa,\u00a0MAR maquinarias, FAPA, Fabio Hnos, Talleres Belgrano, Acer\u00edas Berisso, Danica, Chango M\u00e1s, SANCOR, Granja Tres Arroyos, Veronica, Diarco,\u00a0Copet\u00edn Gonzalo,\u00a0NRG, AVON,Textil R\u00edo Grande, Fabrisur.<\/strong><\/p>\n\n\n\n<p><strong>Multinacionales en retiro: salidas o ventas de operaciones de HSBC, Procter &amp; Gamble, Clorox, ExxonMobil, Xerox, ENAP, Fresenius Medical, Nutrien.<\/strong><\/p>\n\n\n\n<p><strong>Sectores Afectados: construcci\u00f3n ha sido uno de los sectores m\u00e1s golpeados, junto a textiles, comercio minorista, servicios de transporte y almacenamiento<\/strong>.<\/p>\n\n\n\n<p><strong>Empleo P\u00fablico: reducci\u00f3n de m\u00e1s de 67,000 personas. Informes de mayo 2026 reflejan una ca\u00edda interanual del 6,3% en la planta de empleados p\u00fablicos.<\/strong><\/p>\n\n\n\n<figure class=\"wp-block-image size-large\"><img loading=\"lazy\" decoding=\"async\" width=\"1024\" height=\"576\" src=\"https:\/\/langtvvla.com.ar\/wp-content\/uploads\/2026\/05\/2XCHNJ75BZGNDLXPHTOIHAZRSI-1024x576.jpeg\" alt=\"\" class=\"wp-image-11368\" srcset=\"https:\/\/langtvvla.com.ar\/wp-content\/uploads\/2026\/05\/2XCHNJ75BZGNDLXPHTOIHAZRSI-1024x576.jpeg 1024w, https:\/\/langtvvla.com.ar\/wp-content\/uploads\/2026\/05\/2XCHNJ75BZGNDLXPHTOIHAZRSI-300x169.jpeg 300w, https:\/\/langtvvla.com.ar\/wp-content\/uploads\/2026\/05\/2XCHNJ75BZGNDLXPHTOIHAZRSI-768x432.jpeg 768w, https:\/\/langtvvla.com.ar\/wp-content\/uploads\/2026\/05\/2XCHNJ75BZGNDLXPHTOIHAZRSI-1536x864.jpeg 1536w, https:\/\/langtvvla.com.ar\/wp-content\/uploads\/2026\/05\/2XCHNJ75BZGNDLXPHTOIHAZRSI.jpeg 1920w\" sizes=\"auto, (max-width: 1024px) 100vw, 1024px\" \/><\/figure>\n\n\n\n<p><strong>Informalidad y Salarios: persistente alta informalidad, con el sector agropecuario mostrando altos \u00edndices de pobreza laboral.<\/strong><\/p>\n\n\n\n<p><strong>El sueldo promedio se sit\u00faa en 1.483.740$ brutos a fines 2025, con disparidades, la Patagonia los m\u00e1s altos y el norte los m\u00e1s bajos (pero todo es m\u00e1s caro en el sur).<\/strong><\/p>\n\n\n\n<p><strong>Miner\u00eda, Petr\u00f3leo y Gas: 1.800.000$<\/strong><\/p>\n\n\n\n<p><strong>Comercial y Ventas: 1.390.000$<\/strong><\/p>\n\n\n\n<p><strong>Servicio Dom\u00e9stico: 450.000 &#8211; 517.000$<\/strong><\/p>\n\n\n\n<figure class=\"wp-block-image size-large\"><img loading=\"lazy\" decoding=\"async\" width=\"772\" height=\"1024\" src=\"https:\/\/langtvvla.com.ar\/wp-content\/uploads\/2026\/05\/WhatsApp-Image-2026-04-28-at-11.59.08-AM-772x1024.jpeg\" alt=\"\" class=\"wp-image-11366\" srcset=\"https:\/\/langtvvla.com.ar\/wp-content\/uploads\/2026\/05\/WhatsApp-Image-2026-04-28-at-11.59.08-AM-772x1024.jpeg 772w, https:\/\/langtvvla.com.ar\/wp-content\/uploads\/2026\/05\/WhatsApp-Image-2026-04-28-at-11.59.08-AM-226x300.jpeg 226w, https:\/\/langtvvla.com.ar\/wp-content\/uploads\/2026\/05\/WhatsApp-Image-2026-04-28-at-11.59.08-AM-768x1019.jpeg 768w, https:\/\/langtvvla.com.ar\/wp-content\/uploads\/2026\/05\/WhatsApp-Image-2026-04-28-at-11.59.08-AM.jpeg 800w\" sizes=\"auto, (max-width: 772px) 100vw, 772px\" \/><\/figure>\n\n\n\n<p><strong>Salario M\u00ednimo: a principios de 2024, el Salario M\u00ednimo Vital y M\u00f3vil era de 271.571,22$ por 8 horas de trabajo (y sigui\u00f3 en retroceso), de los m\u00e1s bajos en d\u00f3lares del continente.<\/strong><\/p>\n\n\n\n<p><strong>Con la mitad de su mandato, por ahora Milei queda s\u00e9ptimo en el ranking de presidentes que m\u00e1s puestos de trabajo fabriles perdieron desde 1976, seg\u00fan el Centro de Estudios de Historia Econ\u00f3mica Argentina y Latinoamericana. El 6% que lleva hasta ahora es inferior al 6,7% del segundo mandato de Cristina Kirchner, al 8,2% de Ra\u00fal Alfons\u00edn, al 9,5% de Mauricio Macri, el 9,7% de Carlos Menem, el 12% de la dictadura y el 16,5% de Fernando de la R\u00faa. Del lado de los que m\u00e1s trabajo crearon ubicaron a N\u00e9stor Kirchner, la primera gesti\u00f3n de Cristina Kirchner, Eduardo Duhalde y Alberto Fernandez.<\/strong><\/p>\n\n\n\n<p><strong>Toda una im\u00e1gen de los tiempos que corren y de lo mucho que falta (re)conquistar.<\/strong><\/p>\n\n\n\n<p><strong>CREDITO FOTOS: WEB<\/strong><\/p>\n\n\n\n<p><\/p>\n","protected":false},"excerpt":{"rendered":"<p>El&nbsp;D\u00eda Internacional de los Trabajadores&nbsp;o&nbsp;Primero de Mayo&nbsp;es la celebraci\u00f3n por parte de las centrales sindicales de quienes trabajan. En esta fecha se recuerdan las luchas, conquistas y se reclama por mejoras laborales. Es feriado en gran parte del planeta, excepto pa\u00edses de habla inglesa y un pu\u00f1ado m\u00e1s, que buscan evitar la organizaci\u00f3n obrera, borrando [&hellip;]<\/p>\n","protected":false},"author":1,"featured_media":11378,"comment_status":"open","ping_status":"open","sticky":false,"template":"","format":"standard","meta":{"footnotes":""},"categories":[16,28],"tags":[],"class_list":["post-11350","post","type-post","status-publish","format-standard","has-post-thumbnail","hentry","category-empleo","category-politica"],"_links":{"self":[{"href":"https:\/\/langtvvla.com.ar\/index.php\/wp-json\/wp\/v2\/posts\/11350","targetHints":{"allow":["GET"]}}],"collection":[{"href":"https:\/\/langtvvla.com.ar\/index.php\/wp-json\/wp\/v2\/posts"}],"about":[{"href":"https:\/\/langtvvla.com.ar\/index.php\/wp-json\/wp\/v2\/types\/post"}],"author":[{"embeddable":true,"href":"https:\/\/langtvvla.com.ar\/index.php\/wp-json\/wp\/v2\/users\/1"}],"replies":[{"embeddable":true,"href":"https:\/\/langtvvla.com.ar\/index.php\/wp-json\/wp\/v2\/comments?post=11350"}],"version-history":[{"count":20,"href":"https:\/\/langtvvla.com.ar\/index.php\/wp-json\/wp\/v2\/posts\/11350\/revisions"}],"predecessor-version":[{"id":11396,"href":"https:\/\/langtvvla.com.ar\/index.php\/wp-json\/wp\/v2\/posts\/11350\/revisions\/11396"}],"wp:featuredmedia":[{"embeddable":true,"href":"https:\/\/langtvvla.com.ar\/index.php\/wp-json\/wp\/v2\/media\/11378"}],"wp:attachment":[{"href":"https:\/\/langtvvla.com.ar\/index.php\/wp-json\/wp\/v2\/media?parent=11350"}],"wp:term":[{"taxonomy":"category","embeddable":true,"href":"https:\/\/langtvvla.com.ar\/index.php\/wp-json\/wp\/v2\/categories?post=11350"},{"taxonomy":"post_tag","embeddable":true,"href":"https:\/\/langtvvla.com.ar\/index.php\/wp-json\/wp\/v2\/tags?post=11350"}],"curies":[{"name":"wp","href":"https:\/\/api.w.org\/{rel}","templated":true}]}}