{"id":11398,"date":"2026-05-02T17:31:25","date_gmt":"2026-05-02T15:31:25","guid":{"rendered":"https:\/\/langtvvla.com.ar\/?p=11398"},"modified":"2026-05-02T17:37:49","modified_gmt":"2026-05-02T15:37:49","slug":"sociedad-las-farmacias-de-turno-en-angostura-en-mayo","status":"publish","type":"post","link":"https:\/\/langtvvla.com.ar\/index.php\/2026\/05\/02\/sociedad-las-farmacias-de-turno-en-angostura-en-mayo\/","title":{"rendered":"SOCIEDAD: LAS FARMACIAS DE TURNO EN ANGOSTURA EN MAYO"},"content":{"rendered":"\n<p><strong>Estas son las farmacias de turno en la localidad durante mayo 2026. Adem\u00e1s contiene efem\u00e9rides, el s\u00e1bado 2 es el d\u00eda de los tripulantes del crucero Belgrano, hundido en esa fecha en la Guerra de Malvinas de 1982 y el domingo 3 el de la fundaci\u00f3n de Bariloche.<\/strong><\/p>\n\n\n\n<div data-wp-interactive=\"core\/file\" class=\"wp-block-file\"><object data-wp-bind--hidden=\"!state.hasPdfPreview\" hidden class=\"wp-block-file__embed\" data=\"https:\/\/langtvvla.com.ar\/wp-content\/uploads\/2026\/05\/Mayo-2026-Calendario-de-Farmacias-de-Turno-VLA.pdf\" type=\"application\/pdf\" style=\"width:100%;height:600px\" aria-label=\"Incrustado de Mayo 2026 - Calendario de Farmacias de Turno VLA.\"><\/object><a id=\"wp-block-file--media-4b9cf4f9-3b9a-407e-8143-8db79e67b54c\" href=\"https:\/\/langtvvla.com.ar\/wp-content\/uploads\/2026\/05\/Mayo-2026-Calendario-de-Farmacias-de-Turno-VLA.pdf\">Mayo 2026 &#8211; Calendario de Farmacias de Turno VLA<\/a><a href=\"https:\/\/langtvvla.com.ar\/wp-content\/uploads\/2026\/05\/Mayo-2026-Calendario-de-Farmacias-de-Turno-VLA.pdf\" class=\"wp-block-file__button wp-element-button\" download aria-describedby=\"wp-block-file--media-4b9cf4f9-3b9a-407e-8143-8db79e67b54c\">Descarga<\/a><\/div>\n","protected":false},"excerpt":{"rendered":"<p>Estas son las farmacias de turno en la localidad durante mayo 2026. Adem\u00e1s contiene efem\u00e9rides, el s\u00e1bado 2 es el d\u00eda de los tripulantes del crucero Belgrano, hundido en esa fecha en la Guerra de Malvinas de 1982 y el domingo 3 el de la fundaci\u00f3n de Bariloche.<\/p>\n","protected":false},"author":1,"featured_media":11400,"comment_status":"open","ping_status":"open","sticky":false,"template":"","format":"standard","meta":{"footnotes":""},"categories":[36],"tags":[],"class_list":["post-11398","post","type-post","status-publish","format-standard","has-post-thumbnail","hentry","category-sociedad"],"_links":{"self":[{"href":"https:\/\/langtvvla.com.ar\/index.php\/wp-json\/wp\/v2\/posts\/11398","targetHints":{"allow":["GET"]}}],"collection":[{"href":"https:\/\/langtvvla.com.ar\/index.php\/wp-json\/wp\/v2\/posts"}],"about":[{"href":"https:\/\/langtvvla.com.ar\/index.php\/wp-json\/wp\/v2\/types\/post"}],"author":[{"embeddable":true,"href":"https:\/\/langtvvla.com.ar\/index.php\/wp-json\/wp\/v2\/users\/1"}],"replies":[{"embeddable":true,"href":"https:\/\/langtvvla.com.ar\/index.php\/wp-json\/wp\/v2\/comments?post=11398"}],"version-history":[{"count":4,"href":"https:\/\/langtvvla.com.ar\/index.php\/wp-json\/wp\/v2\/posts\/11398\/revisions"}],"predecessor-version":[{"id":11406,"href":"https:\/\/langtvvla.com.ar\/index.php\/wp-json\/wp\/v2\/posts\/11398\/revisions\/11406"}],"wp:featuredmedia":[{"embeddable":true,"href":"https:\/\/langtvvla.com.ar\/index.php\/wp-json\/wp\/v2\/media\/11400"}],"wp:attachment":[{"href":"https:\/\/langtvvla.com.ar\/index.php\/wp-json\/wp\/v2\/media?parent=11398"}],"wp:term":[{"taxonomy":"category","embeddable":true,"href":"https:\/\/langtvvla.com.ar\/index.php\/wp-json\/wp\/v2\/categories?post=11398"},{"taxonomy":"post_tag","embeddable":true,"href":"https:\/\/langtvvla.com.ar\/index.php\/wp-json\/wp\/v2\/tags?post=11398"}],"curies":[{"name":"wp","href":"https:\/\/api.w.org\/{rel}","templated":true}]}}