{"id":12750,"date":"2026-08-30T18:51:45","date_gmt":"2026-08-30T16:51:45","guid":{"rendered":"https:\/\/langtvvla.com.ar\/?p=12750"},"modified":"2026-08-30T19:02:45","modified_gmt":"2026-08-30T17:02:45","slug":"politica-el-k-peronismo-dominante-y-alejandose-de-figueroa","status":"publish","type":"post","link":"https:\/\/langtvvla.com.ar\/index.php\/2026\/08\/30\/politica-el-k-peronismo-dominante-y-alejandose-de-figueroa\/","title":{"rendered":"POLITICA: CONGRESO EN CUTRALCO, EL K-PERONISMO, DOMINANTE Y ALEJANDOSE DE FIGUEROA, ANGOSTURA PRESENTE"},"content":{"rendered":"\n<p class=\"wp-block-paragraph\"><strong>Este s\u00e1bado 29 el peronismo de Neuqu\u00e9n celebr\u00f3 su Congreso en Cutral Co, donde se ratific\u00f3 el regreso del liderazgo kirchnerista (sin Parrilli en primera fila), se aprobaron por unanimidad los puntos del orden del d\u00eda. El encuentro, encabezado por Luis Sagaseta, determin\u00f3 que en las elecciones del 2027 iran con candidatos propios en cada localidad de Neuqu\u00e9n, apartandose de la construcci\u00f3n del Gobernador Figueroa (La Neuquinidad), para buscar su reelecci\u00f3n.<\/strong><\/p>\n\n\n\n<p class=\"wp-block-paragraph\"><strong>Hubo 2 lineas internas que hegrmonizaron la reuni\u00f3n: los kirchneristas del&nbsp;Peronismo para la Victoria y aliados (33 delegados) y&nbsp; Peronismo Territorial (del desplazado el 31 de mayo en el anterior congreso en Vista Alegre, Jos\u00e9 Assad, con 16).<\/strong><\/p>\n\n\n\n<p class=\"wp-block-paragraph\"><strong>Adem\u00e1s se decidi\u00f3 avanzar en la paridad de g\u00e9nero del Tribunal de Disciplina y designaron autoridades para aceptar afiliaciones y certificar actos.<\/strong><\/p>\n\n\n\n<p class=\"wp-block-paragraph\"><strong>Nuestra localudad estuvo representada por Nestor Moussampez y el m\u00e9dico y 2 veces Intendente, Hugo Panessi.<\/strong><\/p>\n\n\n\n<p class=\"wp-block-paragraph\"><strong>CREDITO FOTO: WEB<\/strong><\/p>\n","protected":false},"excerpt":{"rendered":"<p>Este s\u00e1bado 29 el peronismo de Neuqu\u00e9n celebr\u00f3 su Congreso en Cutral Co, donde se ratific\u00f3 el regreso del liderazgo kirchnerista (sin Parrilli en primera fila), se aprobaron por unanimidad los puntos del orden del d\u00eda. El encuentro, encabezado por Luis Sagaseta, determin\u00f3 que en las elecciones del 2027 iran con candidatos propios en cada [&hellip;]<\/p>\n","protected":false},"author":1,"featured_media":12754,"comment_status":"open","ping_status":"open","sticky":false,"template":"","format":"standard","meta":{"footnotes":""},"categories":[28],"tags":[],"class_list":["post-12750","post","type-post","status-publish","format-standard","has-post-thumbnail","hentry","category-politica"],"_links":{"self":[{"href":"https:\/\/langtvvla.com.ar\/index.php\/wp-json\/wp\/v2\/posts\/12750","targetHints":{"allow":["GET"]}}],"collection":[{"href":"https:\/\/langtvvla.com.ar\/index.php\/wp-json\/wp\/v2\/posts"}],"about":[{"href":"https:\/\/langtvvla.com.ar\/index.php\/wp-json\/wp\/v2\/types\/post"}],"author":[{"embeddable":true,"href":"https:\/\/langtvvla.com.ar\/index.php\/wp-json\/wp\/v2\/users\/1"}],"replies":[{"embeddable":true,"href":"https:\/\/langtvvla.com.ar\/index.php\/wp-json\/wp\/v2\/comments?post=12750"}],"version-history":[{"count":6,"href":"https:\/\/langtvvla.com.ar\/index.php\/wp-json\/wp\/v2\/posts\/12750\/revisions"}],"predecessor-version":[{"id":12759,"href":"https:\/\/langtvvla.com.ar\/index.php\/wp-json\/wp\/v2\/posts\/12750\/revisions\/12759"}],"wp:featuredmedia":[{"embeddable":true,"href":"https:\/\/langtvvla.com.ar\/index.php\/wp-json\/wp\/v2\/media\/12754"}],"wp:attachment":[{"href":"https:\/\/langtvvla.com.ar\/index.php\/wp-json\/wp\/v2\/media?parent=12750"}],"wp:term":[{"taxonomy":"category","embeddable":true,"href":"https:\/\/langtvvla.com.ar\/index.php\/wp-json\/wp\/v2\/categories?post=12750"},{"taxonomy":"post_tag","embeddable":true,"href":"https:\/\/langtvvla.com.ar\/index.php\/wp-json\/wp\/v2\/tags?post=12750"}],"curies":[{"name":"wp","href":"https:\/\/api.w.org\/{rel}","templated":true}]}}