{"id":12761,"date":"2026-08-30T22:15:01","date_gmt":"2026-08-30T20:15:01","guid":{"rendered":"https:\/\/langtvvla.com.ar\/?p=12761"},"modified":"2026-08-30T22:49:44","modified_gmt":"2026-08-30T20:49:44","slug":"politica-escandalos-en-la-defensoria-denuncias-de-irregularidades-economicas-y-en-designaciones-encima-cesanteada-acusa-al-defensor-de-violencia-de-genero-baltanas-niega-todo-y-responde-tengo-25","status":"publish","type":"post","link":"https:\/\/langtvvla.com.ar\/index.php\/2026\/08\/30\/politica-escandalos-en-la-defensoria-denuncias-de-irregularidades-economicas-y-en-designaciones-encima-cesanteada-acusa-al-defensor-de-violencia-de-genero-baltanas-niega-todo-y-responde-tengo-25\/","title":{"rendered":"POLITICA: ESCANDALOS EN LA DEFENSORIA, DENUNCIAS DE IRREGULARIDADES ECONOMICAS Y EN DESIGNACIONES, ENCIMA CESANTEADA ACUSA AL DEFENSOR DE VIOLENCIA DE GENERO, BALTANAS NIEGA TODO Y RESPONDE \u00abTENGO 25 A\u00d1OS EN LA FUNCION PUBLICA Y NI UN SUMARIO\u00bb"},"content":{"rendered":"\n<div data-wp-interactive=\"core\/file\" class=\"wp-block-file\"><object data-wp-bind--hidden=\"!state.hasPdfPreview\" hidden class=\"wp-block-file__embed\" data=\"https:\/\/langtvvla.com.ar\/wp-content\/uploads\/2026\/08\/Ordenanza-41532024.pdf\" type=\"application\/pdf\" style=\"width:100%;height:600px\" aria-label=\"Incrustado de Ordenanza 41532024.\"><\/object><a id=\"wp-block-file--media-cdb64cad-33a1-4f66-bab2-302e3d6c72bc\" href=\"https:\/\/langtvvla.com.ar\/wp-content\/uploads\/2026\/08\/Ordenanza-41532024.pdf\">Ordenanza 41532024<\/a><a href=\"https:\/\/langtvvla.com.ar\/wp-content\/uploads\/2026\/08\/Ordenanza-41532024.pdf\" class=\"wp-block-file__button wp-element-button\" download aria-describedby=\"wp-block-file--media-cdb64cad-33a1-4f66-bab2-302e3d6c72bc\">Descarga<\/a><\/div>\n\n\n\n<p class=\"wp-block-paragraph\"><strong>Este fin de agosto, que a\u00fan no se fue, se despach\u00f3 con un terrible conflicto de acusaciones cruzadas y, por momentos, ribetes teatrales, en la Defensor\u00eda del Pueblo.<\/strong><\/p>\n\n\n\n<p class=\"wp-block-paragraph\"><strong>Si bien todav\u00eda no se han manifestado publicamente lxs protagonistas, la mayor\u00eda de las acusaciones se dirijen contra el Defensor, Sebastian Baltanas, quien contactado por LANG TV niega de plano todo y pone sobre la mesa su trayectoria impoluta en el Estado y aclarando punto por punto todos los cuestionamientos.<\/strong><\/p>\n\n\n\n<p class=\"wp-block-paragraph\"><strong><mark style=\"background-color:rgba(0, 0, 0, 0);color:#cf2e2e\" class=\"has-inline-color\">ACOSO LABORAL Y VIOLENCIA DE GENERO<\/mark><\/strong><\/p>\n\n\n\n<p class=\"wp-block-paragraph\"><strong>Para empezar cronologicamente, pero desde la actualidad hacia atr\u00e1s, todo empez\u00f3 con el despido de una empleada de la Defensoria, a quien Baltanas decidi\u00f3 la semana pasada rescindir el contrato por evaluar como insatisfactorio el desempe\u00f1o de la mujer (por ser una cuesti\u00f3n privada no ahondaremos en los hechos puntuales, pero van desde ausentismo injustificado hasta faltas de respeto, pasando por desconocimiento de operaciones b\u00e1sicas del cargo).<\/strong><\/p>\n\n\n\n<p class=\"wp-block-paragraph\"><strong>Tomada notificaci\u00f3n la mujer de la decisi\u00f3n de dar de baja sus servicios, contrat\u00f3 a la prestigiosa abogada penalista del fuero local Lorena Miani, muy reconocida por su iactuaci\u00f3n en casos resonantes, como la muerte del empleado municipal Robinson Gatica durante una intervenci\u00f3n policial para neutralizar su accionar descontrolado en su domicilio, producto de la ingesta de estupefacientes, o la defensa de comunidades mapuches.<\/strong><\/p>\n\n\n\n<p class=\"wp-block-paragraph\"><strong>Adem\u00e1s la doctora Miani es especialista en cuestiones de g\u00e9nero y se desempe\u00f1a en el Cuerpo de Abogadas para V\u00edctimas de Violencia de G\u00e9nero, dependiente del Ministerio de Gobierno, Mujeres y DD.HH de Neuqu\u00e9n.<\/strong><\/p>\n\n\n\n<p class=\"wp-block-paragraph\"><strong>Podemos adelantar desde LANG TV que, a pesar de entrar fuera de horario, este viernes 28 se hizo llegar una nota al Deliberante (y a De Nevares 32 y Auditoria), denunciando a Baltanas por diferentes hechos, entre ellos maltrato, acoso laboral y violencia de g\u00e9nero.<\/strong><\/p>\n\n\n\n<p class=\"wp-block-paragraph\"><strong><mark style=\"background-color:rgba(0, 0, 0, 0);color:#cf2e2e\" class=\"has-inline-color\">IRREGULARIDADES ECONOMICAS Y DESIGNACIONES ARBITRARIAS<\/mark><\/strong><\/p>\n\n\n\n<p class=\"wp-block-paragraph\"><strong>Otros de los acusadores de la gesti\u00f3n Baltanas ser\u00edan el gremio ATE y sectores del Deliberante, que se\u00f1alar\u00edan al Defensor por gastos excesivos, designaciones \u00abflojas de papeles\u00bb y que hasta \u00e9l mismo se aument\u00f3 el sueldo(?).<\/strong><\/p>\n\n\n\n<p class=\"wp-block-paragraph\"><strong>Desde LANG TV podemos adelantar que el lunes, \u00faltimo dia del mes (por la ma\u00f1ana), se producir\u00eda una reuni\u00f3n entre el Defensor y gente del gremio, donde seguramente el sindicato le \u00absugerir\u00eda\u00bb ciertas modificaciones en la estructura de la Defensor\u00eda, a saber, que seg\u00fan su visi\u00f3n por Carta Org\u00e1nica no puede designar empleados, ya que LOS EMPLEADOS SON MUNICIPALES (Baltanas contrat\u00f3 a una abogada especialista en medioambiente).<\/strong><\/p>\n\n\n\n<p class=\"wp-block-paragraph\"><strong>Del lado del Deliberante (tambi\u00e9n compartido por ATE), estar\u00edan las cuestiones econ\u00f3micas, principalmente los ingresos mensuales del Defensor, a quien se\u00f1alarian de \u00abSe los aument\u00f3 \u00e9l por su cuenta\u00bb, algo prohibido por Carta Organica y Ordenanza, ya que necesita aprobaci\u00f3n del Deliberante para ello (adem\u00e1s se lo se\u00f1alar\u00eda de gastos excesivos en vi\u00e1ticos, que no podr\u00eda justificar).<\/strong><\/p>\n\n\n\n<p class=\"wp-block-paragraph\"><strong><mark style=\"background-color:rgba(0, 0, 0, 0);color:#cf2e2e\" class=\"has-inline-color\">LA RESPUESTA DEL DEFENSOR: HAY QUIENES NO QUIEREN O NO PUEDEN LEER, ESTUDIAR E INTERPRETAR<\/mark><\/strong><\/p>\n\n\n\n<p class=\"wp-block-paragraph\"><strong>Las respuestas de Baltanas a las acusaciones (aun no oficializadas) son:<\/strong><\/p>\n\n\n\n<p class=\"wp-block-paragraph\"><strong>1-EMPLEADA DESPEDIDA\/VIOLENCIA DE GENERO: \u00abTom\u00e9 la decisi\u00f3n de dar de baja el contrato de una empleada por su desempe\u00f1o no satisfactorio. Respecto a la supuesta denuncia de acoso laboral\/violencia de g\u00e9nero es totalmente falso lo achacado a mi comportamiento. Tengo 25 a\u00f1os de desempe\u00f1o en la funci\u00f3n p\u00fablica y ni 1 sumario, adem\u00e1s est\u00e1 el staff de la Defensoria que puede dar fe de las situaciones cotidianas (el espacio de la oficina es muy peque\u00f1o). La relaci\u00f3n con la ex empleada venia desgastada desde abril 2026 (seg\u00fan la nota que ella habr\u00eda presentado en el Deliberante), por su mal desempe\u00f1o laboral y la situaci\u00f3n no daba para m\u00e1s en opinion de Baltanas, la decisi\u00f3n de la baja es irreversible (ya fue reemplazada por otra administrativa), lo que provoc\u00f3 malestar en la cesanteada y la llev\u00f3 a hacer estos reclamos\/denuncias, totalmente injustificados\u00bb.<\/strong><\/p>\n\n\n\n<p class=\"wp-block-paragraph\"><strong>2-DESIGNACIONES ARBITRARIAS: para el Defensor tales cosas no existieron, ya que adem\u00e1s esta amparado por la autarquia, el car\u00e1cter intrinseco de la Defensoria (por lo tanto est\u00e1n excluidos del Estatuto de personal)..<\/strong><\/p>\n\n\n\n<p class=\"wp-block-paragraph\"><strong>3-SALARIO DEFENSOR E IRREGULARIDADES ECONOMICAS: en este item (muy se\u00f1alado como su falla mayor, aparentemente), esto no ser\u00eda as\u00ed de ning\u00fan modo, \u00abNo me aumente nada, es una simple actualizaci\u00f3n trimestral, que acord\u00f3 a inicios de 2026 ATE para todos quienes revisten en el Estado, es una mezcla de IPC de Neuqu\u00e9n y Naci\u00f3n, de ahi sale el porcentaje, basta comparar las remuneraciones del mes anterior con la actual. De hecho gano menos de lo que deber\u00eda, ya que reclame la EXCLUSIVIDAD (el cargo de Defensor prohibe ejercer el comercio y la profesi\u00f3n ptopia, en este caso la abogacia) y el Deliberante me lo rechaz\u00f3. Adem\u00e1s la misma Ordenanza 4153\/2024 y la Carta Org\u00e1nica (art. 266 a 274) establece que mi ingreso est\u00e1 compuesto por el 80% de la remunaraci\u00f3n del Viceintendente m\u00e1s adicionales que correspondiere (menos el t\u00edtulo de abogado que no me pagan y antig\u00fcedad anterior, los 25 a\u00f1os que me desempe\u00f1e en Anses), por lo tanto es falso que me aument\u00e9 el salario y que gano m\u00e1s que la Viceintendenta, como habr\u00edan se\u00f1alado. Respecto a supuestas \u00abirregularidades\u00bb en gastos, como vi\u00e1ticos, no tengo nada que comentar, un absurdo total, que hagan la denuncia p\u00fablica, no hay nada de eso.\u00bb.<\/strong><\/p>\n\n\n\n<p class=\"wp-block-paragraph\"><strong><mark style=\"background-color:rgba(0, 0, 0, 0);color:#cf2e2e\" class=\"has-inline-color\">ACLARACION SOBRE DESIGNACIONES<\/mark><\/strong><\/p>\n\n\n\n<p class=\"wp-block-paragraph\"><strong>Desde LANG TV hipotetizamos que, tal vez, la confusi\u00f3n resida en erroneas interpretaciones sobre lo que consta en la Carta Organica, por ejemplo:<\/strong><\/p>\n\n\n\n<p class=\"wp-block-paragraph\"><strong>El Defensor&nbsp;tiene la facultad de elegir a su Defensor Adjunto como cargo de confianza (por Ordenanza 4153\/2024), que debe ser luego ratificada o no por el Deliberante, pero el nombramiento de una estructura de personal adicional queda sujeto al presupuesto municipal y a las vacantes asignadas por el Poder Ejecutivo y el Deliberante.&nbsp;<\/strong><\/p>\n\n\n\n<p class=\"wp-block-paragraph\"><strong>Aunque la Carta Org\u00e1nica le da autonom\u00eda y autarqu\u00eda financiera, no tiene la potestad irrestricta de crear cargos o nombrar empleados sin el respaldo presupuestario asignado a la Defensoria. El Deliberante es el encargado de evaluar, aprobar o rechazar el organigrama y los pedidos de partidas de personal que env\u00ede la Defensor\u00eda. Si el presupue6sto originalmente no contempla las vacantes, el Defensor no podr\u00e1 sumar personal.<\/strong><\/p>\n\n\n\n<p class=\"wp-block-paragraph\"><strong>Dicho esto, de darse las condiciones mencionadas (vacantes y presupuesto aprobado), el Defensor no habr\u00eda incurrido en ninguna falta.<\/strong><\/p>\n\n\n\n<p class=\"wp-block-paragraph\"><strong><mark style=\"background-color:rgba(0, 0, 0, 0);color:#cf2e2e\" class=\"has-inline-color\">FINAL O ENTRETIEMPO?<\/mark><\/strong><\/p>\n\n\n\n<p class=\"wp-block-paragraph\"><strong>Cabe se\u00f1alar que, extra\u00f1a cuesti\u00f3n del destino ( o no), este martes comienzo de septiembre, Sebastian Baltanas cumplir\u00e1 1 a\u00f1o al frente de la Defensoria, ya que si bien fue designado el 21 de agosto 2025, asumi\u00f3 el 1 de septiembre.<\/strong><\/p>\n\n\n\n<p class=\"wp-block-paragraph\"><strong>En cuanto a estos supuestos cuestionamientos que le hacen (reiteramos, ninguno a\u00fan convertido en denuncia administrativa o judicial), Baltanas prefiere centrarse en el aqui y ahora, en sus actuaciones, reclamado (y obteniendo) que PAMI se haga cargo de la atenci\u00f3n m\u00e9dica de 5 mujeres que padecen c\u00e1ncer, de la problem\u00e1tica de la falta de viviendas y el reclamo de beneficiarixs de OSECAC ante el cierre de la oficina en Angostura y su mudanza a Bariloche.<\/strong><\/p>\n\n\n\n<p class=\"wp-block-paragraph\"><strong>Habr\u00e1 que ver a partir de ma\u00f1ana que queda de todas estas acusaciones o si todo se trat\u00f3 de nubarrones temporales (mas incordiosos que las lluvias angosturenses, pero que al final terminan disipandose).<\/strong><\/p>\n\n\n\n<p class=\"wp-block-paragraph\"><strong>CARTA ORGANICA Y DEFENSORIA DEL PUEBLO<\/strong><\/p>\n\n\n\n<p class=\"wp-block-paragraph\"><strong>T\u00edtulo IV: Organos de control<\/strong><\/p>\n\n\n\n<p class=\"wp-block-paragraph\"><strong>Cap\u00edtulo I: Defensor\u00eda del pueblo<\/strong><\/p>\n\n\n\n<p class=\"wp-block-paragraph\"><strong>Definici\u00f3n<\/strong><\/p>\n\n\n\n<p class=\"wp-block-paragraph\"><strong>Art\u00edculo 262.&nbsp;<em>La Defensor\u00eda del Pueblo es un \u00f3rgano unipersonal e independiente con plena autonom\u00eda funcional, pol\u00edtica y financiera en el ejercicio de sus deberes. Ser\u00e1 desempe\u00f1ada por un funcionario que tendr\u00e1 el cargo de defensor del pueblo.<\/em><\/strong><\/p>\n\n\n\n<p class=\"wp-block-paragraph\"><br><strong>Misi\u00f3n<\/strong><\/p>\n\n\n\n<p class=\"wp-block-paragraph\"><strong>Art\u00edculo 263.&nbsp;<em>La Defensor\u00eda del Pueblo asumir\u00e1 la defensa y protecci\u00f3n de los derechos comunitarios y los derechos difusos, el control de la eficiencia de los servicios p\u00fablicos y dem\u00e1s asuntos que merezcan la protecci\u00f3n de los habitantes del municipio. Controlar\u00e1 el ejercicio de las funciones administrativas p\u00fablicas y se constituir\u00e1 en promotor de la transparencia al asumir el rol de garante de los derechos de los ciudadanos a ser informados, defendidos y protegidos.<\/em><\/strong><\/p>\n\n\n\n<p class=\"wp-block-paragraph\"><br><strong>Competencias<\/strong><\/p>\n\n\n\n<p class=\"wp-block-paragraph\"><strong>Art\u00edculo 264.&nbsp;<em>Ser\u00e1 competencia de la Defensor\u00eda del Pueblo hacer uso de los procesos constitucionales para defender los derechos mediante el ejercicio de las acciones de amparo, habeas corpus, habeas data, garant\u00edas de participaci\u00f3n ciudadana y otras acciones de similar naturaleza, adem\u00e1s de las acciones de inconstitucionalidad de las leyes y ordenanzas.<\/em><\/strong><\/p>\n\n\n\n<p class=\"wp-block-paragraph\"><br><strong>Requisitos, inhabilidades e incompatibilidades para ser defensor del pueblo<\/strong><\/p>\n\n\n\n<p class=\"wp-block-paragraph\"><strong>Art\u00edculo 265.&nbsp;<em>Para ser defensor del pueblo regir\u00e1n los mismos requisitos, inhabilidades e incompatibilidades que para ejercer el cargo de intendente o viceintendente.<\/em><\/strong><\/p>\n\n\n\n<p class=\"wp-block-paragraph\"><br><strong>Remuneraci\u00f3n<\/strong><\/p>\n\n\n\n<p class=\"wp-block-paragraph\"><strong>Art\u00edculo 266.&nbsp;<em>El defensor del pueblo percibir\u00e1 una remuneraci\u00f3n equivalente al ochenta por ciento (80%) del b\u00e1sico de la del viceintendente con m\u00e1s los adicionales generales que correspondieren, con excepci\u00f3n de t\u00edtulo y antig\u00fcedad acreditada en funciones anteriores.<\/em><\/strong><\/p>\n\n\n\n<p class=\"wp-block-paragraph\"><br><strong>Forma de elecci\u00f3n<\/strong><\/p>\n\n\n\n<p class=\"wp-block-paragraph\"><strong>Art\u00edculo 267.&nbsp;<em>El defensor del pueblo ser\u00e1 elegido por el Concejo Deliberante, previo concurso de antecedentes y oposici\u00f3n, por el voto favorable de los dos tercios (2\/3) del total de los miembros del Cuerpo.<\/em><\/strong><\/p>\n\n\n\n<p class=\"wp-block-paragraph\"><br><strong>Llamado a concurso<\/strong><\/p>\n\n\n\n<p class=\"wp-block-paragraph\"><strong>Art\u00edculo 268.&nbsp;<em>El llamado a concurso es convocado por el intendente.<\/em><\/strong><\/p>\n\n\n\n<p class=\"wp-block-paragraph\"><br><strong>Duraci\u00f3n en el cargo<\/strong><\/p>\n\n\n\n<p class=\"wp-block-paragraph\"><strong>Art\u00edculo 269.&nbsp;<em>El defensor del pueblo durar\u00e1 en su cargo seis (6) a\u00f1os, pudiendo ser reelegido por un segundo per\u00edodo. Tiene dedicaci\u00f3n exclusiva.<\/em><\/strong><\/p>\n\n\n\n<p class=\"wp-block-paragraph\"><br><strong>Remoci\u00f3n del cargo<\/strong><\/p>\n\n\n\n<p class=\"wp-block-paragraph\"><strong>Art\u00edculo 270.&nbsp;<em>El defensor del pueblo no podr\u00e1 ser removido sino por las causales y el procedimiento de juicio pol\u00edtico.<\/em><\/strong><\/p>\n\n\n\n<p class=\"wp-block-paragraph\"><br><strong>Emisi\u00f3n de informes<\/strong><\/p>\n\n\n\n<p class=\"wp-block-paragraph\"><strong>Art\u00edculo 271.&nbsp;<em>El defensor del pueblo deber\u00e1 rendir anualmente un informe al Concejo Deliberante, que ser\u00e1 dado a publicidad en el Bolet\u00edn Oficial.<\/em><\/strong><\/p>\n\n\n\n<p class=\"wp-block-paragraph\"><br><strong>Funciones y principios<\/strong><\/p>\n\n\n\n<p class=\"wp-block-paragraph\"><strong>Art\u00edculo 272.&nbsp;<em>Por ordenanza se establecer\u00e1n las funciones, deberes, atribuciones y procedimientos del \u00f3rgano y se aplicar\u00e1n los principios de informalidad, gratuidad, impulso de oficio, celeridad y accesibilidad.<\/em><\/strong><\/p>\n\n\n\n<p class=\"wp-block-paragraph\"><br><strong>Presupuesto para funcionamiento<\/strong><\/p>\n\n\n\n<p class=\"wp-block-paragraph\"><strong>Art\u00edculo 273.&nbsp;<em>El Presupuesto de Gastos y C\u00e1lculo de Recursos asegurar\u00e1 a la Defensor\u00eda del Pueblo el equipamiento, los recursos y el personal necesario, para el cumplimiento de sus funciones y que garanticen autonom\u00eda y eficacia operacional.<\/em><\/strong><\/p>\n\n\n\n<p class=\"wp-block-paragraph\"><br><strong>Garant\u00eda<\/strong><\/p>\n\n\n\n<p class=\"wp-block-paragraph\"><strong>Art\u00edculo 274.&nbsp;<em>Las autoridades y funcionarios municipales estar\u00e1n obligados a prestar colaboraci\u00f3n y rendir los informes que el defensor del pueblo les requiera, sin que pueda neg\u00e1rsele el acceso a expedientes, archivos o medio de informaci\u00f3n alguno. La autoridad o funcionario que no cumpla estas obligaciones cometer\u00e1 falta grave.<\/em><\/strong><\/p>\n\n\n\n<p class=\"wp-block-paragraph\"><strong>ACLARACION DE LANG TV: las citas a opiniones del Defensor del Pueblo Sebastian Baltanas, indicadas entre comillas, han sido editadas por este medio de comunicaci\u00f3n, en raz\u00f3n de mejor hacerlas llegar a la opini\u00f3n p\u00fablica, es decir, no son textuales 100 por ciento, pero, tenemos la tranquilidad de habercrespetadi\u00f1o 100 por ciento el espiritu y significado de las mismas.<\/strong><\/p>\n\n\n\n<p class=\"wp-block-paragraph\"><strong>CREDITO FOTO: WEB<\/strong><\/p>\n\n\n\n<p class=\"wp-block-paragraph\"><\/p>\n","protected":false},"excerpt":{"rendered":"<p>Este fin de agosto, que a\u00fan no se fue, se despach\u00f3 con un terrible conflicto de acusaciones cruzadas y, por momentos, ribetes teatrales, en la Defensor\u00eda del Pueblo. Si bien todav\u00eda no se han manifestado publicamente lxs protagonistas, la mayor\u00eda de las acusaciones se dirijen contra el Defensor, Sebastian Baltanas, quien contactado por LANG TV [&hellip;]<\/p>\n","protected":false},"author":1,"featured_media":12762,"comment_status":"open","ping_status":"open","sticky":false,"template":"","format":"standard","meta":{"footnotes":""},"categories":[28],"tags":[],"class_list":["post-12761","post","type-post","status-publish","format-standard","has-post-thumbnail","hentry","category-politica"],"_links":{"self":[{"href":"https:\/\/langtvvla.com.ar\/index.php\/wp-json\/wp\/v2\/posts\/12761","targetHints":{"allow":["GET"]}}],"collection":[{"href":"https:\/\/langtvvla.com.ar\/index.php\/wp-json\/wp\/v2\/posts"}],"about":[{"href":"https:\/\/langtvvla.com.ar\/index.php\/wp-json\/wp\/v2\/types\/post"}],"author":[{"embeddable":true,"href":"https:\/\/langtvvla.com.ar\/index.php\/wp-json\/wp\/v2\/users\/1"}],"replies":[{"embeddable":true,"href":"https:\/\/langtvvla.com.ar\/index.php\/wp-json\/wp\/v2\/comments?post=12761"}],"version-history":[{"count":8,"href":"https:\/\/langtvvla.com.ar\/index.php\/wp-json\/wp\/v2\/posts\/12761\/revisions"}],"predecessor-version":[{"id":12774,"href":"https:\/\/langtvvla.com.ar\/index.php\/wp-json\/wp\/v2\/posts\/12761\/revisions\/12774"}],"wp:featuredmedia":[{"embeddable":true,"href":"https:\/\/langtvvla.com.ar\/index.php\/wp-json\/wp\/v2\/media\/12762"}],"wp:attachment":[{"href":"https:\/\/langtvvla.com.ar\/index.php\/wp-json\/wp\/v2\/media?parent=12761"}],"wp:term":[{"taxonomy":"category","embeddable":true,"href":"https:\/\/langtvvla.com.ar\/index.php\/wp-json\/wp\/v2\/categories?post=12761"},{"taxonomy":"post_tag","embeddable":true,"href":"https:\/\/langtvvla.com.ar\/index.php\/wp-json\/wp\/v2\/tags?post=12761"}],"curies":[{"name":"wp","href":"https:\/\/api.w.org\/{rel}","templated":true}]}}