{"id":12786,"date":"2026-08-31T21:41:14","date_gmt":"2026-08-31T19:41:14","guid":{"rendered":"https:\/\/langtvvla.com.ar\/?p=12786"},"modified":"2026-08-31T22:22:10","modified_gmt":"2026-08-31T20:22:10","slug":"politica-terribles-declaraciones-publicas-de-gremialistas-de-ate-el-defensor-del-pueblo-es-la-gestapo-y-en-angostura-gobierna-una-monarquia","status":"publish","type":"post","link":"https:\/\/langtvvla.com.ar\/index.php\/2026\/08\/31\/politica-terribles-declaraciones-publicas-de-gremialistas-de-ate-el-defensor-del-pueblo-es-la-gestapo-y-en-angostura-gobierna-una-monarquia\/","title":{"rendered":"POLITICA: TERRIBLES DECLARACIONES PUBLICAS DE GREMIALISTAS DE ATE, EL DEFENSOR DEL PUEBLO ES LA GESTAPO Y EN ANGOSTURA GOBIERNA UNA MONARQUIA"},"content":{"rendered":"\n<p class=\"wp-block-paragraph\"><strong>Este lunes 31, ya hab\u00eda adelantado LANG TV, que el mes a\u00fan no terminaba y que los esc\u00e1ndalos se desataban. Ahora fueron directamente gremialistas de ATE, su Secretario General de Angostura Nicolas Vejar y la compa\u00f1era Soraya Abraham, quienes se despacharon con furibundas declaraciones y acusaciones contra el gobierno local, el Defensir del Pueblo y hasta ligaron lxs Concejales.<\/strong><\/p>\n\n\n\n<figure class=\"wp-block-image size-full\"><img loading=\"lazy\" decoding=\"async\" width=\"376\" height=\"530\" src=\"https:\/\/langtvvla.com.ar\/wp-content\/uploads\/2026\/08\/1000537431.jpg\" alt=\"\" class=\"wp-image-12793\" srcset=\"https:\/\/langtvvla.com.ar\/wp-content\/uploads\/2026\/08\/1000537431.jpg 376w, https:\/\/langtvvla.com.ar\/wp-content\/uploads\/2026\/08\/1000537431-213x300.jpg 213w\" sizes=\"auto, (max-width: 376px) 100vw, 376px\" \/><\/figure>\n\n\n\n<p class=\"wp-block-paragraph\"><strong>Por momentos derrapando y bordeando hasta la xenofobia (descalificando el desempe\u00f1o de algun funcionario de Murer por su origen geografico) e ignorando (consciente o inconscientemente) Mateo 7:15-20 \u00abPor sus actos los juzgareis\u00bb, extra\u00f1o proveniendo de quien pertenece al \u00abcampo\u00bb popular (por no ahondar en la implicancia el tildar de \u00abGestapo\u00bb a, justamente, el Defensor del Pueblo), en una entrevista en FM Andina, atacaron a diestra y siniestra, reivindicando su actuaci\u00f3n grenial (y en parte rescatando tambi\u00e9n decisiones del Intendente).<\/strong><\/p>\n\n\n\n<p class=\"wp-block-paragraph\"><strong>Aqu\u00ed un resumen de sus declaraciones y con autoria.<\/strong><\/p>\n\n\n\n<p class=\"wp-block-paragraph\"><strong>VEJAR<\/strong><\/p>\n\n\n\n<p class=\"wp-block-paragraph\"><strong>1 El comunicado del gobierno fue hecho con IA (por la nota publicada en Angostura de Murer respecto a nombramientos de personal y que no iba a aceptar extorsiones del gremio).<\/strong><\/p>\n\n\n\n<p class=\"wp-block-paragraph\"><strong>2 Los extorsionadores son los del gobierno<\/strong><\/p>\n\n\n\n<p class=\"wp-block-paragraph\"><strong>3&nbsp;Amparados en art 17 COM peticionan que el gobierno entregue la nomina de empleados que ingresaron desde que Murer asumi\u00f3, especialmente los de planta politica<\/strong><\/p>\n\n\n\n<p class=\"wp-block-paragraph\"><strong>4 Se acusa que ingresa gente reci\u00e9n llegada a la localidad y los nacidos o con a\u00f1os de residencia no tienen posibilidades<\/strong><\/p>\n\n\n\n<p class=\"wp-block-paragraph\"><strong>5 La nueva superestructura dise\u00f1ada, el actual organigrama, concentra el poder, creando de facto una monarqu\u00eda (en referencia al Secretario de Gobierno Naretti)<\/strong><\/p>\n\n\n\n<p class=\"wp-block-paragraph\"><strong>6 Se incumple la COM al no respetarse la participaci\u00f3n ciudadana y el presupuesto participativo, al rebajar unilateralmente secretarias a subsecretarias y recortarles su presupuesto<\/strong><\/p>\n\n\n\n<p class=\"wp-block-paragraph\"><strong>SORAYA<\/strong><\/p>\n\n\n\n<p class=\"wp-block-paragraph\"><strong>7 Defensoria, Auditoria y Tribunal de Faltas, Intendente incumple COM porque les aument\u00f3 sueldo por decreto<\/strong><\/p>\n\n\n\n<p class=\"wp-block-paragraph\"><strong>8 acuso al Defensor de Gestapo, \u00abSi te quejas te filma y graba tus llamados\u00bb.<\/strong><\/p>\n\n\n\n<figure class=\"wp-block-image size-full\"><img loading=\"lazy\" decoding=\"async\" width=\"382\" height=\"474\" src=\"https:\/\/langtvvla.com.ar\/wp-content\/uploads\/2026\/08\/1000537357.jpg\" alt=\"\" class=\"wp-image-12796\" srcset=\"https:\/\/langtvvla.com.ar\/wp-content\/uploads\/2026\/08\/1000537357.jpg 382w, https:\/\/langtvvla.com.ar\/wp-content\/uploads\/2026\/08\/1000537357-242x300.jpg 242w\" sizes=\"auto, (max-width: 382px) 100vw, 382px\" \/><\/figure>\n\n\n\n<p class=\"wp-block-paragraph\"><strong>9 Tambi\u00e9n reiter\u00f3 quejas porque gente recien llegada ingresa a la Municipalidad y porque un tipo se agarra todas las Secretarias (en referencia al Secretario de Gobierno)<\/strong><\/p>\n\n\n\n<p class=\"wp-block-paragraph\"><strong>10 El unico programa de la Municipalidad es para que los empleados adelgacen y que para adicciones habia nombrada una enfermera y fue cambiada por una especialista en kinesiologia \u00abAmiga del se\u00f1or\u00bb (en referencia a Naretti)<\/strong><\/p>\n\n\n\n<p class=\"wp-block-paragraph\"><strong>VEJAR<\/strong><\/p>\n\n\n\n<p class=\"wp-block-paragraph\"><strong>11 El gobierno no combate la pobreza, desde febrero le deben haberes a una empleada, madre soltera y que alquila vivienda<\/strong><\/p>\n\n\n\n<p class=\"wp-block-paragraph\"><strong>12 Rconoce las medidas que tom\u00f3 el Intendente Murer para resolver la situaci\u00f3n de precaridad laboral de muchos trabajadores y de infraestructura en la Planta de Residuos (falta de gas y agua), pero coloco al zorro a cuidar el gallinero (por Naretti).<\/strong><\/p>\n\n\n\n<p class=\"wp-block-paragraph\"><strong>SORAYA<\/strong><\/p>\n\n\n\n<p class=\"wp-block-paragraph\"><strong>13 Critico un nombramiento de Baltanas, supuestamente, de una abogada que es residente permanente en Buenos Aires<\/strong><\/p>\n\n\n\n<p class=\"wp-block-paragraph\"><strong>VEJAR<\/strong><\/p>\n\n\n\n<p class=\"wp-block-paragraph\"><strong>14 Pidieron la intervencion del Ministerio de Trabajo de Neuqu\u00e9n ante supuestas irregularidades en concursos de vacantes de personal en Turismo de Angostura&nbsp;<\/strong><\/p>\n\n\n\n<p class=\"wp-block-paragraph\"><strong>SORAYA<\/strong><\/p>\n\n\n\n<p class=\"wp-block-paragraph\"><strong>15 Critico la accion o inaccion del Deliberante,&nbsp; donde acuso a lxs Concejales de no ir a las reuniones de JACAD y enviar asesores, no les interesa, no investigan cuantos empleados\/funcionarios se han nombrado ni que Decretos se emiten otorgando aumentos salariales que s\u00f3lo podrian ser posibles por Ordenanza<\/strong><\/p>\n\n\n\n<p class=\"wp-block-paragraph\"><strong>16 \u00abNos gobierna alguien que no es de aca, sepanlo\u00bb y reclamo porque la Municipalidad no paga los beneficios jubilatorios a estatales<\/strong><\/p>\n\n\n\n<p class=\"wp-block-paragraph\"><strong><mark style=\"background-color:rgba(0, 0, 0, 0);color:#cf2e2e\" class=\"has-inline-color\">LA VISION DESDE DE NEVARES 32<\/mark><\/strong><\/p>\n\n\n\n<p class=\"wp-block-paragraph\"><strong>Por lo que LANG TV pudo escuchar, en los pasillos de la sede de gobierno han decidido (por el momento, al menos nos parece) tomar un perfil bajo y no contestar estas declaraciones y concentrarse en la gesti\u00f3n.<\/strong><\/p>\n\n\n\n<p class=\"wp-block-paragraph\"><strong>A saber, conseguir que en la pr\u00f3xima Sesi\u00f3n del Deliberante se aprueben varias obras, como el Polideportivo en el Martin, el asfalto en Piedritas y las viviendas en el Macrolote 5.<\/strong><\/p>\n\n\n\n<p class=\"wp-block-paragraph\"><strong>Un fuerte rumor que tambi\u00e9n se oye trascender por esos mismos pasillos, es que las recientes apariciones gremialistas son una mezcla de operaci\u00f3n entre politica (\u00abEst\u00e1n buscando candidato a concejal\u00bb, en referencia al partido del Secretario General de ATE Carlos Quintriqueo, Mas por Neuqu\u00e9n) y personal, ya que deslizan que cuando lxs gremialistas angosturenses despotrican porque se contrata en la Municipalidad gente reci\u00e9n venida y no a locales, habr\u00eda intereses familiares (\u00abQuieren que nombren a sus hijxs y Javier les dijo NO\u00bb , habr\u00eda dicho tajantemente alguien muy cercano en la diaria al Intendente).<\/strong><\/p>\n\n\n\n<p class=\"wp-block-paragraph\"><strong>No se sabe que actitud tomar\u00e1n otras personas se\u00f1aladas (como el Defensor del Pueblo o Concejales), lo cierto es que, como dijimos, a\u00fan faltan 4 meses para que termine el q\u00f1o y nada es tan tranquilo en Angostura. Que el \u00e1rbol no les impida ver el bosque.<\/strong><\/p>\n\n\n\n<p class=\"wp-block-paragraph\"><a href=\"https:\/\/www.facebook.com\/story.php?story_fbid=2437122227096729&amp;id=100063755492288\">https:\/\/www.facebook.com\/story.php?story_fbid=2437122227096729&amp;id=100063755492288<\/a><\/p>\n\n\n\n<p class=\"wp-block-paragraph\"><strong>CREDITOS FOTOS: WEB CON IA<\/strong><\/p>\n\n\n\n<p class=\"wp-block-paragraph\"><\/p>\n","protected":false},"excerpt":{"rendered":"<p>Este lunes 31, ya hab\u00eda adelantado LANG TV, que el mes a\u00fan no terminaba y que los esc\u00e1ndalos se desataban. Ahora fueron directamente gremialistas de ATE, su Secretario General de Angostura Nicolas Vejar y la compa\u00f1era Soraya Abraham, quienes se despacharon con furibundas declaraciones y acusaciones contra el gobierno local, el Defensir del Pueblo y [&hellip;]<\/p>\n","protected":false},"author":1,"featured_media":12791,"comment_status":"open","ping_status":"open","sticky":false,"template":"","format":"standard","meta":{"footnotes":""},"categories":[27,28],"tags":[],"class_list":["post-12786","post","type-post","status-publish","format-standard","has-post-thumbnail","hentry","category-municipalidad","category-politica"],"_links":{"self":[{"href":"https:\/\/langtvvla.com.ar\/index.php\/wp-json\/wp\/v2\/posts\/12786","targetHints":{"allow":["GET"]}}],"collection":[{"href":"https:\/\/langtvvla.com.ar\/index.php\/wp-json\/wp\/v2\/posts"}],"about":[{"href":"https:\/\/langtvvla.com.ar\/index.php\/wp-json\/wp\/v2\/types\/post"}],"author":[{"embeddable":true,"href":"https:\/\/langtvvla.com.ar\/index.php\/wp-json\/wp\/v2\/users\/1"}],"replies":[{"embeddable":true,"href":"https:\/\/langtvvla.com.ar\/index.php\/wp-json\/wp\/v2\/comments?post=12786"}],"version-history":[{"count":10,"href":"https:\/\/langtvvla.com.ar\/index.php\/wp-json\/wp\/v2\/posts\/12786\/revisions"}],"predecessor-version":[{"id":12805,"href":"https:\/\/langtvvla.com.ar\/index.php\/wp-json\/wp\/v2\/posts\/12786\/revisions\/12805"}],"wp:featuredmedia":[{"embeddable":true,"href":"https:\/\/langtvvla.com.ar\/index.php\/wp-json\/wp\/v2\/media\/12791"}],"wp:attachment":[{"href":"https:\/\/langtvvla.com.ar\/index.php\/wp-json\/wp\/v2\/media?parent=12786"}],"wp:term":[{"taxonomy":"category","embeddable":true,"href":"https:\/\/langtvvla.com.ar\/index.php\/wp-json\/wp\/v2\/categories?post=12786"},{"taxonomy":"post_tag","embeddable":true,"href":"https:\/\/langtvvla.com.ar\/index.php\/wp-json\/wp\/v2\/tags?post=12786"}],"curies":[{"name":"wp","href":"https:\/\/api.w.org\/{rel}","templated":true}]}}