{"id":12820,"date":"2026-09-03T22:14:11","date_gmt":"2026-09-03T20:14:11","guid":{"rendered":"https:\/\/langtvvla.com.ar\/?p=12820"},"modified":"2026-09-04T00:37:50","modified_gmt":"2026-09-03T22:37:50","slug":"sociedad-para-nineces-todo-reinauguracion-del-centro-las-mutisias","status":"publish","type":"post","link":"https:\/\/langtvvla.com.ar\/index.php\/2026\/09\/03\/sociedad-para-nineces-todo-reinauguracion-del-centro-las-mutisias\/","title":{"rendered":"SOCIEDAD: PARA NI\u00d1ECES TODO, REINAUGURACION DEL CENTRO LAS MUTISIAS"},"content":{"rendered":"\n<figure class=\"wp-block-embed is-type-video is-provider-youtube wp-block-embed-youtube wp-embed-aspect-9-16 wp-has-aspect-ratio\"><div class=\"wp-block-embed__wrapper\">\n<iframe loading=\"lazy\" title=\"CDI MUTISIAS,  REINAUGURACION 3 SEPTIEMBRE 2026, DIRECTOR LUCAS VAZQUEZ\" width=\"422\" height=\"750\" src=\"https:\/\/www.youtube.com\/embed\/-WGdklbSAik?feature=oembed\" frameborder=\"0\" allow=\"accelerometer; autoplay; clipboard-write; encrypted-media; gyroscope; picture-in-picture; web-share\" referrerpolicy=\"strict-origin-when-cross-origin\" allowfullscreen><\/iframe>\n<\/div><\/figure>\n\n\n\n<figure class=\"wp-block-embed is-type-video is-provider-youtube wp-block-embed-youtube wp-embed-aspect-9-16 wp-has-aspect-ratio\"><div class=\"wp-block-embed__wrapper\">\n<iframe loading=\"lazy\" title=\"CDI MUTISIAS, REINAUGURACION 3 SEPTIEMBRE 2026\" width=\"422\" height=\"750\" src=\"https:\/\/www.youtube.com\/embed\/8TKUJRspKmo?feature=oembed\" frameborder=\"0\" allow=\"accelerometer; autoplay; clipboard-write; encrypted-media; gyroscope; picture-in-picture; web-share\" referrerpolicy=\"strict-origin-when-cross-origin\" allowfullscreen><\/iframe>\n<\/div><\/figure>\n\n\n\n<figure class=\"wp-block-embed is-type-video is-provider-youtube wp-block-embed-youtube wp-embed-aspect-9-16 wp-has-aspect-ratio\"><div class=\"wp-block-embed__wrapper\">\n<iframe loading=\"lazy\" title=\"CDI MUTISIAS, REINAUGURACION 3 SEPTIEMBRE 2026, JAVIER MURER\" width=\"422\" height=\"750\" src=\"https:\/\/www.youtube.com\/embed\/UHJL1Hyr4zQ?feature=oembed\" frameborder=\"0\" allow=\"accelerometer; autoplay; clipboard-write; encrypted-media; gyroscope; picture-in-picture; web-share\" referrerpolicy=\"strict-origin-when-cross-origin\" allowfullscreen><\/iframe>\n<\/div><\/figure>\n\n\n\n<figure class=\"wp-block-embed is-type-video is-provider-youtube wp-block-embed-youtube wp-embed-aspect-9-16 wp-has-aspect-ratio\"><div class=\"wp-block-embed__wrapper\">\n<iframe loading=\"lazy\" title=\"CDI MUTISIAS, REINAUGURACION 3 SEPTIEMBRE 2026, CORTE CINTA\" width=\"422\" height=\"750\" src=\"https:\/\/www.youtube.com\/embed\/43279dZs4zA?feature=oembed\" frameborder=\"0\" allow=\"accelerometer; autoplay; clipboard-write; encrypted-media; gyroscope; picture-in-picture; web-share\" referrerpolicy=\"strict-origin-when-cross-origin\" allowfullscreen><\/iframe>\n<\/div><\/figure>\n\n\n\n<p class=\"wp-block-paragraph\"><strong>Este jueves 3 el Intendente Javier Murer encabez\u00f3 el acto de reinauguraci\u00f3n del CDI (Centro de Desarrollo Infantil) \u201cLas Mutisias\u201d, ubicado en la calle Sorbus, justo en la vereda frente al Hogar de Adultos Mayores Alvarez y enfrente al Deliberante y Servicios P\u00fablicos. Es un espacio para la contenci\u00f3n, desarrollo y crecimiento de infancias.<\/strong><\/p>\n\n\n\n<figure class=\"wp-block-image size-large\"><img loading=\"lazy\" decoding=\"async\" width=\"1024\" height=\"768\" src=\"https:\/\/langtvvla.com.ar\/wp-content\/uploads\/2026\/09\/1000539591-1024x768.jpg\" alt=\"\" class=\"wp-image-12822\" srcset=\"https:\/\/langtvvla.com.ar\/wp-content\/uploads\/2026\/09\/1000539591-1024x768.jpg 1024w, https:\/\/langtvvla.com.ar\/wp-content\/uploads\/2026\/09\/1000539591-300x225.jpg 300w, https:\/\/langtvvla.com.ar\/wp-content\/uploads\/2026\/09\/1000539591-768x576.jpg 768w, https:\/\/langtvvla.com.ar\/wp-content\/uploads\/2026\/09\/1000539591-1536x1152.jpg 1536w, https:\/\/langtvvla.com.ar\/wp-content\/uploads\/2026\/09\/1000539591-2048x1536.jpg 2048w\" sizes=\"auto, (max-width: 1024px) 100vw, 1024px\" \/><\/figure>\n\n\n\n<figure class=\"wp-block-image size-large\"><img loading=\"lazy\" decoding=\"async\" width=\"1024\" height=\"768\" src=\"https:\/\/langtvvla.com.ar\/wp-content\/uploads\/2026\/09\/1000539596-1-1024x768.jpg\" alt=\"\" class=\"wp-image-12826\" srcset=\"https:\/\/langtvvla.com.ar\/wp-content\/uploads\/2026\/09\/1000539596-1-1024x768.jpg 1024w, https:\/\/langtvvla.com.ar\/wp-content\/uploads\/2026\/09\/1000539596-1-300x225.jpg 300w, https:\/\/langtvvla.com.ar\/wp-content\/uploads\/2026\/09\/1000539596-1-768x576.jpg 768w, https:\/\/langtvvla.com.ar\/wp-content\/uploads\/2026\/09\/1000539596-1-1536x1152.jpg 1536w, https:\/\/langtvvla.com.ar\/wp-content\/uploads\/2026\/09\/1000539596-1-2048x1536.jpg 2048w\" sizes=\"auto, (max-width: 1024px) 100vw, 1024px\" \/><\/figure>\n\n\n\n<p class=\"wp-block-paragraph\"><strong>Reabri\u00f3 totalmente renovado, no s\u00f3lo en lo \u00abestetico\u00bb (pintura, confort, nombre de salas) sino tambi\u00e9n en reorganizacion (con nuevo responsable, de probada trayectoria en la atenci\u00f3n a poblaciones especialmente demandantes, Lucas Vazquez, que viene del Hogar Alvarez).<\/strong><\/p>\n\n\n\n<figure class=\"wp-block-image size-large\"><img loading=\"lazy\" decoding=\"async\" width=\"1024\" height=\"768\" src=\"https:\/\/langtvvla.com.ar\/wp-content\/uploads\/2026\/09\/1000539601-1024x768.jpg\" alt=\"\" class=\"wp-image-12839\" srcset=\"https:\/\/langtvvla.com.ar\/wp-content\/uploads\/2026\/09\/1000539601-1024x768.jpg 1024w, https:\/\/langtvvla.com.ar\/wp-content\/uploads\/2026\/09\/1000539601-300x225.jpg 300w, https:\/\/langtvvla.com.ar\/wp-content\/uploads\/2026\/09\/1000539601-768x576.jpg 768w, https:\/\/langtvvla.com.ar\/wp-content\/uploads\/2026\/09\/1000539601-1536x1152.jpg 1536w, https:\/\/langtvvla.com.ar\/wp-content\/uploads\/2026\/09\/1000539601-2048x1536.jpg 2048w\" sizes=\"auto, (max-width: 1024px) 100vw, 1024px\" \/><\/figure>\n\n\n\n<figure class=\"wp-block-image size-large\"><img loading=\"lazy\" decoding=\"async\" width=\"768\" height=\"1024\" src=\"https:\/\/langtvvla.com.ar\/wp-content\/uploads\/2026\/09\/1000539594-768x1024.jpg\" alt=\"\" class=\"wp-image-12823\" srcset=\"https:\/\/langtvvla.com.ar\/wp-content\/uploads\/2026\/09\/1000539594-768x1024.jpg 768w, https:\/\/langtvvla.com.ar\/wp-content\/uploads\/2026\/09\/1000539594-225x300.jpg 225w, https:\/\/langtvvla.com.ar\/wp-content\/uploads\/2026\/09\/1000539594-1152x1536.jpg 1152w, https:\/\/langtvvla.com.ar\/wp-content\/uploads\/2026\/09\/1000539594-1536x2048.jpg 1536w, https:\/\/langtvvla.com.ar\/wp-content\/uploads\/2026\/09\/1000539594-scaled.jpg 1920w\" sizes=\"auto, (max-width: 768px) 100vw, 768px\" \/><\/figure>\n\n\n\n<p class=\"wp-block-paragraph\"><strong>Fueron parte del evento la Vice Intendenta Tamara Martinez, la Subsecretaria de Ni\u00f1ez y Adolescencia de la Provincia, Dra. Claudia Mesplatere, la Directora Provincial de Pol\u00edticas y Programas de Ni\u00f1ez y Adolescencia de la Provincia, Cecilia Oti\u00f1ano, la Concejal Noelia Figueroa, el Concejal Tomas Andrade, funcionarios del Gabinete Municipal, personal del CDI, familias y vecinxs.<\/strong><\/p>\n\n\n\n<figure class=\"wp-block-image size-large\"><img loading=\"lazy\" decoding=\"async\" width=\"768\" height=\"1024\" src=\"https:\/\/langtvvla.com.ar\/wp-content\/uploads\/2026\/09\/1000539600-768x1024.jpg\" alt=\"\" class=\"wp-image-12835\" srcset=\"https:\/\/langtvvla.com.ar\/wp-content\/uploads\/2026\/09\/1000539600-768x1024.jpg 768w, https:\/\/langtvvla.com.ar\/wp-content\/uploads\/2026\/09\/1000539600-225x300.jpg 225w, https:\/\/langtvvla.com.ar\/wp-content\/uploads\/2026\/09\/1000539600-1152x1536.jpg 1152w, https:\/\/langtvvla.com.ar\/wp-content\/uploads\/2026\/09\/1000539600-1536x2048.jpg 1536w, https:\/\/langtvvla.com.ar\/wp-content\/uploads\/2026\/09\/1000539600-scaled.jpg 1920w\" sizes=\"auto, (max-width: 768px) 100vw, 768px\" \/><\/figure>\n\n\n\n<p class=\"wp-block-paragraph\"><strong>Hermosilla (Director del Alvarez) y Mesplatere<\/strong><\/p>\n\n\n\n<figure class=\"wp-block-image size-large\"><img loading=\"lazy\" decoding=\"async\" width=\"1024\" height=\"768\" src=\"https:\/\/langtvvla.com.ar\/wp-content\/uploads\/2026\/09\/1000539592-1024x768.jpg\" alt=\"\" class=\"wp-image-12821\" srcset=\"https:\/\/langtvvla.com.ar\/wp-content\/uploads\/2026\/09\/1000539592-1024x768.jpg 1024w, https:\/\/langtvvla.com.ar\/wp-content\/uploads\/2026\/09\/1000539592-300x225.jpg 300w, https:\/\/langtvvla.com.ar\/wp-content\/uploads\/2026\/09\/1000539592-768x576.jpg 768w, https:\/\/langtvvla.com.ar\/wp-content\/uploads\/2026\/09\/1000539592-1536x1152.jpg 1536w, https:\/\/langtvvla.com.ar\/wp-content\/uploads\/2026\/09\/1000539592-2048x1536.jpg 2048w\" sizes=\"auto, (max-width: 1024px) 100vw, 1024px\" \/><\/figure>\n\n\n\n<p class=\"wp-block-paragraph\"><strong>Martinez, Figueroa, Mesplatere y Oti\u00f1ano (I a D.)<\/strong><\/p>\n\n\n\n<figure class=\"wp-block-image size-large\"><img loading=\"lazy\" decoding=\"async\" width=\"1024\" height=\"768\" src=\"https:\/\/langtvvla.com.ar\/wp-content\/uploads\/2026\/09\/1000539697-1024x768.jpg\" alt=\"\" class=\"wp-image-12847\" srcset=\"https:\/\/langtvvla.com.ar\/wp-content\/uploads\/2026\/09\/1000539697-1024x768.jpg 1024w, https:\/\/langtvvla.com.ar\/wp-content\/uploads\/2026\/09\/1000539697-300x225.jpg 300w, https:\/\/langtvvla.com.ar\/wp-content\/uploads\/2026\/09\/1000539697-768x576.jpg 768w, https:\/\/langtvvla.com.ar\/wp-content\/uploads\/2026\/09\/1000539697-1536x1152.jpg 1536w, https:\/\/langtvvla.com.ar\/wp-content\/uploads\/2026\/09\/1000539697-2048x1536.jpg 2048w\" sizes=\"auto, (max-width: 1024px) 100vw, 1024px\" \/><\/figure>\n\n\n\n<p class=\"wp-block-paragraph\"><strong>Arias, de mameluco blanco, en acci\u00f3n <\/strong><\/p>\n\n\n\n<p class=\"wp-block-paragraph\"><strong>La est\u00e9tica del CDI, dise\u00f1o, colores y nombres de sala fue una tarea conjunta entre la artista grafitera neuquina Pabla Arias (que lleva m\u00e1s de 30 paradas de colectivos intervenidas en la capital provincial) <a href=\"https:\/\/www.instagram.com\/miss.ojos\/?hl=es\">https:\/\/www.instagram.com\/miss.ojos\/?hl=es<\/a> y las educadoras de la instituci\u00f3n.<\/strong><\/p>\n\n\n\n<figure class=\"wp-block-image size-large\"><img loading=\"lazy\" decoding=\"async\" width=\"768\" height=\"1024\" src=\"https:\/\/langtvvla.com.ar\/wp-content\/uploads\/2026\/09\/1000539698-768x1024.jpg\" alt=\"\" class=\"wp-image-12849\" srcset=\"https:\/\/langtvvla.com.ar\/wp-content\/uploads\/2026\/09\/1000539698-768x1024.jpg 768w, https:\/\/langtvvla.com.ar\/wp-content\/uploads\/2026\/09\/1000539698-225x300.jpg 225w, https:\/\/langtvvla.com.ar\/wp-content\/uploads\/2026\/09\/1000539698-1152x1536.jpg 1152w, https:\/\/langtvvla.com.ar\/wp-content\/uploads\/2026\/09\/1000539698-1536x2048.jpg 1536w, https:\/\/langtvvla.com.ar\/wp-content\/uploads\/2026\/09\/1000539698-scaled.jpg 1920w\" sizes=\"auto, (max-width: 768px) 100vw, 768px\" \/><\/figure>\n\n\n\n<p class=\"wp-block-paragraph\"><strong>Una muestra m\u00e1s del Estado presente, en Angostura y Neuqu\u00e9n, mejorando la vida de neuquinxs y neuquenitxs.<\/strong><\/p>\n\n\n\n<p class=\"wp-block-paragraph\">n<\/p>\n\n\n\n<p class=\"wp-block-paragraph\"><\/p>\n","protected":false},"excerpt":{"rendered":"<p>Este jueves 3 el Intendente Javier Murer encabez\u00f3 el acto de reinauguraci\u00f3n del CDI (Centro de Desarrollo Infantil) \u201cLas Mutisias\u201d, ubicado en la calle Sorbus, justo en la vereda frente al Hogar de Adultos Mayores Alvarez y enfrente al Deliberante y Servicios P\u00fablicos. Es un espacio para la contenci\u00f3n, desarrollo y crecimiento de infancias. Reabri\u00f3 [&hellip;]<\/p>\n","protected":false},"author":1,"featured_media":12829,"comment_status":"open","ping_status":"open","sticky":false,"template":"","format":"standard","meta":{"footnotes":""},"categories":[27,36],"tags":[],"class_list":["post-12820","post","type-post","status-publish","format-standard","has-post-thumbnail","hentry","category-municipalidad","category-sociedad"],"_links":{"self":[{"href":"https:\/\/langtvvla.com.ar\/index.php\/wp-json\/wp\/v2\/posts\/12820","targetHints":{"allow":["GET"]}}],"collection":[{"href":"https:\/\/langtvvla.com.ar\/index.php\/wp-json\/wp\/v2\/posts"}],"about":[{"href":"https:\/\/langtvvla.com.ar\/index.php\/wp-json\/wp\/v2\/types\/post"}],"author":[{"embeddable":true,"href":"https:\/\/langtvvla.com.ar\/index.php\/wp-json\/wp\/v2\/users\/1"}],"replies":[{"embeddable":true,"href":"https:\/\/langtvvla.com.ar\/index.php\/wp-json\/wp\/v2\/comments?post=12820"}],"version-history":[{"count":17,"href":"https:\/\/langtvvla.com.ar\/index.php\/wp-json\/wp\/v2\/posts\/12820\/revisions"}],"predecessor-version":[{"id":12852,"href":"https:\/\/langtvvla.com.ar\/index.php\/wp-json\/wp\/v2\/posts\/12820\/revisions\/12852"}],"wp:featuredmedia":[{"embeddable":true,"href":"https:\/\/langtvvla.com.ar\/index.php\/wp-json\/wp\/v2\/media\/12829"}],"wp:attachment":[{"href":"https:\/\/langtvvla.com.ar\/index.php\/wp-json\/wp\/v2\/media?parent=12820"}],"wp:term":[{"taxonomy":"category","embeddable":true,"href":"https:\/\/langtvvla.com.ar\/index.php\/wp-json\/wp\/v2\/categories?post=12820"},{"taxonomy":"post_tag","embeddable":true,"href":"https:\/\/langtvvla.com.ar\/index.php\/wp-json\/wp\/v2\/tags?post=12820"}],"curies":[{"name":"wp","href":"https:\/\/api.w.org\/{rel}","templated":true}]}}