{"id":1315,"date":"2024-02-16T02:39:55","date_gmt":"2024-02-16T01:39:55","guid":{"rendered":"https:\/\/langtvvla.com.ar\/?p=1315"},"modified":"2024-02-16T02:39:55","modified_gmt":"2024-02-16T01:39:55","slug":"deporte-entrevista-con-integrantes-del-equipo-nacional-de-gimnasia-de-dinamarca","status":"publish","type":"post","link":"https:\/\/langtvvla.com.ar\/index.php\/2024\/02\/16\/deporte-entrevista-con-integrantes-del-equipo-nacional-de-gimnasia-de-dinamarca\/","title":{"rendered":"DEPORTE: ENTREVISTA CON INTEGRANTES DEL EQUIPO NACIONAL DE GIMNASIA DE DINAMARCA"},"content":{"rendered":"\n<figure class=\"wp-block-embed is-type-video is-provider-youtube wp-block-embed-youtube wp-embed-aspect-16-9 wp-has-aspect-ratio\"><div class=\"wp-block-embed__wrapper\">\n<iframe loading=\"lazy\" title=\"EQUIPO NACIONAL DE GIMNASIA DE DINAMARCA, JUEVES 15 FEBRERO 2024\" width=\"500\" height=\"281\" src=\"https:\/\/www.youtube.com\/embed\/pAkoLOAJ8sU?feature=oembed\" frameborder=\"0\" allow=\"accelerometer; autoplay; clipboard-write; encrypted-media; gyroscope; picture-in-picture; web-share\" referrerpolicy=\"strict-origin-when-cross-origin\" allowfullscreen><\/iframe>\n<\/div><\/figure>\n\n\n\n<p><strong>ESTE JUEVES 25 DE FEBRERO TUVIMOS LA POSIBILIDAD DE ENTREVISTAR A UN GIMNASTA DE LOS 28 QUE INTEGRAN EL EQUIPO (SIMON JEPSEN) Y CON LA RESPONSABLE DE COMUNICACIONES (LISA LINDING). EL VIERNES 16 HARAN UNA DEMOSTRACION EN EL CEF 7 A LAS 20HS Y EL SABADO SE PRESENTARAN EN LA FIESTA DE LOS JARDINES.<\/strong><\/p>\n\n\n\n<p><strong>UN RESUMEN DE SIMON:<\/strong><\/p>\n\n\n\n<p><strong>Tiene 25 a\u00f1os, creci\u00f3 en Velling y actualmente estudia ingenier\u00eda mec\u00e1nica en Aarhus. Representa a DGI West Jutland y ha estado activo en el equipo juvenil de la regi\u00f3n de Ringk\u00f8bing-Skjern, en varios equipos de representantes y en el equipo Elite de Ollerup. Adem\u00e1s, ha sido instructor en Velling UIF, Stauning-Dejbjerg IF y Dejbjerglund Efterskole. Adem\u00e1s ha practicado power tumbling (se realiza sobre el piso y trampolines)<\/strong><\/p>\n\n\n\n<p><strong>SOBRE LISA:<\/strong><\/p>\n\n\n\n<p><strong>Es de Copenhague, capital de Dinamarca, trabaja en las comunicaciones y relaciones p\u00fablicas del \u00b7 Equipo Nacional Dan\u00e9s de Rendimiento \/ Equipo Mundial DGI Experiencia. Estudio periodismo y se desempe\u00f1o en Radio4, publica, de Aarhus y en TV 2 Nyheder, de Odense, creado en 1986, publico-privado, comercial, de pago, con canales regionales.<\/strong><\/p>\n\n\n\n<p>\u200b<a href=\"https:\/\/translate.google.com\/details\"><\/a><\/p>\n\n\n\n<p>Enviar comentari<\/p>\n","protected":false},"excerpt":{"rendered":"<p>ESTE JUEVES 25 DE FEBRERO TUVIMOS LA POSIBILIDAD DE ENTREVISTAR A UN GIMNASTA DE LOS 28 QUE INTEGRAN EL EQUIPO (SIMON JEPSEN) Y CON LA RESPONSABLE DE COMUNICACIONES (LISA LINDING). EL VIERNES 16 HARAN UNA DEMOSTRACION EN EL CEF 7 A LAS 20HS Y EL SABADO SE PRESENTARAN EN LA FIESTA DE LOS JARDINES. UN [&hellip;]<\/p>\n","protected":false},"author":1,"featured_media":1316,"comment_status":"open","ping_status":"open","sticky":false,"template":"","format":"standard","meta":{"footnotes":""},"categories":[18],"tags":[],"class_list":["post-1315","post","type-post","status-publish","format-standard","has-post-thumbnail","hentry","category-deportes"],"_links":{"self":[{"href":"https:\/\/langtvvla.com.ar\/index.php\/wp-json\/wp\/v2\/posts\/1315","targetHints":{"allow":["GET"]}}],"collection":[{"href":"https:\/\/langtvvla.com.ar\/index.php\/wp-json\/wp\/v2\/posts"}],"about":[{"href":"https:\/\/langtvvla.com.ar\/index.php\/wp-json\/wp\/v2\/types\/post"}],"author":[{"embeddable":true,"href":"https:\/\/langtvvla.com.ar\/index.php\/wp-json\/wp\/v2\/users\/1"}],"replies":[{"embeddable":true,"href":"https:\/\/langtvvla.com.ar\/index.php\/wp-json\/wp\/v2\/comments?post=1315"}],"version-history":[{"count":1,"href":"https:\/\/langtvvla.com.ar\/index.php\/wp-json\/wp\/v2\/posts\/1315\/revisions"}],"predecessor-version":[{"id":1317,"href":"https:\/\/langtvvla.com.ar\/index.php\/wp-json\/wp\/v2\/posts\/1315\/revisions\/1317"}],"wp:featuredmedia":[{"embeddable":true,"href":"https:\/\/langtvvla.com.ar\/index.php\/wp-json\/wp\/v2\/media\/1316"}],"wp:attachment":[{"href":"https:\/\/langtvvla.com.ar\/index.php\/wp-json\/wp\/v2\/media?parent=1315"}],"wp:term":[{"taxonomy":"category","embeddable":true,"href":"https:\/\/langtvvla.com.ar\/index.php\/wp-json\/wp\/v2\/categories?post=1315"},{"taxonomy":"post_tag","embeddable":true,"href":"https:\/\/langtvvla.com.ar\/index.php\/wp-json\/wp\/v2\/tags?post=1315"}],"curies":[{"name":"wp","href":"https:\/\/api.w.org\/{rel}","templated":true}]}}