{"id":2450,"date":"2024-05-16T03:29:05","date_gmt":"2024-05-16T01:29:05","guid":{"rendered":"https:\/\/langtvvla.com.ar\/?p=2450"},"modified":"2024-05-16T03:57:28","modified_gmt":"2024-05-16T01:57:28","slug":"sociedad-gran-festejo-por-el-92-aniversario-de-angostura","status":"publish","type":"post","link":"https:\/\/langtvvla.com.ar\/index.php\/2024\/05\/16\/sociedad-gran-festejo-por-el-92-aniversario-de-angostura\/","title":{"rendered":"SOCIEDAD: GRAN FESTEJO POR EL 92 ANIVERSARIO DE ANGOSTURA"},"content":{"rendered":"\n<figure class=\"wp-block-embed is-type-video is-provider-youtube wp-block-embed-youtube wp-embed-aspect-16-9 wp-has-aspect-ratio\"><div class=\"wp-block-embed__wrapper\">\n<iframe loading=\"lazy\" title=\"92 ANIVERSARIO ANGOSTURA\" width=\"500\" height=\"281\" src=\"https:\/\/www.youtube.com\/embed\/AdZd97OsG5s?feature=oembed\" frameborder=\"0\" allow=\"accelerometer; autoplay; clipboard-write; encrypted-media; gyroscope; picture-in-picture; web-share\" referrerpolicy=\"strict-origin-when-cross-origin\" allowfullscreen><\/iframe>\n<\/div><\/figure>\n\n\n\n<p><strong>Este mi\u00e9rcoles 15 de mayo se celebr\u00f3 el 92 aniversario de la villa. Un festejo multitudinario se arm\u00f3 sobre el boulevard Nahuel Huapi, con un clima impecable, Sol radiante, que acompa\u00f1\u00f3 toda la jornada.<\/strong><\/p>\n\n\n\n<p><strong>El principio lo inici\u00f3 el intendente Murer, con plaquetas a los primeros pobladores a\u00fan vivos, residentes en su mayor\u00eda en el hogar de adultos mayores Gregorio Alvarez.<\/strong><\/p>\n\n\n\n<p><strong>Luego se cantaron los himnos de Argentina y Neuqu\u00e9n, despu\u00e9s se entregaron la Mutisia de plata, un reconocimiento a personas que destacaron en la comunidad por sus tareas.<\/strong><\/p>\n\n\n\n<figure class=\"wp-block-image size-large\"><img loading=\"lazy\" decoding=\"async\" width=\"1024\" height=\"768\" src=\"https:\/\/langtvvla.com.ar\/wp-content\/uploads\/2024\/05\/IMG_20240515_113957_wm-1024x768.jpg\" alt=\"\" class=\"wp-image-2458\" srcset=\"https:\/\/langtvvla.com.ar\/wp-content\/uploads\/2024\/05\/IMG_20240515_113957_wm-1024x768.jpg 1024w, https:\/\/langtvvla.com.ar\/wp-content\/uploads\/2024\/05\/IMG_20240515_113957_wm-300x225.jpg 300w, https:\/\/langtvvla.com.ar\/wp-content\/uploads\/2024\/05\/IMG_20240515_113957_wm-768x576.jpg 768w, https:\/\/langtvvla.com.ar\/wp-content\/uploads\/2024\/05\/IMG_20240515_113957_wm-1536x1152.jpg 1536w, https:\/\/langtvvla.com.ar\/wp-content\/uploads\/2024\/05\/IMG_20240515_113957_wm-2048x1536.jpg 2048w\" sizes=\"auto, (max-width: 1024px) 100vw, 1024px\" \/><\/figure>\n\n\n\n<p><strong>Tambi\u00e9n se firmaron acuerdos de obras, como la conexi\u00f3n cloacal del hospital Arraiz, licitaci\u00f3n ganada por la empresa LIRA, adem\u00e1s la ministra Corroza hizo entrega de donaciones de elementos deportivos a la municipalidad. Lleg\u00f3 entonces el momento de las alocuciones del intendente y luego el gobernador.<\/strong><\/p>\n\n\n\n<p><strong>Los escenarios estuvieron bien nutridos  uno m\u00e1s bajo, al lado derecho, visto de frente, con las autoridades municipales y otro m\u00e1s elevado con Figueroa y parte de su equipo (Corroza, Ortiz Luna, Nicolini, Martinez, Capiet) y Murer y sra., la viceintendenta Mart\u00ednez, el presidente del Concejo Deliberante Raimondo, en primera fila y otras autoridades detr\u00e1s. <\/strong><\/p>\n\n\n\n<figure class=\"wp-block-image size-large\"><img loading=\"lazy\" decoding=\"async\" width=\"1024\" height=\"768\" src=\"https:\/\/langtvvla.com.ar\/wp-content\/uploads\/2024\/05\/IMG_20240515_113639_wm-1024x768.jpg\" alt=\"\" class=\"wp-image-2459\" srcset=\"https:\/\/langtvvla.com.ar\/wp-content\/uploads\/2024\/05\/IMG_20240515_113639_wm-1024x768.jpg 1024w, https:\/\/langtvvla.com.ar\/wp-content\/uploads\/2024\/05\/IMG_20240515_113639_wm-300x225.jpg 300w, https:\/\/langtvvla.com.ar\/wp-content\/uploads\/2024\/05\/IMG_20240515_113639_wm-768x576.jpg 768w, https:\/\/langtvvla.com.ar\/wp-content\/uploads\/2024\/05\/IMG_20240515_113639_wm-1536x1152.jpg 1536w, https:\/\/langtvvla.com.ar\/wp-content\/uploads\/2024\/05\/IMG_20240515_113639_wm-2048x1536.jpg 2048w\" sizes=\"auto, (max-width: 1024px) 100vw, 1024px\" \/><\/figure>\n\n\n\n<p><strong>Finalmente se produjo el desfile C\u00edvico y militar, con elementos de Gendarmeria, Prefectura, Polic\u00eda, Bomberos, Parques, BRZA, colegios, clubes.<\/strong> <strong>Especialmente emotivo fue el momento de la pasada de los veteranos de Malvinas, entre ellos el subsecretario de prensa Fernando Fal.<\/strong><\/p>\n\n\n\n<p><strong>Al terminar el acto se procedi\u00f3 al corte de una torta enorme, deliciosa, de chocolate y crema, el 1er corte lo hizo Leticia, la esposa del intendente, aparte se acompa\u00f1\u00f3 con chocolate caliente.<\/strong><\/p>\n\n\n\n<figure class=\"wp-block-image size-large\"><img loading=\"lazy\" decoding=\"async\" width=\"1024\" height=\"768\" src=\"https:\/\/langtvvla.com.ar\/wp-content\/uploads\/2024\/05\/IMG_20240515_134412_wm-1024x768.jpg\" alt=\"\" class=\"wp-image-2460\" srcset=\"https:\/\/langtvvla.com.ar\/wp-content\/uploads\/2024\/05\/IMG_20240515_134412_wm-1024x768.jpg 1024w, https:\/\/langtvvla.com.ar\/wp-content\/uploads\/2024\/05\/IMG_20240515_134412_wm-300x225.jpg 300w, https:\/\/langtvvla.com.ar\/wp-content\/uploads\/2024\/05\/IMG_20240515_134412_wm-768x576.jpg 768w, https:\/\/langtvvla.com.ar\/wp-content\/uploads\/2024\/05\/IMG_20240515_134412_wm-1536x1152.jpg 1536w, https:\/\/langtvvla.com.ar\/wp-content\/uploads\/2024\/05\/IMG_20240515_134412_wm-2048x1536.jpg 2048w\" sizes=\"auto, (max-width: 1024px) 100vw, 1024px\" \/><\/figure>\n\n\n\n<p><strong>Y hubo lugar para el almuerzo, un riqu\u00edsimo y caliente guiso de lentejas, preparado por parte de lxs integrantes de Cocina de Monta\u00f1a.<\/strong><\/p>\n\n\n\n<p><strong>Durante el resto de la tarde se desarrollaron juegos para ni\u00f1os y musicales, con la Orquesta Municipal, la leyenda Alejo y los ballets El Reencuentro y El Gaucho.<\/strong><\/p>\n\n\n\n<p><strong>M\u00e1s fotos en Instagram @langtv.vla.nqn<\/strong><\/p>\n","protected":false},"excerpt":{"rendered":"<p>Este mi\u00e9rcoles 15 de mayo se celebr\u00f3 el 92 aniversario de la villa. Un festejo multitudinario se arm\u00f3 sobre el boulevard Nahuel Huapi, con un clima impecable, Sol radiante, que acompa\u00f1\u00f3 toda la jornada. El principio lo inici\u00f3 el intendente Murer, con plaquetas a los primeros pobladores a\u00fan vivos, residentes en su mayor\u00eda en el [&hellip;]<\/p>\n","protected":false},"author":1,"featured_media":2453,"comment_status":"open","ping_status":"open","sticky":false,"template":"","format":"standard","meta":{"footnotes":""},"categories":[6,27,28,36],"tags":[],"class_list":["post-2450","post","type-post","status-publish","format-standard","has-post-thumbnail","hentry","category-gobernador-nqn","category-municipalidad","category-politica","category-sociedad"],"_links":{"self":[{"href":"https:\/\/langtvvla.com.ar\/index.php\/wp-json\/wp\/v2\/posts\/2450","targetHints":{"allow":["GET"]}}],"collection":[{"href":"https:\/\/langtvvla.com.ar\/index.php\/wp-json\/wp\/v2\/posts"}],"about":[{"href":"https:\/\/langtvvla.com.ar\/index.php\/wp-json\/wp\/v2\/types\/post"}],"author":[{"embeddable":true,"href":"https:\/\/langtvvla.com.ar\/index.php\/wp-json\/wp\/v2\/users\/1"}],"replies":[{"embeddable":true,"href":"https:\/\/langtvvla.com.ar\/index.php\/wp-json\/wp\/v2\/comments?post=2450"}],"version-history":[{"count":6,"href":"https:\/\/langtvvla.com.ar\/index.php\/wp-json\/wp\/v2\/posts\/2450\/revisions"}],"predecessor-version":[{"id":2461,"href":"https:\/\/langtvvla.com.ar\/index.php\/wp-json\/wp\/v2\/posts\/2450\/revisions\/2461"}],"wp:featuredmedia":[{"embeddable":true,"href":"https:\/\/langtvvla.com.ar\/index.php\/wp-json\/wp\/v2\/media\/2453"}],"wp:attachment":[{"href":"https:\/\/langtvvla.com.ar\/index.php\/wp-json\/wp\/v2\/media?parent=2450"}],"wp:term":[{"taxonomy":"category","embeddable":true,"href":"https:\/\/langtvvla.com.ar\/index.php\/wp-json\/wp\/v2\/categories?post=2450"},{"taxonomy":"post_tag","embeddable":true,"href":"https:\/\/langtvvla.com.ar\/index.php\/wp-json\/wp\/v2\/tags?post=2450"}],"curies":[{"name":"wp","href":"https:\/\/api.w.org\/{rel}","templated":true}]}}