{"id":3019,"date":"2024-06-18T03:36:49","date_gmt":"2024-06-18T01:36:49","guid":{"rendered":"https:\/\/langtvvla.com.ar\/?p=3019"},"modified":"2024-06-18T04:49:15","modified_gmt":"2024-06-18T02:49:15","slug":"cultura-exitosa-apertura-de-mujeres-de-la-ceramica-en-el-mac","status":"publish","type":"post","link":"https:\/\/langtvvla.com.ar\/index.php\/2024\/06\/18\/cultura-exitosa-apertura-de-mujeres-de-la-ceramica-en-el-mac\/","title":{"rendered":"CULTURA: EXITOSA APERTURA DE MUJERES DE LA CERAMICA EN EL MAC"},"content":{"rendered":"\n<figure class=\"wp-block-embed is-type-video is-provider-youtube wp-block-embed-youtube wp-embed-aspect-16-9 wp-has-aspect-ratio\"><div class=\"wp-block-embed__wrapper\">\n<iframe loading=\"lazy\" title=\"MUJERES DE CERAMICA 2024\" width=\"500\" height=\"281\" src=\"https:\/\/www.youtube.com\/embed\/X0QyqMF5gIQ?feature=oembed\" frameborder=\"0\" allow=\"accelerometer; autoplay; clipboard-write; encrypted-media; gyroscope; picture-in-picture; web-share\" referrerpolicy=\"strict-origin-when-cross-origin\" allowfullscreen><\/iframe>\n<\/div><\/figure>\n\n\n\n<p><strong>Este lunes 17 de junio se inaugur\u00f3 en el MAC la muestra Mujeres de la Cer\u00e1mica, con gran concurrencia de p\u00fablico (m\u00e1s de medio centenar).<\/strong><\/p>\n\n\n\n<figure class=\"wp-block-image size-large\"><img loading=\"lazy\" decoding=\"async\" width=\"1024\" height=\"768\" src=\"https:\/\/langtvvla.com.ar\/wp-content\/uploads\/2024\/06\/IMG_20240617_180555_wm-1024x768.jpg\" alt=\"\" class=\"wp-image-3020\" srcset=\"https:\/\/langtvvla.com.ar\/wp-content\/uploads\/2024\/06\/IMG_20240617_180555_wm-1024x768.jpg 1024w, https:\/\/langtvvla.com.ar\/wp-content\/uploads\/2024\/06\/IMG_20240617_180555_wm-300x225.jpg 300w, https:\/\/langtvvla.com.ar\/wp-content\/uploads\/2024\/06\/IMG_20240617_180555_wm-768x576.jpg 768w, https:\/\/langtvvla.com.ar\/wp-content\/uploads\/2024\/06\/IMG_20240617_180555_wm-1536x1152.jpg 1536w, https:\/\/langtvvla.com.ar\/wp-content\/uploads\/2024\/06\/IMG_20240617_180555_wm-2048x1536.jpg 2048w\" sizes=\"auto, (max-width: 1024px) 100vw, 1024px\" \/><\/figure>\n\n\n\n<p><strong>Es un viaje a trav\u00e9s de estilos, formatos y representaciones, desde vasijas hasta adornos, pasando por jarrones, cuencos, tazas y decoraciones.<\/strong><\/p>\n\n\n\n<p><strong>Estas angosturenses son:<\/strong><\/p>\n\n\n\n<ul class=\"wp-block-list\">\n<li><strong>Sof\u00eda Men\u00e9ndez&nbsp;\u2013 @sofiamenendez_ | 1141711471<\/strong><\/li>\n\n\n\n<li><strong>Tania Chamba&nbsp;\u2013 @tan.delatierra<\/strong><\/li>\n\n\n\n<li><strong>Mar\u00eda Gabriela Noval&nbsp;\u2013 @7_elementos | 2944567647<\/strong><\/li>\n\n\n\n<li><strong>Patricia y Sof\u00eda&nbsp;\u2013 @raytrai_ | 2944 294051<\/strong><\/li>\n\n\n\n<li><strong>Fernanda Amuch\u00e1stegui<\/strong>&nbsp;\u2013 <strong>@ollasdebarro_elanfora<\/strong><\/li>\n\n\n\n<li><strong>Ana y Ail\u00edn&nbsp;\u2013 @lasiesta.arte | 2944577539<\/strong><\/li>\n\n\n\n<li><strong>Silvia Arnaldo&nbsp;\u2013 2944556912<\/strong><\/li>\n\n\n\n<li><strong>Lucia Boglioli&nbsp;\u2013 @azul.patagonia<\/strong><\/li>\n<\/ul>\n\n\n\n<figure class=\"wp-block-image size-large\"><img loading=\"lazy\" decoding=\"async\" width=\"1024\" height=\"969\" src=\"https:\/\/langtvvla.com.ar\/wp-content\/uploads\/2024\/06\/IMG_20240617_192942_wm-1024x969.jpg\" alt=\"\" class=\"wp-image-3029\" srcset=\"https:\/\/langtvvla.com.ar\/wp-content\/uploads\/2024\/06\/IMG_20240617_192942_wm-1024x969.jpg 1024w, https:\/\/langtvvla.com.ar\/wp-content\/uploads\/2024\/06\/IMG_20240617_192942_wm-300x284.jpg 300w, https:\/\/langtvvla.com.ar\/wp-content\/uploads\/2024\/06\/IMG_20240617_192942_wm-768x727.jpg 768w, https:\/\/langtvvla.com.ar\/wp-content\/uploads\/2024\/06\/IMG_20240617_192942_wm-1536x1453.jpg 1536w, https:\/\/langtvvla.com.ar\/wp-content\/uploads\/2024\/06\/IMG_20240617_192942_wm-2048x1937.jpg 2048w\" sizes=\"auto, (max-width: 1024px) 100vw, 1024px\" \/><\/figure>\n\n\n\n<p><strong>Patricia y Sof\u00eda son madre e hija, trabajan en torno y para pintar sus creaciones se inspiran en flores aut\u00f3ctonas.<\/strong><\/p>\n\n\n\n<p><strong>Silvia Arnaldo es docente y realiz\u00f3 m\u00e1scaras tomando como problema la cuesti\u00f3n Mapuche.<\/strong><\/p>\n\n\n\n<figure class=\"wp-block-image size-large\"><img loading=\"lazy\" decoding=\"async\" width=\"1024\" height=\"743\" src=\"https:\/\/langtvvla.com.ar\/wp-content\/uploads\/2024\/06\/IMG_20240617_183309_wm-1024x743.jpg\" alt=\"\" class=\"wp-image-3024\" srcset=\"https:\/\/langtvvla.com.ar\/wp-content\/uploads\/2024\/06\/IMG_20240617_183309_wm-1024x743.jpg 1024w, https:\/\/langtvvla.com.ar\/wp-content\/uploads\/2024\/06\/IMG_20240617_183309_wm-300x218.jpg 300w, https:\/\/langtvvla.com.ar\/wp-content\/uploads\/2024\/06\/IMG_20240617_183309_wm-768x557.jpg 768w, https:\/\/langtvvla.com.ar\/wp-content\/uploads\/2024\/06\/IMG_20240617_183309_wm-1536x1114.jpg 1536w, https:\/\/langtvvla.com.ar\/wp-content\/uploads\/2024\/06\/IMG_20240617_183309_wm-2048x1485.jpg 2048w\" sizes=\"auto, (max-width: 1024px) 100vw, 1024px\" \/><\/figure>\n\n\n\n<p><strong>Gabriela Noval se gradu\u00f3 de la Escuela de Cer\u00e1mica de Bulnes en 1999, en 2015 abri\u00f3 su taller 7 Elementos, docente, trabaja en torno y plancha.<\/strong><\/p>\n\n\n\n<p><strong>Luc\u00eda Boglioli es rosarina, se instal\u00f3 en la villa en 2014 y le gusta trabajar la cer\u00e1mica en colores azul y blanco.<\/strong><\/p>\n\n\n\n<p><strong>Fernanda Amuchastegui es porte\u00f1a, llegada en 2020, es egresada de la Escuela de Avellaneda, se dedica a realizar ollas de barro<\/strong>.<\/p>\n\n\n\n<figure class=\"wp-block-image size-large\"><img loading=\"lazy\" decoding=\"async\" width=\"1024\" height=\"768\" src=\"https:\/\/langtvvla.com.ar\/wp-content\/uploads\/2024\/06\/IMG_20240617_180928_wm-1024x768.jpg\" alt=\"\" class=\"wp-image-3021\" srcset=\"https:\/\/langtvvla.com.ar\/wp-content\/uploads\/2024\/06\/IMG_20240617_180928_wm-1024x768.jpg 1024w, https:\/\/langtvvla.com.ar\/wp-content\/uploads\/2024\/06\/IMG_20240617_180928_wm-300x225.jpg 300w, https:\/\/langtvvla.com.ar\/wp-content\/uploads\/2024\/06\/IMG_20240617_180928_wm-768x576.jpg 768w, https:\/\/langtvvla.com.ar\/wp-content\/uploads\/2024\/06\/IMG_20240617_180928_wm-1536x1152.jpg 1536w, https:\/\/langtvvla.com.ar\/wp-content\/uploads\/2024\/06\/IMG_20240617_180928_wm-2048x1536.jpg 2048w\" sizes=\"auto, (max-width: 1024px) 100vw, 1024px\" \/><\/figure>\n\n\n\n<p><strong>Tania Chamba es ceramista desde 2025  la m\u00e1s experimental de todas, trabaja en Gres (pasta cer\u00e1mica de arcilla).<\/strong><\/p>\n\n\n\n<p><strong>Ana y Aylin son ceramistas desde 2010 y abrieron su taller en 2013.<\/strong><\/p>\n","protected":false},"excerpt":{"rendered":"<p>Este lunes 17 de junio se inaugur\u00f3 en el MAC la muestra Mujeres de la Cer\u00e1mica, con gran concurrencia de p\u00fablico (m\u00e1s de medio centenar). Es un viaje a trav\u00e9s de estilos, formatos y representaciones, desde vasijas hasta adornos, pasando por jarrones, cuencos, tazas y decoraciones. Estas angosturenses son: Patricia y Sof\u00eda son madre e [&hellip;]<\/p>\n","protected":false},"author":1,"featured_media":3022,"comment_status":"open","ping_status":"open","sticky":false,"template":"","format":"standard","meta":{"footnotes":""},"categories":[8],"tags":[],"class_list":["post-3019","post","type-post","status-publish","format-standard","has-post-thumbnail","hentry","category-sin-categoria"],"_links":{"self":[{"href":"https:\/\/langtvvla.com.ar\/index.php\/wp-json\/wp\/v2\/posts\/3019","targetHints":{"allow":["GET"]}}],"collection":[{"href":"https:\/\/langtvvla.com.ar\/index.php\/wp-json\/wp\/v2\/posts"}],"about":[{"href":"https:\/\/langtvvla.com.ar\/index.php\/wp-json\/wp\/v2\/types\/post"}],"author":[{"embeddable":true,"href":"https:\/\/langtvvla.com.ar\/index.php\/wp-json\/wp\/v2\/users\/1"}],"replies":[{"embeddable":true,"href":"https:\/\/langtvvla.com.ar\/index.php\/wp-json\/wp\/v2\/comments?post=3019"}],"version-history":[{"count":11,"href":"https:\/\/langtvvla.com.ar\/index.php\/wp-json\/wp\/v2\/posts\/3019\/revisions"}],"predecessor-version":[{"id":3040,"href":"https:\/\/langtvvla.com.ar\/index.php\/wp-json\/wp\/v2\/posts\/3019\/revisions\/3040"}],"wp:featuredmedia":[{"embeddable":true,"href":"https:\/\/langtvvla.com.ar\/index.php\/wp-json\/wp\/v2\/media\/3022"}],"wp:attachment":[{"href":"https:\/\/langtvvla.com.ar\/index.php\/wp-json\/wp\/v2\/media?parent=3019"}],"wp:term":[{"taxonomy":"category","embeddable":true,"href":"https:\/\/langtvvla.com.ar\/index.php\/wp-json\/wp\/v2\/categories?post=3019"},{"taxonomy":"post_tag","embeddable":true,"href":"https:\/\/langtvvla.com.ar\/index.php\/wp-json\/wp\/v2\/tags?post=3019"}],"curies":[{"name":"wp","href":"https:\/\/api.w.org\/{rel}","templated":true}]}}