{"id":3946,"date":"2024-09-04T21:34:38","date_gmt":"2024-09-04T19:34:38","guid":{"rendered":"https:\/\/langtvvla.com.ar\/?p=3946"},"modified":"2024-09-05T03:02:14","modified_gmt":"2024-09-05T01:02:14","slug":"politica-sin-milagro-chiquito-murer-esta-vez-no-pudo-2-5-a-interpelacion","status":"publish","type":"post","link":"https:\/\/langtvvla.com.ar\/index.php\/2024\/09\/04\/politica-sin-milagro-chiquito-murer-esta-vez-no-pudo-2-5-a-interpelacion\/","title":{"rendered":"POLITICA: SIN MILAGRO, CHIQUITO MURER ESTA VEZ NO PUDO (2-5), A INTERPELACION"},"content":{"rendered":"\n<figure class=\"wp-block-embed is-type-video is-provider-youtube wp-block-embed-youtube wp-embed-aspect-16-9 wp-has-aspect-ratio\"><div class=\"wp-block-embed__wrapper\">\n<iframe loading=\"lazy\" title=\"13 SESION ORDINARIA HCD\" width=\"500\" height=\"281\" src=\"https:\/\/www.youtube.com\/embed\/1SUSfkn2e-A?feature=oembed\" frameborder=\"0\" allow=\"accelerometer; autoplay; clipboard-write; encrypted-media; gyroscope; picture-in-picture; web-share\" referrerpolicy=\"strict-origin-when-cross-origin\" allowfullscreen><\/iframe>\n<\/div><\/figure>\n\n\n\n<p><strong>Este miercoles 4 de septiembre fue la 13era Sesion ordinaria del Deliberante.<\/strong><\/p>\n\n\n\n<p><strong>En el orden del dia, que incluia los diversos pedidos de excepciones, de declaraciones de interes a jornadas (de kinesiologia hospitalarias, de deportologia,) y festivales (de clarinete), instrumentacion de ordenanzas (poda y apeo 1504) y los infaltables pases a archivo, resaltaba la citacion (nuevamente), al intendente Murer.<\/strong><\/p>\n\n\n\n<p><strong>El pedido de interpelacion se fundaba en el art 95 (Deberes y atribuciones del HCD) inc 45 (Convocar, por los votos de la mayor\u00eda simple, cuando juzgue oportuno, al intendente,<br>viceintendente, secretarios y dem\u00e1s funcionarios del \u00f3rgano ejecutivo y de control, para que<br>concurran obligatoriamente a suministrar informes. La citaci\u00f3n deber\u00e1 hacerse con cinco (5) d\u00edas h\u00e1biles de anticipaci\u00f3n, conteniendo los puntos a informar. Este plazo podr\u00e1 reducirse cuando se califique el asunto como de extrema gravedad o urgencia) de la COM, debido a 3 decretos por compras directas.<\/strong><\/p>\n\n\n\n<figure class=\"wp-block-image size-full\"><img loading=\"lazy\" decoding=\"async\" width=\"624\" height=\"988\" src=\"https:\/\/langtvvla.com.ar\/wp-content\/uploads\/2024\/09\/Photo_Face_Swap-1-2.png\" alt=\"\" class=\"wp-image-3965\" srcset=\"https:\/\/langtvvla.com.ar\/wp-content\/uploads\/2024\/09\/Photo_Face_Swap-1-2.png 624w, https:\/\/langtvvla.com.ar\/wp-content\/uploads\/2024\/09\/Photo_Face_Swap-1-2-189x300.png 189w\" sizes=\"auto, (max-width: 624px) 100vw, 624px\" \/><\/figure>\n\n\n\n<p><strong><mark style=\"background-color:rgba(0, 0, 0, 0);color:#ee0606\" class=\"has-inline-color\">PORQUE CITARON A MURER<\/mark><\/strong><\/p>\n\n\n\n<p><strong>El intendente incumplio los art. 191 y 192 de la COM<\/strong>.<\/p>\n\n\n\n<p><strong>Limitaci\u00f3n de compras directas<\/strong><\/p>\n\n\n\n<p><strong>Art\u00edculo 191. En caso de adquisici\u00f3n de bienes por compra directa el monto m\u00e1ximo es el<br>equivalente a la suma de dos (2) remuneraciones percibidas por el intendente.<\/strong><\/p>\n\n\n\n<p><strong>Urgencias<\/strong><\/p>\n\n\n\n<p><strong>Art\u00edculo 192. El Concejo Deliberante puede autorizar contrataciones directas, por v\u00eda de excepci\u00f3n, cuando supere el m\u00e1ximo permitido y cuando razones de urgencia as\u00ed lo aconsejen, necesitando para ello la aprobaci\u00f3n con los votos de los dos tercios (2\/3) de la totalidad del Cuerpo.<\/strong><\/p>\n\n\n\n<p><strong>N\u00b01420: adquisici\u00f3n de servidores para el departamento de modernizaci\u00f3n de la Secretar\u00eda de Hacienda, $17.397.486<\/strong><\/p>\n\n\n\n<p><strong>N\u00b01566: adquisici\u00f3n de arrancadores para bombeo del Quetrihu\u00e9 y Correntoso, $10.000.000 <\/strong><\/p>\n\n\n\n<p><strong>N\u00b01877:&nbsp;adquisici\u00f3n de tablero de transferencia para bombeo de Correntoso, $12.874.400<\/strong><\/p>\n\n\n\n<p><strong>Un 4to Decreto, denunciado publicamente, no fue incluido, el &nbsp;N\u00b01513, locaci\u00f3n de servicios por alquiler de carpas para la 16\u00b0 edici\u00f3n del Encuentro de Emprendedores que se realiz\u00f3 del 12 al 21 de julio, $6.586.175&nbsp;<\/strong><\/p>\n\n\n\n<p><strong>En esta ocasion, a diferencia de hace 15 dias, no parecia que el pronostico fuera favorable, mas bien, dados los ultimos tejes y desmanejes con la JACAD, lo que se avecinaba era tormenta.<\/strong><\/p>\n\n\n\n<p><strong><mark style=\"background-color:rgba(0, 0, 0, 0);color:#f20404\" class=\"has-inline-color\">QUE SUCEDIO EN LA SESION, COMO VOTARON<\/mark><\/strong><\/p>\n\n\n\n<figure class=\"wp-block-image size-full\"><img loading=\"lazy\" decoding=\"async\" width=\"394\" height=\"308\" src=\"https:\/\/langtvvla.com.ar\/wp-content\/uploads\/2024\/09\/172548409239-b5b900e5-92c4-3b52-c21d-c88bd9a8abcd.png\" alt=\"\" class=\"wp-image-3966\" srcset=\"https:\/\/langtvvla.com.ar\/wp-content\/uploads\/2024\/09\/172548409239-b5b900e5-92c4-3b52-c21d-c88bd9a8abcd.png 394w, https:\/\/langtvvla.com.ar\/wp-content\/uploads\/2024\/09\/172548409239-b5b900e5-92c4-3b52-c21d-c88bd9a8abcd-300x235.png 300w\" sizes=\"auto, (max-width: 394px) 100vw, 394px\" \/><\/figure>\n\n\n\n<p><strong>Acercandose el mediodia y con la gente de ATE en el exterior a puro redoblante (se hallaban en estado de alerta por el freno a la incorporacion de 18 monotributistas), los animos empezaron a acalorarse dentro.<\/strong><\/p>\n\n\n\n<p><strong>Se percibia una sensacion distinta, acentuandose cada vez que el presidente Raimondo enunciaba \u00abAlguna mocion mas?\u00bb y otra concejal levantaba la mano.<\/strong><\/p>\n\n\n\n<p><strong>Hubo tiempo, incluso, para un intento de defensa de rechazo oficialista, por parte de Figueroa y Raimondo, dignos y obligatorios, pero inutiles e innecesarios, desde el momento que el concejal Andrade manifesto que estaba en contra de toda medida que viola la COM y que el otro neo oficialista, Venica, tambien rechazo lo ilegal de los decretos.<\/strong><\/p>\n\n\n\n<p><strong>Tampoco parecia que fueran a aparecer heroes de ultima hora, ningun arquero misionero ataja penales, ningun super bombero podia llegar en socorro.<\/strong> <strong>Todo parecia decidido.<\/strong><\/p>\n\n\n\n<p><strong>Cuando ya no hubo mas que manifestar, llego el momento de la accion. A levantar las manos, de las y los 7 presentes preguntados por la afirmativa a la citacion fueron 5 las levantadas, solo 2 rechazaron (Raimondo y Figueroa).<\/strong><\/p>\n\n\n\n<p><strong>En ese mismo instante el auditorio exploto en algarabia, aplausos incluidos, habia unas 20 personas, varias de la politica (Mirna Gomez, Jose Dino, Tito Perez) y vecinos sin afiliacion.<\/strong><\/p>\n\n\n\n<p><strong><mark style=\"background-color:rgba(0, 0, 0, 0);color:#f40606\" class=\"has-inline-color\">QUE VIENE AHORA<\/mark><\/strong><\/p>\n\n\n\n<figure class=\"wp-block-image size-full\"><img loading=\"lazy\" decoding=\"async\" width=\"824\" height=\"828\" src=\"https:\/\/langtvvla.com.ar\/wp-content\/uploads\/2024\/09\/1725487010351-acf7e743-ad09-66ec-f9e3-4210689035a8.png\" alt=\"\" class=\"wp-image-3981\" srcset=\"https:\/\/langtvvla.com.ar\/wp-content\/uploads\/2024\/09\/1725487010351-acf7e743-ad09-66ec-f9e3-4210689035a8.png 824w, https:\/\/langtvvla.com.ar\/wp-content\/uploads\/2024\/09\/1725487010351-acf7e743-ad09-66ec-f9e3-4210689035a8-300x300.png 300w, https:\/\/langtvvla.com.ar\/wp-content\/uploads\/2024\/09\/1725487010351-acf7e743-ad09-66ec-f9e3-4210689035a8-150x150.png 150w, https:\/\/langtvvla.com.ar\/wp-content\/uploads\/2024\/09\/1725487010351-acf7e743-ad09-66ec-f9e3-4210689035a8-768x772.png 768w\" sizes=\"auto, (max-width: 824px) 100vw, 824px\" \/><\/figure>\n\n\n\n<p><strong>Por empezar la primera parada sera el 12 de septiembre a las 11 horas, aunque los tiempos politicos no dan tanto respiro.<\/strong><\/p>\n\n\n\n<p><strong>Ya el jueves 5 a la ma\u00f1ana otra vez ATE dira presente, continuando el reclamo por la incorporacion de 18 monotributistas.<\/strong><\/p>\n\n\n\n<p><strong>Es que el Intendente pareceria estar en las botas del capitan Ahab (el de la famosa obra de Herman Melville, Moby Dick), solo que en vez del bergantin Pequod y su timon de mand\u00edbula de cachalote, se halla al mando de un navio mas complejo y -a veces- ingobernable, la Municipalidad de Angostura.<\/strong><\/p>\n\n\n\n<p><strong>Tambien tiene sus obsesiones, no una ballena blanca, sino un gremio que no le da respiro, y recien van 8 meses en este largo viaje de 4 a\u00f1os.<\/strong><\/p>\n\n\n\n<p><strong>Y hablando de largo viaje, el de Murer no parece de placer, bien lejos quedaron esas semanas en el sur de Francia para interiorizarse de proyectos turisticos, no, el suyo se asemeja al de ese veterano sargento de las fuerzas especiales norteamericanas recientemente regresado de Vietnam, John Rambo, que recala en un pueblito de monta\u00f1as, lagos, aburrido y apacible (aparentemente), donde lo mas traumatico que podria ocurrir es se cruce un animal en la ruta cuando se conduce.<\/strong><\/p>\n\n\n\n<p><strong>Entonces, a partir de un hecho fortuito como es un procedimiento regular, administrativo, se encadenan sucesos que van escalando la situacion. Como reaccionara el Intendente ante los problemas en el funcionamiento de la JACAD?, podra reencauzarla o implosionara todo?, se resentira su relacion con la Vice o se fortalecera?, como quedara la dinamica en el bloque oficialista del Deliberante?.<\/strong><\/p>\n\n\n\n<figure class=\"wp-block-image size-full\"><img loading=\"lazy\" decoding=\"async\" width=\"930\" height=\"566\" src=\"https:\/\/langtvvla.com.ar\/wp-content\/uploads\/2024\/09\/1725486947474-bb009559-01e3-e9ec-649a-1b2ef299afef.png\" alt=\"\" class=\"wp-image-3977\" srcset=\"https:\/\/langtvvla.com.ar\/wp-content\/uploads\/2024\/09\/1725486947474-bb009559-01e3-e9ec-649a-1b2ef299afef.png 930w, https:\/\/langtvvla.com.ar\/wp-content\/uploads\/2024\/09\/1725486947474-bb009559-01e3-e9ec-649a-1b2ef299afef-300x183.png 300w, https:\/\/langtvvla.com.ar\/wp-content\/uploads\/2024\/09\/1725486947474-bb009559-01e3-e9ec-649a-1b2ef299afef-768x467.png 768w\" sizes=\"auto, (max-width: 930px) 100vw, 930px\" \/><\/figure>\n\n\n\n<p><strong>Habra rebeliones y descarriados o el jedi seguira el camino iluminado de la fuerza?. Son todas incognitas dificiles de desentra\u00f1ar hoy, solo que, mas alla de las decisiones individuales, la experiencia ha mostrado que las soluciones vienen del grupo, del consenso, la negociacion, que implica participacion. Ojala dicho mensaje este llegando claro y fuerte a Obispo de Nevares.<\/strong><\/p>\n\n\n\n<p><strong>IMAGENES CREADAS CON AI<\/strong><\/p>\n","protected":false},"excerpt":{"rendered":"<p>Este miercoles 4 de septiembre fue la 13era Sesion ordinaria del Deliberante. En el orden del dia, que incluia los diversos pedidos de excepciones, de declaraciones de interes a jornadas (de kinesiologia hospitalarias, de deportologia,) y festivales (de clarinete), instrumentacion de ordenanzas (poda y apeo 1504) y los infaltables pases a archivo, resaltaba la citacion [&hellip;]<\/p>\n","protected":false},"author":1,"featured_media":3958,"comment_status":"open","ping_status":"open","sticky":false,"template":"","format":"standard","meta":{"footnotes":""},"categories":[28],"tags":[],"class_list":["post-3946","post","type-post","status-publish","format-standard","has-post-thumbnail","hentry","category-politica"],"_links":{"self":[{"href":"https:\/\/langtvvla.com.ar\/index.php\/wp-json\/wp\/v2\/posts\/3946","targetHints":{"allow":["GET"]}}],"collection":[{"href":"https:\/\/langtvvla.com.ar\/index.php\/wp-json\/wp\/v2\/posts"}],"about":[{"href":"https:\/\/langtvvla.com.ar\/index.php\/wp-json\/wp\/v2\/types\/post"}],"author":[{"embeddable":true,"href":"https:\/\/langtvvla.com.ar\/index.php\/wp-json\/wp\/v2\/users\/1"}],"replies":[{"embeddable":true,"href":"https:\/\/langtvvla.com.ar\/index.php\/wp-json\/wp\/v2\/comments?post=3946"}],"version-history":[{"count":17,"href":"https:\/\/langtvvla.com.ar\/index.php\/wp-json\/wp\/v2\/posts\/3946\/revisions"}],"predecessor-version":[{"id":3983,"href":"https:\/\/langtvvla.com.ar\/index.php\/wp-json\/wp\/v2\/posts\/3946\/revisions\/3983"}],"wp:featuredmedia":[{"embeddable":true,"href":"https:\/\/langtvvla.com.ar\/index.php\/wp-json\/wp\/v2\/media\/3958"}],"wp:attachment":[{"href":"https:\/\/langtvvla.com.ar\/index.php\/wp-json\/wp\/v2\/media?parent=3946"}],"wp:term":[{"taxonomy":"category","embeddable":true,"href":"https:\/\/langtvvla.com.ar\/index.php\/wp-json\/wp\/v2\/categories?post=3946"},{"taxonomy":"post_tag","embeddable":true,"href":"https:\/\/langtvvla.com.ar\/index.php\/wp-json\/wp\/v2\/tags?post=3946"}],"curies":[{"name":"wp","href":"https:\/\/api.w.org\/{rel}","templated":true}]}}