{"id":4018,"date":"2024-09-09T21:59:04","date_gmt":"2024-09-09T19:59:04","guid":{"rendered":"https:\/\/langtvvla.com.ar\/?p=4018"},"modified":"2024-09-09T22:15:18","modified_gmt":"2024-09-09T20:15:18","slug":"sociedad-servicios-publicos-reparando-casa-de-la-cultura","status":"publish","type":"post","link":"https:\/\/langtvvla.com.ar\/index.php\/2024\/09\/09\/sociedad-servicios-publicos-reparando-casa-de-la-cultura\/","title":{"rendered":"SOCIEDAD: SERVICIOS PUBLICOS REPARANDO CASA DE LA CULTURA"},"content":{"rendered":"\n<figure class=\"wp-block-embed is-type-video is-provider-youtube wp-block-embed-youtube wp-embed-aspect-16-9 wp-has-aspect-ratio\"><div class=\"wp-block-embed__wrapper\">\n<iframe loading=\"lazy\" title=\"REPARACION CASA DE LA CULTURA, DOMINGO 8 SEPTIEMBRE 2024\" width=\"500\" height=\"281\" src=\"https:\/\/www.youtube.com\/embed\/v7XVXnToJqk?feature=oembed\" frameborder=\"0\" allow=\"accelerometer; autoplay; clipboard-write; encrypted-media; gyroscope; picture-in-picture; web-share\" referrerpolicy=\"strict-origin-when-cross-origin\" allowfullscreen><\/iframe>\n<\/div><\/figure>\n\n\n\n<figure class=\"wp-block-image size-full\"><img loading=\"lazy\" decoding=\"async\" width=\"720\" height=\"956\" src=\"https:\/\/langtvvla.com.ar\/wp-content\/uploads\/2024\/09\/Screenshot_20240909-164625_TypIt.jpg\" alt=\"\" class=\"wp-image-4023\" srcset=\"https:\/\/langtvvla.com.ar\/wp-content\/uploads\/2024\/09\/Screenshot_20240909-164625_TypIt.jpg 720w, https:\/\/langtvvla.com.ar\/wp-content\/uploads\/2024\/09\/Screenshot_20240909-164625_TypIt-226x300.jpg 226w\" sizes=\"auto, (max-width: 720px) 100vw, 720px\" \/><\/figure>\n\n\n\n<p><strong>Este domingo 8 de septiembre por la ma\u00f1ana,  personal de la Secretaria de Servicios Publicos estuvo realizando tareas de reparacion el\u00e9ctrica en la Casa de la Cultura, que se encontraba sin energ\u00eda.<\/strong><\/p>\n\n\n\n<figure class=\"wp-block-image size-full\"><img loading=\"lazy\" decoding=\"async\" width=\"720\" height=\"960\" src=\"https:\/\/langtvvla.com.ar\/wp-content\/uploads\/2024\/09\/Screenshot_20240909-164553_TypIt.jpg\" alt=\"\" class=\"wp-image-4021\" srcset=\"https:\/\/langtvvla.com.ar\/wp-content\/uploads\/2024\/09\/Screenshot_20240909-164553_TypIt.jpg 720w, https:\/\/langtvvla.com.ar\/wp-content\/uploads\/2024\/09\/Screenshot_20240909-164553_TypIt-225x300.jpg 225w\" sizes=\"auto, (max-width: 720px) 100vw, 720px\" \/><\/figure>\n\n\n\n<p><strong>Sabemos que el clima es bastante duro en la region y las ultimas tormentas ya estaban perjudicando las instalaciones, con filtraciones y deterioro de equipos, que llevaron a sus reemplazos<\/strong>.<\/p>\n\n\n\n<p><strong>Fue necesario realizar todo un zanjeo por el frente sobre la calle Frambuesas, unos 12mts, para luego girar sobre el lado derecho 8mts y cerrar la conexion.<\/strong><\/p>\n","protected":false},"excerpt":{"rendered":"<p>Este domingo 8 de septiembre por la ma\u00f1ana, personal de la Secretaria de Servicios Publicos estuvo realizando tareas de reparacion el\u00e9ctrica en la Casa de la Cultura, que se encontraba sin energ\u00eda. Sabemos que el clima es bastante duro en la region y las ultimas tormentas ya estaban perjudicando las instalaciones, con filtraciones y deterioro [&hellip;]<\/p>\n","protected":false},"author":1,"featured_media":4019,"comment_status":"open","ping_status":"open","sticky":false,"template":"","format":"standard","meta":{"footnotes":""},"categories":[31,30,27,36],"tags":[],"class_list":["post-4018","post","type-post","status-publish","format-standard","has-post-thumbnail","hentry","category-cultura","category-energia","category-municipalidad","category-sociedad"],"_links":{"self":[{"href":"https:\/\/langtvvla.com.ar\/index.php\/wp-json\/wp\/v2\/posts\/4018","targetHints":{"allow":["GET"]}}],"collection":[{"href":"https:\/\/langtvvla.com.ar\/index.php\/wp-json\/wp\/v2\/posts"}],"about":[{"href":"https:\/\/langtvvla.com.ar\/index.php\/wp-json\/wp\/v2\/types\/post"}],"author":[{"embeddable":true,"href":"https:\/\/langtvvla.com.ar\/index.php\/wp-json\/wp\/v2\/users\/1"}],"replies":[{"embeddable":true,"href":"https:\/\/langtvvla.com.ar\/index.php\/wp-json\/wp\/v2\/comments?post=4018"}],"version-history":[{"count":4,"href":"https:\/\/langtvvla.com.ar\/index.php\/wp-json\/wp\/v2\/posts\/4018\/revisions"}],"predecessor-version":[{"id":4026,"href":"https:\/\/langtvvla.com.ar\/index.php\/wp-json\/wp\/v2\/posts\/4018\/revisions\/4026"}],"wp:featuredmedia":[{"embeddable":true,"href":"https:\/\/langtvvla.com.ar\/index.php\/wp-json\/wp\/v2\/media\/4019"}],"wp:attachment":[{"href":"https:\/\/langtvvla.com.ar\/index.php\/wp-json\/wp\/v2\/media?parent=4018"}],"wp:term":[{"taxonomy":"category","embeddable":true,"href":"https:\/\/langtvvla.com.ar\/index.php\/wp-json\/wp\/v2\/categories?post=4018"},{"taxonomy":"post_tag","embeddable":true,"href":"https:\/\/langtvvla.com.ar\/index.php\/wp-json\/wp\/v2\/tags?post=4018"}],"curies":[{"name":"wp","href":"https:\/\/api.w.org\/{rel}","templated":true}]}}