{"id":4641,"date":"2024-10-31T23:59:38","date_gmt":"2024-10-31T22:59:38","guid":{"rendered":"https:\/\/langtvvla.com.ar\/?p=4641"},"modified":"2024-11-01T00:59:43","modified_gmt":"2024-10-31T23:59:43","slug":"deportes-se-viene-la-chichi-irizar-2024-con-declaracion-interes-provincial-y-gimnasio-propio","status":"publish","type":"post","link":"https:\/\/langtvvla.com.ar\/index.php\/2024\/10\/31\/deportes-se-viene-la-chichi-irizar-2024-con-declaracion-interes-provincial-y-gimnasio-propio\/","title":{"rendered":"DEPORTES: SE VIENE LA CHICHI IRIZAR 2024, CON DECLARACION INTERES PROVINCIAL Y GIMNASIO PROPIO"},"content":{"rendered":"\n<div data-wp-interactive=\"core\/file\" class=\"wp-block-file\"><object data-wp-bind--hidden=\"!state.hasPdfPreview\" hidden class=\"wp-block-file__embed\" data=\"https:\/\/langtvvla.com.ar\/wp-content\/uploads\/2024\/10\/Proy17173.pdf\" type=\"application\/pdf\" style=\"width:100%;height:600px\" aria-label=\"Incrustado de Proy17173.\"><\/object><a id=\"wp-block-file--media-9bb27e61-30b5-44a2-9fd8-5742096f6a50\" href=\"https:\/\/langtvvla.com.ar\/wp-content\/uploads\/2024\/10\/Proy17173.pdf\">Proy17173<\/a><a href=\"https:\/\/langtvvla.com.ar\/wp-content\/uploads\/2024\/10\/Proy17173.pdf\" class=\"wp-block-file__button wp-element-button\" download aria-describedby=\"wp-block-file--media-9bb27e61-30b5-44a2-9fd8-5742096f6a50\">Descarga<\/a><\/div>\n\n\n\n<p><strong>Este 3 de noviembre se desarrollara la tradicional tria Chichi Irizar, evento deportivo en homenaje a esa gran atleta angosturense.<\/strong><\/p>\n\n\n\n<p><strong>Este edicion viene con muchas novedades. Por empezar, a iniciativa del diputado provincial Matias Martinez, de Desarrollo Ciudadano, partido del bloque oficialista Comunidad, se aprobo el 16 de octubre durante la reunion 33, en nota numero 3932 a la carrera como<\/strong><\/p>\n\n\n\n<p><strong>\u00abDe inter\u00e9s del Poder Legislativo el triatl\u00f3n de montana, en el marco del 22 homenaje a \u00abChichi\u00bb Irizar, que se realizar\u00e1 el 3 de noviembre de 2024 en Villa La Angostura\u00bb.<\/strong><\/p>\n\n\n\n<p><strong>El expediente lleva el numero D-762\/2024 y el proyecto de declaracion el 17173. Ademas el HCD aprobo el 30 de octubre en la Sesion XVII, con la Ordenanza 41883, que el Salon de la Escuela 186, donde se realizan actividades deportivas, lleve su nombre (alli curso la primaria).  El acto sera el sabado 2, a las 11hs en Huemul 171<\/strong>.<\/p>\n\n\n\n<figure class=\"wp-block-image size-full\"><img loading=\"lazy\" decoding=\"async\" width=\"727\" height=\"823\" src=\"https:\/\/langtvvla.com.ar\/wp-content\/uploads\/2024\/10\/IMG-20241031-WA0013.jpg\" alt=\"\" class=\"wp-image-4643\" srcset=\"https:\/\/langtvvla.com.ar\/wp-content\/uploads\/2024\/10\/IMG-20241031-WA0013.jpg 727w, https:\/\/langtvvla.com.ar\/wp-content\/uploads\/2024\/10\/IMG-20241031-WA0013-265x300.jpg 265w\" sizes=\"auto, (max-width: 727px) 100vw, 727px\" \/><\/figure>\n\n\n\n<p><strong><mark style=\"background-color:rgba(0, 0, 0, 0);color:#f50000\" class=\"has-inline-color\">LA CARRERA VERSION 2024<\/mark><\/strong><\/p>\n\n\n\n<p><strong>La acreeditacion sera en la Escuela 186, luego del acto, entre las 12 a 17hs<\/strong><\/p>\n\n\n\n<ul class=\"wp-block-list\">\n<li><strong>No se cobra inscripcion, pero se pide a cambio 4 kg de Alimentos no Perecederos por persona, que son donados a entidades locales (CCI, Hogar Adultos Mayores)<\/strong><\/li>\n\n\n\n<li><strong>Entrega Kit Corredor: Remera, N\u00ba de participante mtb, kayak y running (solo para Tria Adultos y Mini Tria)<\/strong><\/li>\n\n\n\n<li><strong>Los n\u00fameros de los participantes se otorga\u00e1n el d\u00eda de la acreditaci\u00f3n y es por Orden de llegada<\/strong><\/li>\n\n\n\n<li><strong>Cada ni\u00f1o que participe deber\u00e1 tener sus elementos para correr, su kayak o su bicicleta, seg\u00fan la disciplina que eligi\u00f3.<\/strong><\/li>\n\n\n\n<li><strong>La organizaci\u00f3n del evento&nbsp;NO&nbsp;proveer\u00e1 los diferentes elementos deportivos que se necesiten para realizar la competencia, llamese: mountain bike, kayak, elementos obligatorios para remar, etc.<\/strong><\/li>\n\n\n\n<li><strong>SOLO PODRAN PARTICIPAR&nbsp;del evento aquellos que hayan&nbsp;abonado el seguro ($ 1000), de lo contrario no podr\u00e1n participar como corredor del evento (EL SEGURO LO EXIGE PARQUES Y PNA, lamentablemente este a\u00f1o la organizacion no pudo cubrirlo y debera hacerlo cada participante individualmente).<\/strong><\/li>\n\n\n\n<li><strong>CUPOS CARRERA (cierra 1 de noviembre)<\/strong><\/li>\n\n\n\n<li><strong>500 adultos del TRIA y MINITRIA<\/strong><\/li>\n\n\n\n<li><strong>100 ni\u00f1os CHICHIMANIACOS<\/strong><\/li>\n\n\n\n<li><strong>CARRERA DE ADULTOS:<\/strong>&nbsp;<\/li>\n\n\n\n<li><strong>*TRIA MAYORES (de 15 a\u00f1os en adelante) Kayak 6 km &#8211; Mountan Bike 27 km &#8211; Running 9 km<\/strong><\/li>\n\n\n\n<li><strong>CATEGORIAS:<\/strong><\/li>\n\n\n\n<li><strong>Caballeros&nbsp;<\/strong><\/li>\n\n\n\n<li><strong>Damas<\/strong><\/li>\n\n\n\n<li><strong>Postas Mixtas (3 o 4 integrantes)<\/strong><\/li>\n\n\n\n<li><strong>LARGADA:<\/strong><\/li>\n\n\n\n<li><strong>DOMINGO 3 de Noviembre 10 HS en el ISTMO DE QUETRIHUE en BAHIA MANSA<\/strong><\/li>\n\n\n\n<li><strong>CARRERA DE NI\u00d1OS:<\/strong><\/li>\n\n\n\n<li><strong>Kayak &#8211; Mountan Bike &#8211; Running (distancia seg\u00fan cada categor\u00eda)<\/strong><\/li>\n\n\n\n<li>*<strong>MINI TRIA 1 (de 8 a 11 a\u00f1os a\u00f1o calendario)<\/strong><\/li>\n\n\n\n<li>*<strong>MINI TRIA 2 (de 12 a 14 a\u00f1os a\u00f1o calendario)<\/strong><\/li>\n\n\n\n<li><strong>IMPORTANTE: en Categor\u00eda Posta si hay 2 integrante de 8 a\u00f1os y 1 integrante de 12 a\u00f1os; pasan autom\u00e1ticamente a la categoria MINI TRIA 2.<\/strong><\/li>\n\n\n\n<li><strong>CATEGORIAS:<\/strong><\/li>\n\n\n\n<li><strong>Caballeros<\/strong>&nbsp;<\/li>\n\n\n\n<li><strong>Damas<\/strong><\/li>\n\n\n\n<li><strong>Postas Mixtas (3 o 4 integrantes)&nbsp;<\/strong><\/li>\n\n\n\n<li><strong>LARGADA:<\/strong><\/li>\n\n\n\n<li><strong>DOMINGO 3 DE NOVIEMBRE A LAS 14 HS (prox desde el ISTMO DE QUETRIHUE en BAHIA MANSA)<\/strong><\/li>\n<\/ul>\n","protected":false},"excerpt":{"rendered":"<p>Este 3 de noviembre se desarrollara la tradicional tria Chichi Irizar, evento deportivo en homenaje a esa gran atleta angosturense. Este edicion viene con muchas novedades. Por empezar, a iniciativa del diputado provincial Matias Martinez, de Desarrollo Ciudadano, partido del bloque oficialista Comunidad, se aprobo el 16 de octubre durante la reunion 33, en nota [&hellip;]<\/p>\n","protected":false},"author":1,"featured_media":4649,"comment_status":"open","ping_status":"open","sticky":false,"template":"","format":"standard","meta":{"footnotes":""},"categories":[18],"tags":[],"class_list":["post-4641","post","type-post","status-publish","format-standard","has-post-thumbnail","hentry","category-deportes"],"_links":{"self":[{"href":"https:\/\/langtvvla.com.ar\/index.php\/wp-json\/wp\/v2\/posts\/4641","targetHints":{"allow":["GET"]}}],"collection":[{"href":"https:\/\/langtvvla.com.ar\/index.php\/wp-json\/wp\/v2\/posts"}],"about":[{"href":"https:\/\/langtvvla.com.ar\/index.php\/wp-json\/wp\/v2\/types\/post"}],"author":[{"embeddable":true,"href":"https:\/\/langtvvla.com.ar\/index.php\/wp-json\/wp\/v2\/users\/1"}],"replies":[{"embeddable":true,"href":"https:\/\/langtvvla.com.ar\/index.php\/wp-json\/wp\/v2\/comments?post=4641"}],"version-history":[{"count":3,"href":"https:\/\/langtvvla.com.ar\/index.php\/wp-json\/wp\/v2\/posts\/4641\/revisions"}],"predecessor-version":[{"id":4650,"href":"https:\/\/langtvvla.com.ar\/index.php\/wp-json\/wp\/v2\/posts\/4641\/revisions\/4650"}],"wp:featuredmedia":[{"embeddable":true,"href":"https:\/\/langtvvla.com.ar\/index.php\/wp-json\/wp\/v2\/media\/4649"}],"wp:attachment":[{"href":"https:\/\/langtvvla.com.ar\/index.php\/wp-json\/wp\/v2\/media?parent=4641"}],"wp:term":[{"taxonomy":"category","embeddable":true,"href":"https:\/\/langtvvla.com.ar\/index.php\/wp-json\/wp\/v2\/categories?post=4641"},{"taxonomy":"post_tag","embeddable":true,"href":"https:\/\/langtvvla.com.ar\/index.php\/wp-json\/wp\/v2\/tags?post=4641"}],"curies":[{"name":"wp","href":"https:\/\/api.w.org\/{rel}","templated":true}]}}