{"id":4748,"date":"2024-11-08T07:17:16","date_gmt":"2024-11-08T06:17:16","guid":{"rendered":"https:\/\/langtvvla.com.ar\/?p=4748"},"modified":"2024-11-08T10:27:04","modified_gmt":"2024-11-08T09:27:04","slug":"politica-8","status":"publish","type":"post","link":"https:\/\/langtvvla.com.ar\/index.php\/2024\/11\/08\/politica-8\/","title":{"rendered":"POLITICA: ESTOS EVENTOS COMO LA K42 NOS RENUEVAN ENERGIAS (JAVIER MURER)"},"content":{"rendered":"\n<figure class=\"wp-block-embed is-type-video is-provider-youtube wp-block-embed-youtube wp-embed-aspect-16-9 wp-has-aspect-ratio\"><div class=\"wp-block-embed__wrapper\">\n<iframe loading=\"lazy\" title=\"K42 2024\" width=\"500\" height=\"281\" src=\"https:\/\/www.youtube.com\/embed\/zVkQ1IItEtA?feature=oembed\" frameborder=\"0\" allow=\"accelerometer; autoplay; clipboard-write; encrypted-media; gyroscope; picture-in-picture; web-share\" referrerpolicy=\"strict-origin-when-cross-origin\" allowfullscreen><\/iframe>\n<\/div><figcaption class=\"wp-element-caption\"><strong>Este jueves 7, durante el lanzamiento de la K42, LANG TV, en exclusiva, pudo entrevistar al Intendente Javier Murer.<\/strong><\/figcaption><\/figure>\n\n\n\n<p><strong>Expreso su alegr\u00eda por el evento, la importancia que tiene en lo deportivo y econ\u00f3mico, y auguro una temporada de verano muy buena.<\/strong><\/p>\n\n\n\n<p><strong>Consultado por el fallo sobre el camping Correntoso y la denuncia penal que presentaron contra el la semana pasada, reitero que no act\u00faa bajo presion y que se evitar\u00e1 usar la violencia para recuperarlo.<\/strong><\/p>\n\n\n\n<p><strong>Adem\u00e1s adelanto que, en los pr\u00f3ximos d\u00edas, habr\u00e1 novedades.<\/strong><\/p>\n","protected":false},"excerpt":{"rendered":"<p>Expreso su alegr\u00eda por el evento, la importancia que tiene en lo deportivo y econ\u00f3mico, y auguro una temporada de verano muy buena. Consultado por el fallo sobre el camping Correntoso y la denuncia penal que presentaron contra el la semana pasada, reitero que no act\u00faa bajo presion y que se evitar\u00e1 usar la violencia [&hellip;]<\/p>\n","protected":false},"author":1,"featured_media":4753,"comment_status":"open","ping_status":"open","sticky":false,"template":"","format":"standard","meta":{"footnotes":""},"categories":[18,28],"tags":[],"class_list":["post-4748","post","type-post","status-publish","format-standard","has-post-thumbnail","hentry","category-deportes","category-politica"],"_links":{"self":[{"href":"https:\/\/langtvvla.com.ar\/index.php\/wp-json\/wp\/v2\/posts\/4748","targetHints":{"allow":["GET"]}}],"collection":[{"href":"https:\/\/langtvvla.com.ar\/index.php\/wp-json\/wp\/v2\/posts"}],"about":[{"href":"https:\/\/langtvvla.com.ar\/index.php\/wp-json\/wp\/v2\/types\/post"}],"author":[{"embeddable":true,"href":"https:\/\/langtvvla.com.ar\/index.php\/wp-json\/wp\/v2\/users\/1"}],"replies":[{"embeddable":true,"href":"https:\/\/langtvvla.com.ar\/index.php\/wp-json\/wp\/v2\/comments?post=4748"}],"version-history":[{"count":3,"href":"https:\/\/langtvvla.com.ar\/index.php\/wp-json\/wp\/v2\/posts\/4748\/revisions"}],"predecessor-version":[{"id":4752,"href":"https:\/\/langtvvla.com.ar\/index.php\/wp-json\/wp\/v2\/posts\/4748\/revisions\/4752"}],"wp:featuredmedia":[{"embeddable":true,"href":"https:\/\/langtvvla.com.ar\/index.php\/wp-json\/wp\/v2\/media\/4753"}],"wp:attachment":[{"href":"https:\/\/langtvvla.com.ar\/index.php\/wp-json\/wp\/v2\/media?parent=4748"}],"wp:term":[{"taxonomy":"category","embeddable":true,"href":"https:\/\/langtvvla.com.ar\/index.php\/wp-json\/wp\/v2\/categories?post=4748"},{"taxonomy":"post_tag","embeddable":true,"href":"https:\/\/langtvvla.com.ar\/index.php\/wp-json\/wp\/v2\/tags?post=4748"}],"curies":[{"name":"wp","href":"https:\/\/api.w.org\/{rel}","templated":true}]}}