{"id":481,"date":"2023-11-20T19:38:36","date_gmt":"2023-11-20T18:38:36","guid":{"rendered":"https:\/\/langtvvla.com.ar\/?p=481"},"modified":"2023-11-20T19:39:56","modified_gmt":"2023-11-20T18:39:56","slug":"sociedad-a-un-dia-de-las-negociaciones-empeoran-los-pronosticos-de-resolucion-rapida-del-conflicto-en-servicios-publicos","status":"publish","type":"post","link":"https:\/\/langtvvla.com.ar\/index.php\/2023\/11\/20\/sociedad-a-un-dia-de-las-negociaciones-empeoran-los-pronosticos-de-resolucion-rapida-del-conflicto-en-servicios-publicos\/","title":{"rendered":"SOCIEDAD: A UN DIA DE LAS NEGOCIACIONES, EMPEORAN LOS PRONOSTICOS DE RESOLUCION RAPIDA DEL CONFLICTO EN SERVICIOS PUBLICOS"},"content":{"rendered":"\n<p><strong>MA\u00d1ANA MARTES SE VUELVE AL TRABAJO Y DEBERIAN REUNIRSE REPRESENTANTES DE TRABAJADORXS DE RECOLECCION DE RESIDUOS, DEL GREMIO ATE Y LA CONTRAPARTE DEL ESTADO MUNICIPAL. DESDE ATE NOS HICIERON LLEGAR DECLARACIONES, CONTUNDENTES, SOBRE EL ESTADO DE LA SITUACION, SUS ORIGENES Y LOS RESPONSABLES DE PORQUE SE LLEGO A ESTE ESTADO. LAS MISMAS NOS HACEN CONJETURAR QUE NO VA A SER TAN FACIL LA RESOLUCION. UN DATO A TENER EN CUENTA ES QUE HASTA EL 10 DE DICIEMBRE NO ASUMEN LAS NUEVAS AUTORIDADES, DE COMUNIDAD, EL PARTIDO DEL GOBERNADOR ELECTO ROLO FIGUEROA, QUIEN PUBLICAMENTE SE MANIFESTO EN CONTRA DE NOMBRAMIENTOS MASIVOS DE PERSONAL, LOS CUALES SERAN REVISADOS SI SE REALIZAN. DECLARACION DEL DELEGADO DE ATE ANGOSTURA Y TRAFUL, NICOLAS VEJAR:<\/strong><\/p>\n\n\n\n<p>Nosotros fuimos notificados el s\u00e1bado (DE LA CONCILIACION OBLIGATORIA), ma\u00f1ana martes en el primer d\u00eda h\u00e1bil de esta semana definiremos en asamblea si tomamos o no la medida dictada por la subsecretaria de trabajo, quienes estaban al tanto del riesgo potencial que hay en la planta de RSU en relaci\u00f3n al contagio de hantavirus por malas condiciones de trabajo, tema que denunciamos en la \u00faltima conciliaci\u00f3n obligatoria y se comprometieron a atender el reclamo pero NO HICIERON NADA, NI EL EJECUTIVO MUNICIPAL NI LOS FUNCIONARIOS DE LA SUBSECRETARIA DE TRABAJO, entonces ir a trabajo es perder el tiempo porque tenemos una subsecretaria de trabajo que no funciona y que no le importa en que condiciones est\u00e1n los trabajadores en los sectores aunque esto implique un riesgo para su salud y para la comunidad, un ejemplo de esto es lo que pas\u00f3 hace unos a\u00f1os en epuyen. El basurero est\u00e1 explotado no hay lugar para poner m\u00e1s basura, no hay m\u00e1quinas, y que el ejecutivo no quiera arreglar este conflicto agrava a\u00fan m\u00e1s el escenario. El ejecutivo sab\u00eda que ven\u00eda el finde largo, los reclamos de esta medida de fuerza ya estaban hablados y hab\u00eda un compromiso en cumplirlos por lo tanto hoy el pueblo est\u00e1 como est\u00e1 por una irresponsabilidad pol\u00edtica y falta de cumplimiento a la palabra dada a los trabajadores municipales, todo esto se podr\u00eda haber evitado solo ten\u00edan que cumplir con los compromiso asumidos. Hubo incumplimiento del acta acuerdo con fecha del 04\/10\/2023, por cambio de modalidad laboral de planta transitoria a planta permanente de 50 trabajadorxs y supeditado a la evaluaci\u00f3n de desempe\u00f1o laboral.<\/p>\n","protected":false},"excerpt":{"rendered":"<p>MA\u00d1ANA MARTES SE VUELVE AL TRABAJO Y DEBERIAN REUNIRSE REPRESENTANTES DE TRABAJADORXS DE RECOLECCION DE RESIDUOS, DEL GREMIO ATE Y LA CONTRAPARTE DEL ESTADO MUNICIPAL. DESDE ATE NOS HICIERON LLEGAR DECLARACIONES, CONTUNDENTES, SOBRE EL ESTADO DE LA SITUACION, SUS ORIGENES Y LOS RESPONSABLES DE PORQUE SE LLEGO A ESTE ESTADO. LAS MISMAS NOS HACEN CONJETURAR [&hellip;]<\/p>\n","protected":false},"author":1,"featured_media":483,"comment_status":"open","ping_status":"open","sticky":false,"template":"","format":"standard","meta":{"footnotes":""},"categories":[27],"tags":[],"class_list":["post-481","post","type-post","status-publish","format-standard","has-post-thumbnail","hentry","category-municipalidad"],"_links":{"self":[{"href":"https:\/\/langtvvla.com.ar\/index.php\/wp-json\/wp\/v2\/posts\/481","targetHints":{"allow":["GET"]}}],"collection":[{"href":"https:\/\/langtvvla.com.ar\/index.php\/wp-json\/wp\/v2\/posts"}],"about":[{"href":"https:\/\/langtvvla.com.ar\/index.php\/wp-json\/wp\/v2\/types\/post"}],"author":[{"embeddable":true,"href":"https:\/\/langtvvla.com.ar\/index.php\/wp-json\/wp\/v2\/users\/1"}],"replies":[{"embeddable":true,"href":"https:\/\/langtvvla.com.ar\/index.php\/wp-json\/wp\/v2\/comments?post=481"}],"version-history":[{"count":1,"href":"https:\/\/langtvvla.com.ar\/index.php\/wp-json\/wp\/v2\/posts\/481\/revisions"}],"predecessor-version":[{"id":482,"href":"https:\/\/langtvvla.com.ar\/index.php\/wp-json\/wp\/v2\/posts\/481\/revisions\/482"}],"wp:featuredmedia":[{"embeddable":true,"href":"https:\/\/langtvvla.com.ar\/index.php\/wp-json\/wp\/v2\/media\/483"}],"wp:attachment":[{"href":"https:\/\/langtvvla.com.ar\/index.php\/wp-json\/wp\/v2\/media?parent=481"}],"wp:term":[{"taxonomy":"category","embeddable":true,"href":"https:\/\/langtvvla.com.ar\/index.php\/wp-json\/wp\/v2\/categories?post=481"},{"taxonomy":"post_tag","embeddable":true,"href":"https:\/\/langtvvla.com.ar\/index.php\/wp-json\/wp\/v2\/tags?post=481"}],"curies":[{"name":"wp","href":"https:\/\/api.w.org\/{rel}","templated":true}]}}