{"id":4860,"date":"2024-11-14T15:17:26","date_gmt":"2024-11-14T14:17:26","guid":{"rendered":"https:\/\/langtvvla.com.ar\/?p=4860"},"modified":"2024-11-14T15:20:04","modified_gmt":"2024-11-14T14:20:04","slug":"politica-el-deliberante-guardo-1-minuto-de-silencio-por-el-fallecido-ex-concejal-gunardo-pedersen","status":"publish","type":"post","link":"https:\/\/langtvvla.com.ar\/index.php\/2024\/11\/14\/politica-el-deliberante-guardo-1-minuto-de-silencio-por-el-fallecido-ex-concejal-gunardo-pedersen\/","title":{"rendered":"POLITICA: EL DELIBERANTE GUARDO 1 MINUTO DE SILENCIO POR EL FALLECIDO EX CONCEJAL GUNARDO PEDERSEN"},"content":{"rendered":"\n<figure class=\"wp-block-embed is-type-video is-provider-youtube wp-block-embed-youtube wp-embed-aspect-16-9 wp-has-aspect-ratio\"><div class=\"wp-block-embed__wrapper\">\n<iframe loading=\"lazy\" title=\"CONCEJO DELIBERANTE 2024\" width=\"500\" height=\"281\" src=\"https:\/\/www.youtube.com\/embed\/K6cmwdGCbcA?feature=oembed\" frameborder=\"0\" allow=\"accelerometer; autoplay; clipboard-write; encrypted-media; gyroscope; picture-in-picture; web-share\" referrerpolicy=\"strict-origin-when-cross-origin\" allowfullscreen><\/iframe>\n<\/div><\/figure>\n\n\n\n<p><strong>El ex presidente de la UCR de Angostura Gunardo Pedersen, ex concejal en 2016, falleci\u00f3 el 13 de noviembre.<\/strong><\/p>\n\n\n\n<p><strong>Informado del hecho, el presidente del HCD Sebasti\u00e1n Raimondo, inform\u00f3 al cuerpo y se decidi\u00f3 unanimemente guardar 1 minuto de silencio en su memoria, que se realiz\u00f3 con toda la gente presente (asesores, p\u00fablico, medios) de pie.<\/strong><\/p>\n\n\n\n<p><strong>Numerosas fueron las condolencias enviadas a la familia, no solo los partidos pol\u00edticos, el club Las Piedritas tambi\u00e9n, a trav\u00e9s de redes sociales.<\/strong><\/p>\n\n\n\n<figure class=\"wp-block-image size-large\"><img loading=\"lazy\" decoding=\"async\" width=\"1024\" height=\"978\" src=\"https:\/\/langtvvla.com.ar\/wp-content\/uploads\/2024\/11\/Screenshot_20241113-204530-1-1024x978.png\" alt=\"\" class=\"wp-image-4861\" srcset=\"https:\/\/langtvvla.com.ar\/wp-content\/uploads\/2024\/11\/Screenshot_20241113-204530-1-1024x978.png 1024w, https:\/\/langtvvla.com.ar\/wp-content\/uploads\/2024\/11\/Screenshot_20241113-204530-1-300x286.png 300w, https:\/\/langtvvla.com.ar\/wp-content\/uploads\/2024\/11\/Screenshot_20241113-204530-1-768x733.png 768w, https:\/\/langtvvla.com.ar\/wp-content\/uploads\/2024\/11\/Screenshot_20241113-204530-1.png 1080w\" sizes=\"auto, (max-width: 1024px) 100vw, 1024px\" \/><\/figure>\n","protected":false},"excerpt":{"rendered":"<p>El ex presidente de la UCR de Angostura Gunardo Pedersen, ex concejal en 2016, falleci\u00f3 el 13 de noviembre. Informado del hecho, el presidente del HCD Sebasti\u00e1n Raimondo, inform\u00f3 al cuerpo y se decidi\u00f3 unanimemente guardar 1 minuto de silencio en su memoria, que se realiz\u00f3 con toda la gente presente (asesores, p\u00fablico, medios) de [&hellip;]<\/p>\n","protected":false},"author":1,"featured_media":4862,"comment_status":"open","ping_status":"open","sticky":false,"template":"","format":"standard","meta":{"footnotes":""},"categories":[28],"tags":[],"class_list":["post-4860","post","type-post","status-publish","format-standard","has-post-thumbnail","hentry","category-politica"],"_links":{"self":[{"href":"https:\/\/langtvvla.com.ar\/index.php\/wp-json\/wp\/v2\/posts\/4860","targetHints":{"allow":["GET"]}}],"collection":[{"href":"https:\/\/langtvvla.com.ar\/index.php\/wp-json\/wp\/v2\/posts"}],"about":[{"href":"https:\/\/langtvvla.com.ar\/index.php\/wp-json\/wp\/v2\/types\/post"}],"author":[{"embeddable":true,"href":"https:\/\/langtvvla.com.ar\/index.php\/wp-json\/wp\/v2\/users\/1"}],"replies":[{"embeddable":true,"href":"https:\/\/langtvvla.com.ar\/index.php\/wp-json\/wp\/v2\/comments?post=4860"}],"version-history":[{"count":2,"href":"https:\/\/langtvvla.com.ar\/index.php\/wp-json\/wp\/v2\/posts\/4860\/revisions"}],"predecessor-version":[{"id":4864,"href":"https:\/\/langtvvla.com.ar\/index.php\/wp-json\/wp\/v2\/posts\/4860\/revisions\/4864"}],"wp:featuredmedia":[{"embeddable":true,"href":"https:\/\/langtvvla.com.ar\/index.php\/wp-json\/wp\/v2\/media\/4862"}],"wp:attachment":[{"href":"https:\/\/langtvvla.com.ar\/index.php\/wp-json\/wp\/v2\/media?parent=4860"}],"wp:term":[{"taxonomy":"category","embeddable":true,"href":"https:\/\/langtvvla.com.ar\/index.php\/wp-json\/wp\/v2\/categories?post=4860"},{"taxonomy":"post_tag","embeddable":true,"href":"https:\/\/langtvvla.com.ar\/index.php\/wp-json\/wp\/v2\/tags?post=4860"}],"curies":[{"name":"wp","href":"https:\/\/api.w.org\/{rel}","templated":true}]}}