{"id":5153,"date":"2024-11-30T22:23:37","date_gmt":"2024-11-30T21:23:37","guid":{"rendered":"https:\/\/langtvvla.com.ar\/?p=5153"},"modified":"2024-11-30T23:06:05","modified_gmt":"2024-11-30T22:06:05","slug":"cultura-5","status":"publish","type":"post","link":"https:\/\/langtvvla.com.ar\/index.php\/2024\/11\/30\/cultura-5\/","title":{"rendered":"CULTURA: EL ARTE NOS AYUDA A REPENSARNOS EN EL TERRITORIO (OSCAR SARHAN)"},"content":{"rendered":"\n<figure class=\"wp-block-embed is-type-video is-provider-youtube wp-block-embed-youtube wp-embed-aspect-16-9 wp-has-aspect-ratio\"><div class=\"wp-block-embed__wrapper\">\n<iframe loading=\"lazy\" title=\"OSCAR SARHAN 2024\" width=\"500\" height=\"281\" src=\"https:\/\/www.youtube.com\/embed\/jHr8OS6eIIc?feature=oembed\" frameborder=\"0\" allow=\"accelerometer; autoplay; clipboard-write; encrypted-media; gyroscope; picture-in-picture; web-share\" referrerpolicy=\"strict-origin-when-cross-origin\" allowfullscreen><\/iframe>\n<\/div><\/figure>\n\n\n\n<p><strong>Este viernes 29, en el marco del III Encuentro Intrrmunicipal de Fotografos Patag\u00f3nicos, tuvimos la posibilidad de entrevistar al Subsecretario de Cultura de Neuqu\u00e9n,  Oscar Sarhan.<\/strong><\/p>\n\n\n\n<p><strong>Con una s\u00f3lida formaci\u00f3n y experiencia en artes esc\u00e9nicas en el pa\u00eds y exterior (Cuba, Francia), adem\u00e1s de su t\u00edtulo como Comunicador Social de la UNCO y 10 a\u00f1os trabajando para el diario R\u00edo Negro, Sarhan est\u00e1 m\u00e1s que habilitado para hablar sobre arte, teatro y el mundo de la cultura.<\/strong><\/p>\n\n\n\n<p><strong>En este caso nuestras inquietudes estuvieron enfocadas en la relaci\u00f3n entre la naturaleza y c\u00f3mo relacionarla con el arte.<\/strong><\/p>\n","protected":false},"excerpt":{"rendered":"<p>Este viernes 29, en el marco del III Encuentro Intrrmunicipal de Fotografos Patag\u00f3nicos, tuvimos la posibilidad de entrevistar al Subsecretario de Cultura de Neuqu\u00e9n, Oscar Sarhan. Con una s\u00f3lida formaci\u00f3n y experiencia en artes esc\u00e9nicas en el pa\u00eds y exterior (Cuba, Francia), adem\u00e1s de su t\u00edtulo como Comunicador Social de la UNCO y 10 a\u00f1os [&hellip;]<\/p>\n","protected":false},"author":1,"featured_media":5156,"comment_status":"open","ping_status":"open","sticky":false,"template":"","format":"standard","meta":{"footnotes":""},"categories":[23,31,4,5],"tags":[],"class_list":["post-5153","post","type-post","status-publish","format-standard","has-post-thumbnail","hentry","category-arte","category-cultura","category-festival","category-fotografia"],"_links":{"self":[{"href":"https:\/\/langtvvla.com.ar\/index.php\/wp-json\/wp\/v2\/posts\/5153","targetHints":{"allow":["GET"]}}],"collection":[{"href":"https:\/\/langtvvla.com.ar\/index.php\/wp-json\/wp\/v2\/posts"}],"about":[{"href":"https:\/\/langtvvla.com.ar\/index.php\/wp-json\/wp\/v2\/types\/post"}],"author":[{"embeddable":true,"href":"https:\/\/langtvvla.com.ar\/index.php\/wp-json\/wp\/v2\/users\/1"}],"replies":[{"embeddable":true,"href":"https:\/\/langtvvla.com.ar\/index.php\/wp-json\/wp\/v2\/comments?post=5153"}],"version-history":[{"count":3,"href":"https:\/\/langtvvla.com.ar\/index.php\/wp-json\/wp\/v2\/posts\/5153\/revisions"}],"predecessor-version":[{"id":5159,"href":"https:\/\/langtvvla.com.ar\/index.php\/wp-json\/wp\/v2\/posts\/5153\/revisions\/5159"}],"wp:featuredmedia":[{"embeddable":true,"href":"https:\/\/langtvvla.com.ar\/index.php\/wp-json\/wp\/v2\/media\/5156"}],"wp:attachment":[{"href":"https:\/\/langtvvla.com.ar\/index.php\/wp-json\/wp\/v2\/media?parent=5153"}],"wp:term":[{"taxonomy":"category","embeddable":true,"href":"https:\/\/langtvvla.com.ar\/index.php\/wp-json\/wp\/v2\/categories?post=5153"},{"taxonomy":"post_tag","embeddable":true,"href":"https:\/\/langtvvla.com.ar\/index.php\/wp-json\/wp\/v2\/tags?post=5153"}],"curies":[{"name":"wp","href":"https:\/\/api.w.org\/{rel}","templated":true}]}}