{"id":5289,"date":"2024-12-10T19:38:53","date_gmt":"2024-12-10T18:38:53","guid":{"rendered":"https:\/\/langtvvla.com.ar\/?p=5289"},"modified":"2024-12-10T19:40:54","modified_gmt":"2024-12-10T18:40:54","slug":"deportes-final-del-enduro-ape-salinas-detry-smith-martino-hensel-ganadores","status":"publish","type":"post","link":"https:\/\/langtvvla.com.ar\/index.php\/2024\/12\/10\/deportes-final-del-enduro-ape-salinas-detry-smith-martino-hensel-ganadores\/","title":{"rendered":"DEPORTES: FINAL DEL ENDURO APE, SALINAS-DETRY SMITH-MARTINO-HENSEL GANADORES"},"content":{"rendered":"\n<p><strong>Este domingo 8 se realiz\u00f3 el cierre del campeonato del Enduro de APE en Cerro Bayo.<\/strong><\/p>\n\n\n\n<p><strong>Con un d\u00eda espectacular y gran concurrencia, unos 176 pilotos participaron en las 11 categor\u00edas habilitadas.<\/strong><\/p>\n\n\n\n<p><strong>Gran desempe\u00f1o tuvo la gente local, sendos triunfos de Luciano Salinas en Senior A con 2:12:16 para 3 vueltas, en KTM, con 4:29 de ventaja al 2do.<\/strong><\/p>\n\n\n\n<p><strong>En Junior A fue 1-2 angosturense, gan\u00f3 Amadeo Detry Smith con 1:30:46 para 2 vueltas, en KTM, le sigui\u00f3 Francisco G\u00f3mez, tambi\u00e9n con KTM a 2:35.<\/strong><\/p>\n\n\n\n<figure class=\"wp-block-image size-large\"><img loading=\"lazy\" decoding=\"async\" width=\"1024\" height=\"683\" src=\"https:\/\/langtvvla.com.ar\/wp-content\/uploads\/2024\/12\/MAE_5034-1024x683.jpg\" alt=\"\" class=\"wp-image-5291\" srcset=\"https:\/\/langtvvla.com.ar\/wp-content\/uploads\/2024\/12\/MAE_5034-1024x683.jpg 1024w, https:\/\/langtvvla.com.ar\/wp-content\/uploads\/2024\/12\/MAE_5034-300x200.jpg 300w, https:\/\/langtvvla.com.ar\/wp-content\/uploads\/2024\/12\/MAE_5034-768x512.jpg 768w, https:\/\/langtvvla.com.ar\/wp-content\/uploads\/2024\/12\/MAE_5034-1536x1024.jpg 1536w, https:\/\/langtvvla.com.ar\/wp-content\/uploads\/2024\/12\/MAE_5034-2048x1365.jpg 2048w\" sizes=\"auto, (max-width: 1024px) 100vw, 1024px\" \/><\/figure>\n\n\n\n<p><strong>Otro 1-2 en Master Intermedio, 1er puesto para Leo Martino, tiempo de 1:45:36 en 2 vueltas, con KTM, 2do Alejandro Olivieri con Husqvarna a 44 segundos.<\/strong><\/p>\n\n\n\n<p><strong>En M\u00e1ster B  triunf\u00f3 Federico Hensel, en 1:357:54 y 7 minutos al 2do, para 2 vueltas, con KTM.<\/strong><\/p>\n\n\n\n<p><strong><mark style=\"background-color:rgba(0, 0, 0, 0);color:#f30c0c\" class=\"has-inline-color\">OTROS PARTICIPANTES<\/mark><\/strong><\/p>\n\n\n\n<p><strong>En Principiantes lleg\u00f3 4to Tiziano Olivieri en 51:12 para 1 vuelta, con KTM, a 13:06 de la punta y 5to Joaqu\u00edn Coronado con Suzuki, en 1:09:14.<\/strong><\/p>\n\n\n\n<p><strong>En Promocional lleg\u00f3 8vo Gonzalo Solari Raigoso con 1:26:14 en 2 vueltas, con Yamaha, a 3:55 del ganador, Lautaro Coelho con KTM, no pudo finalizar la prueba, qued\u00f3 21.<\/strong><\/p>\n\n\n\n<p><strong>En M\u00e1ster A Gustavo Cuadrado, con KTM, qued\u00f3 descalificado, lamentablemente, pues en 2 vueltas hizo 1:35:07, llegando 3ero a casi 1 minuto del ganador.<\/strong><\/p>\n\n\n\n<p><strong>CREDITO FOTOS GENTILEZA FOTO ESCURRA<\/strong><\/p>\n\n\n\n<p><strong>NOTA: si sos piloto o simple fan del Enduro, podes comprar fotos de la carrera y podios en <\/strong><a href=\"https:\/\/fotoescurra.com.ar\/v2\/home\/index.php\">https:\/\/fotoescurra.com.ar\/v2\/home\/index.php<\/a><\/p>\n","protected":false},"excerpt":{"rendered":"<p>Este domingo 8 se realiz\u00f3 el cierre del campeonato del Enduro de APE en Cerro Bayo. Con un d\u00eda espectacular y gran concurrencia, unos 176 pilotos participaron en las 11 categor\u00edas habilitadas. Gran desempe\u00f1o tuvo la gente local, sendos triunfos de Luciano Salinas en Senior A con 2:12:16 para 3 vueltas, en KTM, con 4:29 [&hellip;]<\/p>\n","protected":false},"author":1,"featured_media":5290,"comment_status":"open","ping_status":"open","sticky":false,"template":"","format":"standard","meta":{"footnotes":""},"categories":[18],"tags":[],"class_list":["post-5289","post","type-post","status-publish","format-standard","has-post-thumbnail","hentry","category-deportes"],"_links":{"self":[{"href":"https:\/\/langtvvla.com.ar\/index.php\/wp-json\/wp\/v2\/posts\/5289","targetHints":{"allow":["GET"]}}],"collection":[{"href":"https:\/\/langtvvla.com.ar\/index.php\/wp-json\/wp\/v2\/posts"}],"about":[{"href":"https:\/\/langtvvla.com.ar\/index.php\/wp-json\/wp\/v2\/types\/post"}],"author":[{"embeddable":true,"href":"https:\/\/langtvvla.com.ar\/index.php\/wp-json\/wp\/v2\/users\/1"}],"replies":[{"embeddable":true,"href":"https:\/\/langtvvla.com.ar\/index.php\/wp-json\/wp\/v2\/comments?post=5289"}],"version-history":[{"count":2,"href":"https:\/\/langtvvla.com.ar\/index.php\/wp-json\/wp\/v2\/posts\/5289\/revisions"}],"predecessor-version":[{"id":5293,"href":"https:\/\/langtvvla.com.ar\/index.php\/wp-json\/wp\/v2\/posts\/5289\/revisions\/5293"}],"wp:featuredmedia":[{"embeddable":true,"href":"https:\/\/langtvvla.com.ar\/index.php\/wp-json\/wp\/v2\/media\/5290"}],"wp:attachment":[{"href":"https:\/\/langtvvla.com.ar\/index.php\/wp-json\/wp\/v2\/media?parent=5289"}],"wp:term":[{"taxonomy":"category","embeddable":true,"href":"https:\/\/langtvvla.com.ar\/index.php\/wp-json\/wp\/v2\/categories?post=5289"},{"taxonomy":"post_tag","embeddable":true,"href":"https:\/\/langtvvla.com.ar\/index.php\/wp-json\/wp\/v2\/tags?post=5289"}],"curies":[{"name":"wp","href":"https:\/\/api.w.org\/{rel}","templated":true}]}}