{"id":5309,"date":"2024-12-11T18:24:57","date_gmt":"2024-12-11T17:24:57","guid":{"rendered":"https:\/\/langtvvla.com.ar\/?p=5309"},"modified":"2024-12-11T18:26:30","modified_gmt":"2024-12-11T17:26:30","slug":"politica-1-ano-de-comunidad","status":"publish","type":"post","link":"https:\/\/langtvvla.com.ar\/index.php\/2024\/12\/11\/politica-1-ano-de-comunidad\/","title":{"rendered":"POLITICA: 1 A\u00d1O DE COMUNIDAD"},"content":{"rendered":"\n<figure class=\"wp-block-embed is-type-video is-provider-youtube wp-block-embed-youtube wp-embed-aspect-16-9 wp-has-aspect-ratio\"><div class=\"wp-block-embed__wrapper\">\n<iframe loading=\"lazy\" title=\"INTENDENCIA MURER 1 A\u00d1O\" width=\"500\" height=\"281\" src=\"https:\/\/www.youtube.com\/embed\/5OOcUhSg55M?feature=oembed\" frameborder=\"0\" allow=\"accelerometer; autoplay; clipboard-write; encrypted-media; gyroscope; picture-in-picture; web-share\" referrerpolicy=\"strict-origin-when-cross-origin\" allowfullscreen><\/iframe>\n<\/div><figcaption class=\"wp-element-caption\"><strong>Este 10 de diciembre se cumpli\u00f3 1 a\u00f1o del gobierno de Comunidad, en la provincia y varias localidades, entre ellas Angostura.<\/strong><\/figcaption><\/figure>\n\n\n\n<p><strong>La nueva gesti\u00f3n municipal, encabezada por Javier Murer, electo en octubre con 45% de los votos (20% el PJ y 13% el MPN), en la \u00faltima elecci\u00f3n provincial del 2024, inici\u00f3 con mucha expectativa, al igual que el gobernador electo Figueroa (en abril, perdiendo la gobernaci\u00f3n el MPN luego de 60 a\u00f1os, lo que dio gran impulso a la campa\u00f1a de Murer).<\/strong><\/p>\n\n\n\n<p><strong>Primero hubo que hacer un arqueo, que se recib\u00eda y luego fijar prioridades. Al ser un espacio multipartidario, la conformaci\u00f3n del equipo de trabajo tuvo esa impronta.<\/strong><\/p>\n\n\n\n<p><strong>El gabinete inicial no sufri\u00f3 grandes cambios, Monz\u00f3n (Gobierno), Cabrera (Hacienda), Calvo (Turismo), Orme\u00f1o (Seguridad), Lobos (Desarrollo Social), Mascias (Infraestructura), Garc\u00eda (Servicios P\u00fablicos), Tyczynski (Planeamiento), Ver\u00f3nica Molina (Cultura).<\/strong><\/p>\n\n\n\n<p><strong>La mayor\u00eda contin\u00faa al frente de las Secretarias, salvo en Infraestructura, donde asumi\u00f3 Cendra, pero en 2das l\u00edneas los movimientos fueron muchos, incluso de fusi\u00f3n o separaci\u00f3n de \u00e1reas.<\/strong><\/p>\n\n\n\n<p><strong>Una de las grandes problem\u00e1ticas fue organizar, armonizar, la maquinaria administrativa, para mejorar su funcionamiento. El organigrama ha sido un rompecabezas, un verdadero dolor de cabeza, que a\u00fan no ha sido resuelto del todo (recientemente Murer anunci\u00f3 que en 2025 volver\u00e1 a separar Cultura y Deportes, que decidi\u00f3 unificar al asumir).<\/strong><\/p>\n\n\n\n<figure class=\"wp-block-embed is-type-video is-provider-youtube wp-block-embed-youtube wp-embed-aspect-16-9 wp-has-aspect-ratio\"><div class=\"wp-block-embed__wrapper\">\n<iframe loading=\"lazy\" title=\"INTENDENCIA JAVIER MURER 1 A\u00d1O\" width=\"500\" height=\"281\" src=\"https:\/\/www.youtube.com\/embed\/sNcDFF0g34I?feature=oembed\" frameborder=\"0\" allow=\"accelerometer; autoplay; clipboard-write; encrypted-media; gyroscope; picture-in-picture; web-share\" referrerpolicy=\"strict-origin-when-cross-origin\" allowfullscreen><\/iframe>\n<\/div><\/figure>\n\n\n\n<p><strong><mark style=\"background-color:rgba(0, 0, 0, 0);color:#f30707\" class=\"has-inline-color\">MOMENTOS DESTACADOS DEL A\u00d1O<\/mark><\/strong><\/p>\n\n\n\n<p><strong>Murer debi\u00f3 enfrentar 4 momentos complicados, incendio en planta de residuos que dej\u00f3 en situacion delicada los n\u00fameros para la Fiesta de los Jardines que oblig\u00f3 a reducirla en d\u00edas y gastos (enero-febrero), la aprobaci\u00f3n del presupuesto y tarifario (reci\u00e9n lo consigui\u00f3 en abril), la crisis de la nieve (tormenta en junio que dej\u00f3 al pueblo sin luz y agua por d\u00edas y una epidemia de gastroenteritis como consecuencia) y la interpelaci\u00f3n del HCD (en septiembre, por DNU para compras directas por tormenta de junio).<\/strong><\/p>\n\n\n\n<p><strong>Dentro de lo positivo hubo tambi\u00e9n 4 momentos, la firma de obras con Figueroa para la conexi\u00f3n cloacal del Hospital (en mayo), el viaje a Francia por el proyecto de Senderismo (en junio), las mejoras en seguridad (proceso que inici\u00f3 en junio con la detenci\u00f3n de una s\u00faper banda que atrac\u00f3 a un empresario en su domicilio, sigui\u00f3 con la permanente incorporaci\u00f3n de personal y equipo y culmin\u00f3 con la conformaci\u00f3n del Consejo Local de Seguridad) y firma Convenio con Educaci\u00f3n para edificio EPET 28 (octubre).<\/strong><\/p>\n\n\n\n<p><strong><mark style=\"background-color:rgba(0, 0, 0, 0);color:#f80c0c\" class=\"has-inline-color\">EL FUTURO DE MURER<\/mark><\/strong><\/p>\n\n\n\n<p><strong>Dentro de las tareas pendientes est\u00e1n: lograr consensos para completar el cargo en Auditor\u00eda Municipal, infraestructura (terminar el 40% del adoquinado e iluminaci\u00f3n que dej\u00f3 OMEGA,  pavimentar barrio Mallin y reparar gimnasios a nuevo) y modernizar Terminal de \u00f3mnibus.<\/strong><\/p>\n\n\n\n<p><strong>Grandes temas: resoluci\u00f3n pac\u00edfica del conflicto con la comunidad mapuche, que desemboque en recuperaci\u00f3n de Puerto Elma, Camping Correntoso, liberaci\u00f3n de Circunvalaci\u00f3n y terminaci\u00f3n de obra, resoluci\u00f3n de disputas en Cerro Belvedere.<\/strong> <\/p>\n\n\n\n<p><strong>En lo pol\u00edtico hay 3 temas:<\/strong><\/p>\n\n\n\n<p><strong>1- mejorar el tratamiento y aprobaci\u00f3n de proyectos en HCD (que no siempre resolvi\u00f3 como deseaba, perdiendo varias votaciones)<\/strong><\/p>\n\n\n\n<p><strong>2- mejorar la relaci\u00f3n con ATE, siempre dispuesto a enfrentarlo y hasta a su gabinete (al punto inconcebible de acosar a una funcionaria en su domicilio)<\/strong><\/p>\n\n\n\n<p><strong>3- cerrar filas internas, sin fisuras, ya que 2025 es a\u00f1o bisagra nacional, elecciones legislativas, que diagramaran el dibujo del resto de la gesti\u00f3n (suya y de Figueroa).<\/strong><\/p>\n\n\n\n<p><strong>En Angostura el ombliguismo, a veces, a algunos les hace olvidar que somos satelitales, all\u00e1 en el norte suceden cosas m\u00e1s acuciantes y desestabilizadoras, como el conflicto desatado por la suspensi\u00f3n de la Vicegobernadora Ruiz, por sospechas de corrupci\u00f3n de familiares.<\/strong><\/p>\n\n\n\n<p><strong>Se hizo mucho, falta much\u00edsimo m\u00e1s, no se puede en tan poco tiempo, llenar los vac\u00edos de a\u00f1os. El camino es el correcto, falta saber si la sociedad e instituciones s\u00f3lo se van a quejar de las carencias o se involucraran en las soluciones.<\/strong><\/p>\n\n\n\n<p><strong><mark style=\"background-color:rgba(0, 0, 0, 0);color:#f01010\" class=\"has-inline-color\">HITOS GESTION MURER<\/mark><\/strong><\/p>\n\n\n\n<p><strong>Estas son algunas de las acciones, mes a mes, que seleccionamos, imposible incluir las actividades regulares del Vivero (reparto de especies autoctonas, talleres de huerta y jardineria), Zoonosis (vacunaci\u00f3n y esterilizaci\u00f3n), Bromatolog\u00eda (controles del agua, an\u00e1lisis de muestra, avisos sobre productos peligrosos) y el despliegue de personal, principalmente de tr\u00e1nsito, en ocasi\u00f3n de grandes eventos deportivos como la K42.<\/strong><\/p>\n\n\n\n<p><strong>Nota aparte la inmensa tarea de la Secretaria de Cultura, Deportes, Juventud y Recreaci\u00f3n, con muestras de arte en el MAC cada 15 d\u00edas, conciertos y festivales de orquestas Infanto juveniles locales y extranjeras (Chile) y de artistas y bandas, de clarinete, guitarras, tango (la orquesta provincial con su director Enrique Nicol\u00e1s) y campeonatos de f\u00fatbol infantil y femenino, adem\u00e1s de los talleres anuales de Casa de la Cultura.<\/strong><\/p>\n\n\n\n<p><strong>Sin olvidar la participaci\u00f3n en el aniversario del pueblo y las fiestas patrias y las Pascuas con AFEET.<\/strong><\/p>\n\n\n\n<p><strong>Otras \u00e1reas, silenciosas, pero imprescindibles por lo estrategico e inmenso de su tarea, la Direcci\u00f3n de Medioambiente, que incansablemente de la mano firme de Jessica Marini (debutante) audita, inspecciona y denuncia obras y complejos. <\/strong><\/p>\n\n\n\n<p><strong>La Secretaria de Obras P\u00fablicas es uno de los modelos a seguir, dirigida por Ra\u00fal Garc\u00eda, hombre de pocas palabras y mucha actividad, Angostura no es un pueblo fantasma del Faro West por su inagotable dinamismo y el personal que lo acompa\u00f1a, sea reparando el puente de Las Piedritas (responsabilidad de Naci\u00f3n), limpiando las calles, recolectando residuos o apartando la nieve y \u00e1rboles ca\u00eddos.<\/strong><\/p>\n\n\n\n<p><strong>2024<\/strong><\/p>\n\n\n\n<p><strong>Diciembre<\/strong>\u00a0<\/p>\n\n\n\n<p><strong>Conformaci\u00f3n del consejo local de seguridad<\/strong><\/p>\n\n\n\n<p><strong>Noviembre<\/strong>\u00a0<\/p>\n\n\n\n<p><strong>Entrega de certificados a primeros interventores comunitarios para abordaje del comportamiento suicida.<\/strong><\/p>\n\n\n\n<p><strong>Emprendedores participaron de Feria \u201cMercado de Sabores\u201d, en Neuqu\u00e9n capital, acompa\u00f1ados por Municipalidad\u00a0<\/strong><\/p>\n\n\n\n<p><strong>HCD aprueba convenio entre  Municipalidad y Consejo Provincial de Educaci\u00f3n, de uso del ex Hospital para EPET 28.<\/strong><\/p>\n\n\n\n<p><strong>Inauguraci\u00f3n del Paseo La Ribera, en ambas m\u00e1rgenes del Arroyo Las Piedritas.<\/strong><\/p>\n\n\n\n<p><strong>Entrega diplomas del curso Formaci\u00f3n de Cuidadores Domiciliarios, especializaci\u00f3n adultos mayores.<\/strong><\/p>\n\n\n\n<p><strong>Banco Ortop\u00e9dico del CET para personas sin obra social<\/strong><\/p>\n\n\n\n<p><strong>Nueva bomba sumergible en Correntoso<\/strong><\/p>\n\n\n\n<p><strong>Octubre<\/strong> <\/p>\n\n\n\n<p><strong>Casi 15mil kilos de residuos reciclados que se vendieron<\/strong><\/p>\n\n\n\n<p><strong>Senda peatonal y puente de 3mts en Manzano<\/strong><\/p>\n\n\n\n<p><strong>Puesta en valor de Selva Triste y Laguna Verde.<\/strong><\/p>\n\n\n\n<p><strong>Feria Regional de emprendedores, organizada por por la Direcci\u00f3n de Desarrollo Local<\/strong><\/p>\n\n\n\n<p><strong>\u00c1rea de la Mujer dependiente de Direcci\u00f3n de Ni\u00f1ez de la Secretar\u00eda de Desarrollo Humano, formaci\u00f3n sobre ley Micaela para personal de lComisi\u00f3n de Fomento de Traful<\/strong><\/p>\n\n\n\n<p><strong>Limpieza y puesta en valor del \u00e1rea protegida, paseo lacustre, zona del Puerto.<\/strong><\/p>\n\n\n\n<p><strong>Septiembre<\/strong>\u00a0<\/p>\n\n\n\n<p>\u00a0<strong>Acondicionamiento y pintura en un equipo de compactador de residuos.\u00a0<\/strong><\/p>\n\n\n\n<p><strong>Reacondicionan Av.Huemul y adoquinado Tres Cerros.<\/strong><\/p>\n\n\n\n<p><strong>Limpieza orillas arroyo Las Piedritas<\/strong><\/p>\n\n\n\n<p><strong>As\u00edan Fest, festival de cultura asi\u00e1tica <\/strong><\/p>\n\n\n\n<p><strong>Direcci\u00f3n de Comercio de la Municipalidad releva carteler\u00eda y t\u00f3tems de comercios<\/strong><\/p>\n\n\n\n<p><strong>Bacheo en puente del arroyo Las Piedritas<\/strong><\/p>\n\n\n\n<p><strong>SS Relaciones Institucionales, dependiente de Secretar\u00eda de Gobierno, avanzando con los \u00faltimos pedidos de asistencia del Plan Calor,<\/strong><\/p>\n\n\n\n<p><strong>Presentaci\u00f3n de proyectos\u00a0Econom\u00eda Circular VLA\u00a0y\u00a0Finanzas Municipales<\/strong><\/p>\n\n\n\n<p><strong>Adquirido nuevo cami\u00f3n equipado con una cisterna de 10.000 litros\u00a0<\/strong><\/p>\n\n\n\n<p><strong>Agosto<\/strong><\/p>\n\n\n\n<p><strong>Charla sobre violencia y conflicto en el Centro de Convenciones organizada por Direcci\u00f3n Provincial de Prevenci\u00f3n en conjunto con Secretar\u00eda de Seguridad\u00a0<\/strong><\/p>\n\n\n\n<p><strong>Iniciativa ambiental, de rescatar renovales, \u00e1rboles peque\u00f1os que forman parte del sotobosque<\/strong><\/p>\n\n\n\n<p><strong>Operativo de limpieza en zona c\u00e9ntrica, uso de mini cargadora y personal para remoci\u00f3n de arena acumulada en los cordones cuneta.\u00a0<\/strong><\/p>\n\n\n\n<p><strong>Incorporaci\u00f3n de 200mts de calle de la planta del EPEN, creando acceso al Macrolote 2.\u00a0<\/strong><\/p>\n\n\n\n<p><strong>Convenio para obra de pavimentaci\u00f3n del barrio Mall\u00edn\u00a0<\/strong><\/p>\n\n\n\n<p><strong>Altos de Manzano, calles Chucao, Las Chacras y parte alta de Manzano, vertido de material de boch\u00edn fino para acondicionar las v\u00edas.<\/strong><\/p>\n\n\n\n<p><strong>Boleto Escolar Gratuito para estudiantes primario, secundario y terciario. convenio Municipalidad y empresa MiBus,<\/strong><\/p>\n\n\n\n<p><strong>Julio<\/strong><\/p>\n\n\n\n<p><strong>Empresa LIRA trabajando en el Centro Ambiental,\u00a0instalaci\u00f3n de la red de gas.\u00a0<\/strong><\/p>\n\n\n\n<p><strong>Oficina de Empleo, nuevo curso de Manipulaci\u00f3n Segura de Alimentos.\u00a0<\/strong><\/p>\n\n\n\n<p><strong>Instalaci\u00f3n de nuevas calderas en CPEM 68 y Escuela 341<\/strong>.\u00a0<\/p>\n\n\n\n<p><strong>Edici\u00f3n n\u00famero 16 del Encuentro de Emprendedoras y Emprendedores\u00a0<\/strong><\/p>\n\n\n\n<p><strong>Reactivaci\u00f3n del \u201cConsejo Municipal para las Personas con Discapacidad\u201d<\/strong><\/p>\n\n\n\n<p><strong>Arroyo Colorado, Secretar\u00eda de Seguridad y de Servicios P\u00fablicos coordinaron acciones de limpieza y mantenimiento.\u00a0<\/strong><\/p>\n\n\n\n<p><strong>Adhesi\u00f3n a la Red Neuquina de Rob\u00f3tica e Innovaci\u00f3n,\u00a0que promueve educaci\u00f3n en rob\u00f3tica y tecnolog\u00eda<\/strong><\/p>\n\n\n\n<p><strong>Junio<\/strong><\/p>\n\n\n\n<p><strong>Comit\u00e9 de Crisis de la Municipalidad se reuni\u00f3 para monitorear la situaci\u00f3n clim\u00e1tica, tormenta de nieve.<\/strong><\/p>\n\n\n\n<p><strong>Gobernador Figueroa firm\u00f3 convenio con el intendente Murer, otorgando aportes para la reparaci\u00f3n de cisterna de Correntoso.<\/strong><\/p>\n\n\n\n<p><strong>Centro de Atenci\u00f3n de la V\u00edctima (CAV), reuni\u00f3n de\u00a0 Comisi\u00f3n Interinstitucional de Intervenci\u00f3n contra la Trata de Personas<\/strong><\/p>\n\n\n\n<p><strong>Mayo<\/strong><\/p>\n\n\n\n<p><strong>Empresas de turismo Quetrihu\u00e9 y Ruc\u00e1n, junto con Secretar\u00eda de Transporte, nuevo curso de capacitaci\u00f3n para quienes quieren ser\u00a0 choferes de transporte.\u00a0<\/strong><\/p>\n\n\n\n<p><strong>Centro de D\u00eda Amancay, Javier Murer, les envi\u00f3 cocina industrial.<\/strong><\/p>\n\n\n\n<p><strong>Mejoras del camino en la zona de Altos del Manzano<\/strong><\/p>\n\n\n\n<p><strong>Limpieza del pluvial del canal principal del Barrio El Mall\u00edn.\u00a0<\/strong><\/p>\n\n\n\n<p><strong>Abril<\/strong><\/p>\n\n\n\n<p><strong>Recolecci\u00f3n de 20mil kg  de cart\u00f3n prensado, recaudaci\u00f3n $3.419.010 que se destinar\u00e1n al Consejo GIRSU <\/strong><\/p>\n\n\n\n<p><strong>Servicios P\u00fablicos recupero y reacondicionamiento de veh\u00edculo en desuso.\u00a0<\/strong><\/p>\n\n\n\n<p><strong>Firma convenio creaci\u00f3n del Hogar Bartimeo<\/strong><\/p>\n\n\n\n<p><strong>Angostura presente en WTM Latin America, un evento centrado en el turismo, en Brasil<\/strong><\/p>\n\n\n\n<p><strong>Emprendedores presentes en Tienda de Sabores, en\u00a0 DUAM de la capital neuquina<\/strong><\/p>\n\n\n\n<p><strong>Inspecciones en obras por SS de Trabajo de provincia, AFIP, Migraciones, Seguridad e Higiene de provincia y Direcci\u00f3n Provincial de Articulaci\u00f3n Territorial<\/strong><\/p>\n\n\n\n<p><strong>Barrio El Calafate, labores para el sistema pluvial<\/strong><\/p>\n\n\n\n<p><strong>Instalaci\u00f3n de tanques de agua en el Museo del Puerto<\/strong><\/p>\n\n\n\n<p><strong>Bacheo en la zona de la Terminal de Autobuses<\/strong><\/p>\n\n\n\n<p><strong>Reparaci\u00f3n del bache en el puente de Las Piedritas<\/strong><\/p>\n\n\n\n<p><strong>Taller uso de celulares, para Adultos Mayores<\/strong><\/p>\n\n\n\n<p><strong>Marzo<\/strong><\/p>\n\n\n\n<p><strong>Instalaci\u00f3n de 2 contenedores para oficinas en EPET 28<\/strong><\/p>\n\n\n\n<p><strong>El equipo t\u00e9cnico del Servicio de Agua instal\u00f3 nueva bomba en el bombeo Quetrihu\u00e9,\u00a0<\/strong><\/p>\n\n\n\n<p><strong>Charlas para sensibilizar a empleados municipales, planta pol\u00edtica en el inclusi\u00f3n de personas con discapacidad\u00a0<\/strong><\/p>\n\n\n\n<p><strong>Reparaci\u00f3n de caldera del CPEM 68<\/strong><\/p>\n\n\n\n<p><strong>Infraccionan a due\u00f1o de obra que inund\u00f3 CPEM 68<\/strong><\/p>\n\n\n\n<p><strong>Limpieza desag\u00fces en Peumayen<\/strong><\/p>\n\n\n\n<p><strong>Taller de teatro para Adultos Mayores<\/strong><\/p>\n\n\n\n<p><strong>Carrera Cerrando Brechas, no competitiva e inclusiva<\/strong><\/p>\n\n\n\n<p><strong>Talleres de Formaci\u00f3n en Ley Micaela y Protocolo Guadalupe, de \u00c1reas Mujer y Diversidad, para HCD<\/strong><\/p>\n\n\n\n<p><strong>Febrero<\/strong><\/p>\n\n\n\n<p><strong>Vivero Municipal form\u00f3 parte del Primer Encuentro de Viveros Regionales e Institucionales, en San Mart\u00edn de los Andes.<\/strong><\/p>\n\n\n\n<p><strong>Fiesta de los Jardines<\/strong><\/p>\n\n\n\n<p><strong>Capacitaci\u00f3n del equipo de inspecci\u00f3n de diversas \u00e1reas de la Oficina de Comercio,\u00a0<\/strong><\/p>\n\n\n\n<p><strong>Residuos recibi\u00f3 la m\u00e1quina de prensa de chatarra de ACINDAR, forma parte del plan de remediaci\u00f3n de la planta de residuos<\/strong><\/p>\n\n\n\n<p><strong>Capacitaci\u00f3n sobre Ley Micaela, capacitaci\u00f3n dirigida a secretarios, subsecretarios y coordinadores de la Municipalidad<\/strong><\/p>\n\n\n\n<p><strong>Limpieza, corte de pasto y mantenimiento en el cementerio, suministro de agua gracias a la recuperaci\u00f3n de una bomba en la cisterna y la gesti\u00f3n de un press-control<\/strong><\/p>\n\n\n\n<p><strong>Intervenci\u00f3n integral en la Plaza San Mart\u00edn<\/strong><\/p>\n\n\n\n<p><strong>Enero<\/strong><\/p>\n\n\n\n<p><strong>Clases de nado para 40 ni\u00f1os y ni\u00f1as asistentes al Centro de Cuidado Infantil (CCI) gracias a\u00a0Asociaci\u00f3n de Guardavidas, Nadadores Voraces d la Secretar\u00eda de Cultura, Deportes\u00a0<\/strong><\/p>\n\n\n\n<p><strong>Feria agroecol\u00f3gica\u00a0organizada por Econom\u00eda Social<\/strong><\/p>\n\n\n\n<p><strong>Venta de 19.800 kgs de cart\u00f3n, recaudaci\u00f3n de $1.089.000 destinados al Consejo GIRSU\u00a0<\/strong><\/p>\n\n\n\n<p><strong>Econom\u00eda Social\u00a0Programa de Invern\u00e1culos Barriales con la finalizaci\u00f3n de las tareas de armado en Villa Correntoso<\/strong><\/p>\n\n\n\n<p><strong>\u00c1rea de Adultos Mayores de Secretar\u00eda de Desarrollo Humano, Encuentros de Verano, propuesta para ofrecer momentos de recreaci\u00f3n<\/strong><\/p>\n\n\n\n<p><strong>Venta de 27.700 kgs de vidrio, recaudaci\u00f3n de $554.831, destinados al Consejo GIRSU,<\/strong><\/p>\n\n\n\n<p><strong>2023<\/strong><\/p>\n\n\n\n<p><strong>Diciembre<\/strong>\u00a0<\/p>\n\n\n\n<p><strong>Feria Navide\u00f1a en Plaza los Pioneros<\/strong><\/p>\n\n\n\n<p><strong>Campa\u00f1a \u201cM\u00e1s Luces, Menos Ruidos\u201d promoviendo la conciencia ciudadana para evitar el uso, compra y venta de pirotecnia. Desde Secretar\u00eda de Seguridad<\/strong><\/p>\n\n\n\n<p><strong>Inauguraci\u00f3n de las nuevas veredas en el puerto<\/strong><\/p>\n\n\n\n<p><strong>Desarrollo Social impulsa Fiestas Solidarias, armado de cajas navide\u00f1as para familias en situacion de vulnerabilidad <\/strong><\/p>\n","protected":false},"excerpt":{"rendered":"<p>La nueva gesti\u00f3n municipal, encabezada por Javier Murer, electo en octubre con 45% de los votos (20% el PJ y 13% el MPN), en la \u00faltima elecci\u00f3n provincial del 2024, inici\u00f3 con mucha expectativa, al igual que el gobernador electo Figueroa (en abril, perdiendo la gobernaci\u00f3n el MPN luego de 60 a\u00f1os, lo que dio [&hellip;]<\/p>\n","protected":false},"author":1,"featured_media":5313,"comment_status":"open","ping_status":"open","sticky":false,"template":"","format":"standard","meta":{"footnotes":""},"categories":[31,18,37,39,6,27,7,28,25,34,36,38],"tags":[],"class_list":["post-5309","post","type-post","status-publish","format-standard","has-post-thumbnail","hentry","category-cultura","category-deportes","category-educacion","category-francia","category-gobernador-nqn","category-municipalidad","category-nieve","category-politica","category-salud","category-seguridad","category-sociedad","category-turismo"],"_links":{"self":[{"href":"https:\/\/langtvvla.com.ar\/index.php\/wp-json\/wp\/v2\/posts\/5309","targetHints":{"allow":["GET"]}}],"collection":[{"href":"https:\/\/langtvvla.com.ar\/index.php\/wp-json\/wp\/v2\/posts"}],"about":[{"href":"https:\/\/langtvvla.com.ar\/index.php\/wp-json\/wp\/v2\/types\/post"}],"author":[{"embeddable":true,"href":"https:\/\/langtvvla.com.ar\/index.php\/wp-json\/wp\/v2\/users\/1"}],"replies":[{"embeddable":true,"href":"https:\/\/langtvvla.com.ar\/index.php\/wp-json\/wp\/v2\/comments?post=5309"}],"version-history":[{"count":1,"href":"https:\/\/langtvvla.com.ar\/index.php\/wp-json\/wp\/v2\/posts\/5309\/revisions"}],"predecessor-version":[{"id":5310,"href":"https:\/\/langtvvla.com.ar\/index.php\/wp-json\/wp\/v2\/posts\/5309\/revisions\/5310"}],"wp:featuredmedia":[{"embeddable":true,"href":"https:\/\/langtvvla.com.ar\/index.php\/wp-json\/wp\/v2\/media\/5313"}],"wp:attachment":[{"href":"https:\/\/langtvvla.com.ar\/index.php\/wp-json\/wp\/v2\/media?parent=5309"}],"wp:term":[{"taxonomy":"category","embeddable":true,"href":"https:\/\/langtvvla.com.ar\/index.php\/wp-json\/wp\/v2\/categories?post=5309"},{"taxonomy":"post_tag","embeddable":true,"href":"https:\/\/langtvvla.com.ar\/index.php\/wp-json\/wp\/v2\/tags?post=5309"}],"curies":[{"name":"wp","href":"https:\/\/api.w.org\/{rel}","templated":true}]}}