{"id":5435,"date":"2024-12-18T19:39:39","date_gmt":"2024-12-18T18:39:39","guid":{"rendered":"https:\/\/langtvvla.com.ar\/?p=5435"},"modified":"2024-12-19T02:09:46","modified_gmt":"2024-12-19T01:09:46","slug":"politica-aprobado-el-pavimento-del-mallin-en-sesion-especial","status":"publish","type":"post","link":"https:\/\/langtvvla.com.ar\/index.php\/2024\/12\/18\/politica-aprobado-el-pavimento-del-mallin-en-sesion-especial\/","title":{"rendered":"POLITICA: APROBADO EL PAVIMENTO DEL MALLIN EN SESION ESPECIAL"},"content":{"rendered":"\n<figure class=\"wp-block-embed is-type-video is-provider-youtube wp-block-embed-youtube wp-embed-aspect-16-9 wp-has-aspect-ratio\"><div class=\"wp-block-embed__wrapper\">\n<iframe loading=\"lazy\" title=\"DELIBERANTE 2024\" width=\"500\" height=\"281\" src=\"https:\/\/www.youtube.com\/embed\/VhgfTPTh7HA?feature=oembed\" frameborder=\"0\" allow=\"accelerometer; autoplay; clipboard-write; encrypted-media; gyroscope; picture-in-picture; web-share\" referrerpolicy=\"strict-origin-when-cross-origin\" allowfullscreen><\/iframe>\n<\/div><\/figure>\n\n\n\n<p><strong>Este martes 17 de diciembre se aprob\u00f3 en la sesi\u00f3n especial 12da, el pavimento del barrio Mallin.<\/strong><\/p>\n\n\n\n<p><strong>Con intervenciones del concejal por Avanzar Neuqu\u00e9n Tom\u00e1s Andrade, criado en el barrio, que lament\u00f3 se haya tardado desde mayo la aprobaci\u00f3n y la concejal Eugenia Ceraso, de Primero Angostura, que reclam\u00f3 por la falta de una hoja de ruta sobre plazos y  modos de devoluci\u00f3n (el dinero para la obra debe ser devuelto a la gobernaci\u00f3n, s\u00f3lo se difundi\u00f3 el monto del pr\u00e9stamo y la tasa de inter\u00e9s), se sancion\u00f3 la esperada obra, que en 2025 se va a licitar.<\/strong><\/p>\n","protected":false},"excerpt":{"rendered":"<p>Este martes 17 de diciembre se aprob\u00f3 en la sesi\u00f3n especial 12da, el pavimento del barrio Mallin. Con intervenciones del concejal por Avanzar Neuqu\u00e9n Tom\u00e1s Andrade, criado en el barrio, que lament\u00f3 se haya tardado desde mayo la aprobaci\u00f3n y la concejal Eugenia Ceraso, de Primero Angostura, que reclam\u00f3 por la falta de una hoja [&hellip;]<\/p>\n","protected":false},"author":1,"featured_media":5436,"comment_status":"open","ping_status":"open","sticky":false,"template":"","format":"standard","meta":{"footnotes":""},"categories":[28],"tags":[],"class_list":["post-5435","post","type-post","status-publish","format-standard","has-post-thumbnail","hentry","category-politica"],"_links":{"self":[{"href":"https:\/\/langtvvla.com.ar\/index.php\/wp-json\/wp\/v2\/posts\/5435","targetHints":{"allow":["GET"]}}],"collection":[{"href":"https:\/\/langtvvla.com.ar\/index.php\/wp-json\/wp\/v2\/posts"}],"about":[{"href":"https:\/\/langtvvla.com.ar\/index.php\/wp-json\/wp\/v2\/types\/post"}],"author":[{"embeddable":true,"href":"https:\/\/langtvvla.com.ar\/index.php\/wp-json\/wp\/v2\/users\/1"}],"replies":[{"embeddable":true,"href":"https:\/\/langtvvla.com.ar\/index.php\/wp-json\/wp\/v2\/comments?post=5435"}],"version-history":[{"count":3,"href":"https:\/\/langtvvla.com.ar\/index.php\/wp-json\/wp\/v2\/posts\/5435\/revisions"}],"predecessor-version":[{"id":5442,"href":"https:\/\/langtvvla.com.ar\/index.php\/wp-json\/wp\/v2\/posts\/5435\/revisions\/5442"}],"wp:featuredmedia":[{"embeddable":true,"href":"https:\/\/langtvvla.com.ar\/index.php\/wp-json\/wp\/v2\/media\/5436"}],"wp:attachment":[{"href":"https:\/\/langtvvla.com.ar\/index.php\/wp-json\/wp\/v2\/media?parent=5435"}],"wp:term":[{"taxonomy":"category","embeddable":true,"href":"https:\/\/langtvvla.com.ar\/index.php\/wp-json\/wp\/v2\/categories?post=5435"},{"taxonomy":"post_tag","embeddable":true,"href":"https:\/\/langtvvla.com.ar\/index.php\/wp-json\/wp\/v2\/tags?post=5435"}],"curies":[{"name":"wp","href":"https:\/\/api.w.org\/{rel}","templated":true}]}}