{"id":5451,"date":"2024-12-19T20:09:28","date_gmt":"2024-12-19T19:09:28","guid":{"rendered":"https:\/\/langtvvla.com.ar\/?p=5451"},"modified":"2024-12-19T20:28:36","modified_gmt":"2024-12-19T19:28:36","slug":"deportes-artifices-ocultos-del-ascenso-de-piedritas","status":"publish","type":"post","link":"https:\/\/langtvvla.com.ar\/index.php\/2024\/12\/19\/deportes-artifices-ocultos-del-ascenso-de-piedritas\/","title":{"rendered":"DEPORTES: ART\u00cdFICES OCULTOS DEL ASCENSO DE PIEDRITAS"},"content":{"rendered":"\n<figure class=\"wp-block-embed is-type-video is-provider-youtube wp-block-embed-youtube wp-embed-aspect-16-9 wp-has-aspect-ratio\"><div class=\"wp-block-embed__wrapper\">\n<iframe loading=\"lazy\" title=\"PIEDRITAS 2024\" width=\"500\" height=\"281\" src=\"https:\/\/www.youtube.com\/embed\/bczs1h8naQE?feature=oembed\" frameborder=\"0\" allow=\"accelerometer; autoplay; clipboard-write; encrypted-media; gyroscope; picture-in-picture; web-share\" referrerpolicy=\"strict-origin-when-cross-origin\" allowfullscreen><\/iframe>\n<\/div><\/figure>\n\n\n\n<p><strong>El ascenso de Piedritas a la A de LIFUBA fue conseguido el domingo 16 de diciembre de 2024, pero inici\u00f3 mucho antes.<\/strong><\/p>\n\n\n\n<p><strong>Y no fue casualidad o se debi\u00f3 exclusivamente a la demoledora capacidad goleadora de Nacho Murer esa tarde. No, adem\u00e1s de sus compa\u00f1eros, del grupo, hubo mucha m\u00e1s gente involucrada.<\/strong><\/p>\n\n\n\n<p><strong>Para la gran mayor\u00eda, incluso para nosotros, que cubrimos la campa\u00f1a, varias personas desconocidas, que no aparec\u00edan en primer plano, pero fueron indispensables.<\/strong><\/p>\n\n\n\n<p><strong>Salieron a la luz en la tarde post partido, de regreso en casa, cuando luego de la tradicional vuelta de festejo por el centro, se arrib\u00f3 al club y, juntos, empezaron a hablar, en fila.<\/strong><\/p>\n\n\n\n<p><strong>Desde los asistentes del t\u00e9cnico Matuz, Roberto Carrasco y Ra\u00fal Coronado, pasando por el entrenador de arqueros Mario Truglio hasta C\u00e9sar, t\u00e9cnico de inferiores.<\/strong><\/p>\n\n\n\n<figure class=\"wp-block-embed is-type-video is-provider-youtube wp-block-embed-youtube wp-embed-aspect-16-9 wp-has-aspect-ratio\"><div class=\"wp-block-embed__wrapper\">\n<iframe loading=\"lazy\" title=\"PIEDRITAS 2024\" width=\"500\" height=\"281\" src=\"https:\/\/www.youtube.com\/embed\/vj_ytHv_Y7Q?feature=oembed\" frameborder=\"0\" allow=\"accelerometer; autoplay; clipboard-write; encrypted-media; gyroscope; picture-in-picture; web-share\" referrerpolicy=\"strict-origin-when-cross-origin\" allowfullscreen><\/iframe>\n<\/div><\/figure>\n\n\n\n<p><strong>Tambi\u00e9n le toc\u00f3 a la dirigencia, representada por el presidente Edgardo Colletti y las chicas de la Subcomisi\u00f3n de F\u00fatbol.<\/strong><\/p>\n\n\n\n<p><strong>Roberto Carrasco, en sus palabras habl\u00f3 del pasado y el futuro, agradeci\u00f3 y reconoci\u00f3 lo hecho por el anterior cuerpo t\u00e9cnico, Maxi Fern\u00e1ndez y Guillermo Nader, que con lo hecho en la primera parte del a\u00f1o fueron parte de la posibilidad que Piedritas pudiera jugar el repechaje. Finalmente areng\u00f3 y advirti\u00f3 a los jugadores a no dormirse, porque ya a mediados de enero deben a volver a entrenar para el desaf\u00edo de ser parte de la A.<\/strong><\/p>\n","protected":false},"excerpt":{"rendered":"<p>El ascenso de Piedritas a la A de LIFUBA fue conseguido el domingo 16 de diciembre de 2024, pero inici\u00f3 mucho antes. Y no fue casualidad o se debi\u00f3 exclusivamente a la demoledora capacidad goleadora de Nacho Murer esa tarde. No, adem\u00e1s de sus compa\u00f1eros, del grupo, hubo mucha m\u00e1s gente involucrada. Para la gran [&hellip;]<\/p>\n","protected":false},"author":1,"featured_media":5452,"comment_status":"open","ping_status":"open","sticky":false,"template":"","format":"standard","meta":{"footnotes":""},"categories":[18],"tags":[],"class_list":["post-5451","post","type-post","status-publish","format-standard","has-post-thumbnail","hentry","category-deportes"],"_links":{"self":[{"href":"https:\/\/langtvvla.com.ar\/index.php\/wp-json\/wp\/v2\/posts\/5451","targetHints":{"allow":["GET"]}}],"collection":[{"href":"https:\/\/langtvvla.com.ar\/index.php\/wp-json\/wp\/v2\/posts"}],"about":[{"href":"https:\/\/langtvvla.com.ar\/index.php\/wp-json\/wp\/v2\/types\/post"}],"author":[{"embeddable":true,"href":"https:\/\/langtvvla.com.ar\/index.php\/wp-json\/wp\/v2\/users\/1"}],"replies":[{"embeddable":true,"href":"https:\/\/langtvvla.com.ar\/index.php\/wp-json\/wp\/v2\/comments?post=5451"}],"version-history":[{"count":5,"href":"https:\/\/langtvvla.com.ar\/index.php\/wp-json\/wp\/v2\/posts\/5451\/revisions"}],"predecessor-version":[{"id":5458,"href":"https:\/\/langtvvla.com.ar\/index.php\/wp-json\/wp\/v2\/posts\/5451\/revisions\/5458"}],"wp:featuredmedia":[{"embeddable":true,"href":"https:\/\/langtvvla.com.ar\/index.php\/wp-json\/wp\/v2\/media\/5452"}],"wp:attachment":[{"href":"https:\/\/langtvvla.com.ar\/index.php\/wp-json\/wp\/v2\/media?parent=5451"}],"wp:term":[{"taxonomy":"category","embeddable":true,"href":"https:\/\/langtvvla.com.ar\/index.php\/wp-json\/wp\/v2\/categories?post=5451"},{"taxonomy":"post_tag","embeddable":true,"href":"https:\/\/langtvvla.com.ar\/index.php\/wp-json\/wp\/v2\/tags?post=5451"}],"curies":[{"name":"wp","href":"https:\/\/api.w.org\/{rel}","templated":true}]}}