{"id":5575,"date":"2025-01-01T17:46:00","date_gmt":"2025-01-01T16:46:00","guid":{"rendered":"https:\/\/langtvvla.com.ar\/?p=5575"},"modified":"2025-01-01T17:46:01","modified_gmt":"2025-01-01T16:46:01","slug":"sociedad-saludos-del-intendente-murer-y-el-hcd-por-ano-nuevo","status":"publish","type":"post","link":"https:\/\/langtvvla.com.ar\/index.php\/2025\/01\/01\/sociedad-saludos-del-intendente-murer-y-el-hcd-por-ano-nuevo\/","title":{"rendered":"SOCIEDAD: SALUDOS DEL INTENDENTE MURER Y EL HCD POR A\u00d1O NUEVO"},"content":{"rendered":"\n<figure class=\"wp-block-embed is-type-video is-provider-youtube wp-block-embed-youtube wp-embed-aspect-16-9 wp-has-aspect-ratio\"><div class=\"wp-block-embed__wrapper\">\n<iframe loading=\"lazy\" title=\"SALUDO A\u00d1O NUEVO MURER\" width=\"500\" height=\"281\" src=\"https:\/\/www.youtube.com\/embed\/3LHrd0YlUlQ?feature=oembed\" frameborder=\"0\" allow=\"accelerometer; autoplay; clipboard-write; encrypted-media; gyroscope; picture-in-picture; web-share\" referrerpolicy=\"strict-origin-when-cross-origin\" allowfullscreen><\/iframe>\n<\/div><\/figure>\n\n\n\n<p><strong>El Intendente Javier Murer emiti\u00f3 un video con saludos por el inicio del 2025. Por su parte el HCD tambi\u00e9n envi\u00f3 sus deseos con un mensaje en redes.<\/strong><\/p>\n\n\n\n<figure class=\"wp-block-image size-large\"><img loading=\"lazy\" decoding=\"async\" width=\"1024\" height=\"726\" src=\"https:\/\/langtvvla.com.ar\/wp-content\/uploads\/2025\/01\/Salutacion-Navidad-y-Ano-Nuevo-Concejo-Deliberante-1024x726.jpeg\" alt=\"\" class=\"wp-image-5576\" srcset=\"https:\/\/langtvvla.com.ar\/wp-content\/uploads\/2025\/01\/Salutacion-Navidad-y-Ano-Nuevo-Concejo-Deliberante-1024x726.jpeg 1024w, https:\/\/langtvvla.com.ar\/wp-content\/uploads\/2025\/01\/Salutacion-Navidad-y-Ano-Nuevo-Concejo-Deliberante-300x213.jpeg 300w, https:\/\/langtvvla.com.ar\/wp-content\/uploads\/2025\/01\/Salutacion-Navidad-y-Ano-Nuevo-Concejo-Deliberante-768x545.jpeg 768w, https:\/\/langtvvla.com.ar\/wp-content\/uploads\/2025\/01\/Salutacion-Navidad-y-Ano-Nuevo-Concejo-Deliberante-1536x1090.jpeg 1536w, https:\/\/langtvvla.com.ar\/wp-content\/uploads\/2025\/01\/Salutacion-Navidad-y-Ano-Nuevo-Concejo-Deliberante.jpeg 1600w\" sizes=\"auto, (max-width: 1024px) 100vw, 1024px\" \/><\/figure>\n\n\n\n<p><strong>CREDITO VIDEO Y FOTOS REDES<\/strong><\/p>\n","protected":false},"excerpt":{"rendered":"<p>El Intendente Javier Murer emiti\u00f3 un video con saludos por el inicio del 2025. Por su parte el HCD tambi\u00e9n envi\u00f3 sus deseos con un mensaje en redes. CREDITO VIDEO Y FOTOS REDES<\/p>\n","protected":false},"author":1,"featured_media":5577,"comment_status":"open","ping_status":"open","sticky":false,"template":"","format":"standard","meta":{"footnotes":""},"categories":[28,36],"tags":[],"class_list":["post-5575","post","type-post","status-publish","format-standard","has-post-thumbnail","hentry","category-politica","category-sociedad"],"_links":{"self":[{"href":"https:\/\/langtvvla.com.ar\/index.php\/wp-json\/wp\/v2\/posts\/5575","targetHints":{"allow":["GET"]}}],"collection":[{"href":"https:\/\/langtvvla.com.ar\/index.php\/wp-json\/wp\/v2\/posts"}],"about":[{"href":"https:\/\/langtvvla.com.ar\/index.php\/wp-json\/wp\/v2\/types\/post"}],"author":[{"embeddable":true,"href":"https:\/\/langtvvla.com.ar\/index.php\/wp-json\/wp\/v2\/users\/1"}],"replies":[{"embeddable":true,"href":"https:\/\/langtvvla.com.ar\/index.php\/wp-json\/wp\/v2\/comments?post=5575"}],"version-history":[{"count":1,"href":"https:\/\/langtvvla.com.ar\/index.php\/wp-json\/wp\/v2\/posts\/5575\/revisions"}],"predecessor-version":[{"id":5578,"href":"https:\/\/langtvvla.com.ar\/index.php\/wp-json\/wp\/v2\/posts\/5575\/revisions\/5578"}],"wp:featuredmedia":[{"embeddable":true,"href":"https:\/\/langtvvla.com.ar\/index.php\/wp-json\/wp\/v2\/media\/5577"}],"wp:attachment":[{"href":"https:\/\/langtvvla.com.ar\/index.php\/wp-json\/wp\/v2\/media?parent=5575"}],"wp:term":[{"taxonomy":"category","embeddable":true,"href":"https:\/\/langtvvla.com.ar\/index.php\/wp-json\/wp\/v2\/categories?post=5575"},{"taxonomy":"post_tag","embeddable":true,"href":"https:\/\/langtvvla.com.ar\/index.php\/wp-json\/wp\/v2\/tags?post=5575"}],"curies":[{"name":"wp","href":"https:\/\/api.w.org\/{rel}","templated":true}]}}