{"id":5749,"date":"2025-01-21T20:00:55","date_gmt":"2025-01-21T19:00:55","guid":{"rendered":"https:\/\/langtvvla.com.ar\/?p=5749"},"modified":"2025-01-21T20:57:24","modified_gmt":"2025-01-21T19:57:24","slug":"deportes-acuatlon-2025-piedra-del-aguila","status":"publish","type":"post","link":"https:\/\/langtvvla.com.ar\/index.php\/2025\/01\/21\/deportes-acuatlon-2025-piedra-del-aguila\/","title":{"rendered":"DEPORTES: ACUATLON 2025 PIEDRA DEL AGUILA"},"content":{"rendered":"\n<p><strong>Este 18 y 19 de enero, se realiz\u00f3 en Piedra del \u00c1guila el Acuatl\u00f3n Fest 2025, en el balneario municipal de dicha localidad.<\/strong><\/p>\n\n\n\n<figure class=\"wp-block-image size-large\"><img loading=\"lazy\" decoding=\"async\" width=\"694\" height=\"1024\" src=\"https:\/\/langtvvla.com.ar\/wp-content\/uploads\/2025\/01\/Screenshot_20250120-170114_Drive_031035-1-1-694x1024.jpg\" alt=\"\" class=\"wp-image-5755\" srcset=\"https:\/\/langtvvla.com.ar\/wp-content\/uploads\/2025\/01\/Screenshot_20250120-170114_Drive_031035-1-1-694x1024.jpg 694w, https:\/\/langtvvla.com.ar\/wp-content\/uploads\/2025\/01\/Screenshot_20250120-170114_Drive_031035-1-1-203x300.jpg 203w, https:\/\/langtvvla.com.ar\/wp-content\/uploads\/2025\/01\/Screenshot_20250120-170114_Drive_031035-1-1.jpg 720w\" sizes=\"auto, (max-width: 694px) 100vw, 694px\" \/><\/figure>\n\n\n\n<p><strong>Este evento tuvo las disciplinas swimrun (individual o pareja, nadar y correr 10k), nataci\u00f3n en aguas abiertas (1.5 o 4k), running (5, 10, 21k) y acuatl\u00f3n olimpico (nadar 1.5 y correr 10k), posta (2.5 y 10k), short (700mts y 5\u0137). <\/strong><\/p>\n\n\n\n<p><strong>Participaron 150 atletas de Neuqu\u00e9n, R\u00edo Negro, C\u00f3rdoba, Buenos Aires y La Pampa.<\/strong><\/p>\n\n\n\n<figure class=\"wp-block-image size-full\"><img loading=\"lazy\" decoding=\"async\" width=\"720\" height=\"485\" src=\"https:\/\/langtvvla.com.ar\/wp-content\/uploads\/2025\/01\/Screenshot_20250120-162613_Drive_031019-1.jpg\" alt=\"\" class=\"wp-image-5756\" srcset=\"https:\/\/langtvvla.com.ar\/wp-content\/uploads\/2025\/01\/Screenshot_20250120-162613_Drive_031019-1.jpg 720w, https:\/\/langtvvla.com.ar\/wp-content\/uploads\/2025\/01\/Screenshot_20250120-162613_Drive_031019-1-300x202.jpg 300w\" sizes=\"auto, (max-width: 720px) 100vw, 720px\" \/><\/figure>\n\n\n\n<p><strong><sub><mark style=\"background-color:rgba(0, 0, 0, 0);color:#ef0000\" class=\"has-inline-color\">ASI LE FUE A LA GENTE DE ANGOSTURA <\/mark><\/sub><\/strong><\/p>\n\n\n\n<p><strong>Carolina Vargas en&nbsp; SwimRun completo los 10k en 01:51:27 hs ubic\u00e1ndose octava en la general, mientras que en acuatl\u00f3n mixta el equipo \u00abAldea de Monta\u00f1a I\u00bb integrado por Natalia Herrera y Claudio Cisterna ocuparon el tercer lugar en la categor\u00eda y el sexto en la general con 01:23:33 hs mientras que \u00abAldea De Monta\u00f1a II\u00bb integrada por&nbsp; Luciana Maria Soledad Fernandez Esquivel&nbsp; y&nbsp; Claudia Patricia Velasquez lograron el segundo lugar en duplas femenina con un tiempo de 01:43:40 hs.<\/strong><\/p>\n\n\n\n<p><strong>En los 10k run Maira Reucan consigui\u00f3 quedarse con el primer puesto femenino y el quinto en la general con 01:01:19 hs.<\/strong><\/p>\n\n\n\n<figure class=\"wp-block-image size-large\"><img loading=\"lazy\" decoding=\"async\" width=\"1024\" height=\"683\" src=\"https:\/\/langtvvla.com.ar\/wp-content\/uploads\/2025\/01\/DSC_1596-1024x683.jpg\" alt=\"\" class=\"wp-image-5757\" srcset=\"https:\/\/langtvvla.com.ar\/wp-content\/uploads\/2025\/01\/DSC_1596-1024x683.jpg 1024w, https:\/\/langtvvla.com.ar\/wp-content\/uploads\/2025\/01\/DSC_1596-300x200.jpg 300w, https:\/\/langtvvla.com.ar\/wp-content\/uploads\/2025\/01\/DSC_1596-768x512.jpg 768w, https:\/\/langtvvla.com.ar\/wp-content\/uploads\/2025\/01\/DSC_1596-1536x1024.jpg 1536w, https:\/\/langtvvla.com.ar\/wp-content\/uploads\/2025\/01\/DSC_1596-2048x1365.jpg 2048w\" sizes=\"auto, (max-width: 1024px) 100vw, 1024px\" \/><\/figure>\n\n\n\n<p><strong><sub><mark style=\"background-color:rgba(0, 0, 0, 0);color:#ec0909\" class=\"has-inline-color\">GANADORAS Y GANADORES<\/mark><\/sub><\/strong><\/p>\n\n\n\n<p><strong>-Swimrun individual: Jorge Luis Be\u00f1aldo (Neuqu\u00e9n) \u2013 01:25:01 y Bel\u00e9n Parra (Bah\u00eda Blanca) &#8211; 01:32:42.<\/strong><\/p>\n\n\n\n<p><strong>-Swimrun dupla mixta: Equipo \u00abGarrapatas\u00bb (Camila G\u00f3mez Di Luca y Lucas Albarr\u00e1n) \u2013 01:47:26.<\/strong><\/p>\n\n\n\n<figure class=\"wp-block-image size-large\"><img loading=\"lazy\" decoding=\"async\" width=\"1024\" height=\"683\" src=\"https:\/\/langtvvla.com.ar\/wp-content\/uploads\/2025\/01\/DSC_0239-1024x683.jpg\" alt=\"\" class=\"wp-image-5761\" srcset=\"https:\/\/langtvvla.com.ar\/wp-content\/uploads\/2025\/01\/DSC_0239-1024x683.jpg 1024w, https:\/\/langtvvla.com.ar\/wp-content\/uploads\/2025\/01\/DSC_0239-300x200.jpg 300w, https:\/\/langtvvla.com.ar\/wp-content\/uploads\/2025\/01\/DSC_0239-768x512.jpg 768w, https:\/\/langtvvla.com.ar\/wp-content\/uploads\/2025\/01\/DSC_0239-1536x1024.jpg 1536w, https:\/\/langtvvla.com.ar\/wp-content\/uploads\/2025\/01\/DSC_0239-2048x1365.jpg 2048w\" sizes=\"auto, (max-width: 1024px) 100vw, 1024px\" \/><\/figure>\n\n\n\n<p><strong>-Aguas abiertas 1500 m: Ezequiel Benzadon (Cipolletti) -v00:22:53 y Mayra Belen Garcia (Neuqu\u00e9n) &#8211; 00:23:03.<\/strong><\/p>\n\n\n\n<p><strong>-Aguas abiertas 4000 m: Dar\u00edo Belisle (Plaza Huincul) \u2013 00:59:03 y Luc\u00eda S\u00e1nchez Nadalmay (Neuqu\u00e9n) &#8211; 01:12:04.<\/strong><\/p>\n\n\n\n<p>&#8211;<strong>Acuatl\u00f3n Ol\u00edmpico: Sebasti\u00e1n Asquinazi (Cipolletti) \u2013 01:06:35 y Micaela Fern\u00e1ndez (Allen) &#8211; 01:25:05.<\/strong><\/p>\n\n\n\n<figure class=\"wp-block-image size-large\"><img loading=\"lazy\" decoding=\"async\" width=\"1024\" height=\"1024\" src=\"https:\/\/langtvvla.com.ar\/wp-content\/uploads\/2025\/01\/DSC_1931-1024x1024.jpg\" alt=\"\" class=\"wp-image-5760\" srcset=\"https:\/\/langtvvla.com.ar\/wp-content\/uploads\/2025\/01\/DSC_1931-1024x1024.jpg 1024w, https:\/\/langtvvla.com.ar\/wp-content\/uploads\/2025\/01\/DSC_1931-300x300.jpg 300w, https:\/\/langtvvla.com.ar\/wp-content\/uploads\/2025\/01\/DSC_1931-150x150.jpg 150w, https:\/\/langtvvla.com.ar\/wp-content\/uploads\/2025\/01\/DSC_1931-768x768.jpg 768w, https:\/\/langtvvla.com.ar\/wp-content\/uploads\/2025\/01\/DSC_1931-1536x1536.jpg 1536w, https:\/\/langtvvla.com.ar\/wp-content\/uploads\/2025\/01\/DSC_1931-2048x2048.jpg 2048w\" sizes=\"auto, (max-width: 1024px) 100vw, 1024px\" \/><\/figure>\n\n\n\n<p><strong>-Acuatl\u00f3n Short: Nahuel Fuentes Chicopar (Plottier) &#8211; 00:43:29 y Mayra Belen Garcia (Neuqu\u00e9n) &#8211; 00:53:25.<\/strong><\/p>\n\n\n\n<p><strong>-Acuatl\u00f3n Posta: Patotero (Dario Belisle \/ Diego Remirez) &#8211; 01:08:15 y Los Kamikases (Julieta Peralta \/ Carlos Peralta) &#8211; 01:17:11.<\/strong><\/p>\n\n\n\n<p><strong>-\u00c1guila Run 5k: Giuliana Blattner (Jun\u00edn de los Andes) \u2013 00:32:42.<\/strong><\/p>\n\n\n\n<figure class=\"wp-block-image size-large\"><img loading=\"lazy\" decoding=\"async\" width=\"1024\" height=\"683\" src=\"https:\/\/langtvvla.com.ar\/wp-content\/uploads\/2025\/01\/DSC_1102-1024x683.jpg\" alt=\"\" class=\"wp-image-5764\" srcset=\"https:\/\/langtvvla.com.ar\/wp-content\/uploads\/2025\/01\/DSC_1102-1024x683.jpg 1024w, https:\/\/langtvvla.com.ar\/wp-content\/uploads\/2025\/01\/DSC_1102-300x200.jpg 300w, https:\/\/langtvvla.com.ar\/wp-content\/uploads\/2025\/01\/DSC_1102-768x512.jpg 768w, https:\/\/langtvvla.com.ar\/wp-content\/uploads\/2025\/01\/DSC_1102-1536x1024.jpg 1536w, https:\/\/langtvvla.com.ar\/wp-content\/uploads\/2025\/01\/DSC_1102-2048x1365.jpg 2048w\" sizes=\"auto, (max-width: 1024px) 100vw, 1024px\" \/><\/figure>\n\n\n\n<p><strong><em>-Aguila Run 10k: Oscar Miguel Aguirre (Piedra del \u00c1guila) &#8211; 00:40:37 y Maira Reucan (Villa La Angostura) &#8211; 01:01:19.<\/em><\/strong><\/p>\n\n\n\n<p><strong>FOTOS CORTESIA ACUATL\u00d3N<\/strong><\/p>\n","protected":false},"excerpt":{"rendered":"<p>Este 18 y 19 de enero, se realiz\u00f3 en Piedra del \u00c1guila el Acuatl\u00f3n Fest 2025, en el balneario municipal de dicha localidad. Este evento tuvo las disciplinas swimrun (individual o pareja, nadar y correr 10k), nataci\u00f3n en aguas abiertas (1.5 o 4k), running (5, 10, 21k) y acuatl\u00f3n olimpico (nadar 1.5 y correr 10k), [&hellip;]<\/p>\n","protected":false},"author":1,"featured_media":5750,"comment_status":"open","ping_status":"open","sticky":false,"template":"","format":"standard","meta":{"footnotes":""},"categories":[18],"tags":[],"class_list":["post-5749","post","type-post","status-publish","format-standard","has-post-thumbnail","hentry","category-deportes"],"_links":{"self":[{"href":"https:\/\/langtvvla.com.ar\/index.php\/wp-json\/wp\/v2\/posts\/5749","targetHints":{"allow":["GET"]}}],"collection":[{"href":"https:\/\/langtvvla.com.ar\/index.php\/wp-json\/wp\/v2\/posts"}],"about":[{"href":"https:\/\/langtvvla.com.ar\/index.php\/wp-json\/wp\/v2\/types\/post"}],"author":[{"embeddable":true,"href":"https:\/\/langtvvla.com.ar\/index.php\/wp-json\/wp\/v2\/users\/1"}],"replies":[{"embeddable":true,"href":"https:\/\/langtvvla.com.ar\/index.php\/wp-json\/wp\/v2\/comments?post=5749"}],"version-history":[{"count":4,"href":"https:\/\/langtvvla.com.ar\/index.php\/wp-json\/wp\/v2\/posts\/5749\/revisions"}],"predecessor-version":[{"id":5765,"href":"https:\/\/langtvvla.com.ar\/index.php\/wp-json\/wp\/v2\/posts\/5749\/revisions\/5765"}],"wp:featuredmedia":[{"embeddable":true,"href":"https:\/\/langtvvla.com.ar\/index.php\/wp-json\/wp\/v2\/media\/5750"}],"wp:attachment":[{"href":"https:\/\/langtvvla.com.ar\/index.php\/wp-json\/wp\/v2\/media?parent=5749"}],"wp:term":[{"taxonomy":"category","embeddable":true,"href":"https:\/\/langtvvla.com.ar\/index.php\/wp-json\/wp\/v2\/categories?post=5749"},{"taxonomy":"post_tag","embeddable":true,"href":"https:\/\/langtvvla.com.ar\/index.php\/wp-json\/wp\/v2\/tags?post=5749"}],"curies":[{"name":"wp","href":"https:\/\/api.w.org\/{rel}","templated":true}]}}