{"id":6064,"date":"2025-02-09T04:08:20","date_gmt":"2025-02-09T03:08:20","guid":{"rendered":"https:\/\/langtvvla.com.ar\/?p=6064"},"modified":"2025-02-09T14:26:32","modified_gmt":"2025-02-09T13:26:32","slug":"seguridad-impresionante-rescate-de-parapentista-en-el-bayo","status":"publish","type":"post","link":"https:\/\/langtvvla.com.ar\/index.php\/2025\/02\/09\/seguridad-impresionante-rescate-de-parapentista-en-el-bayo\/","title":{"rendered":"SEGURIDAD: IMPRESIONANTE RESCATE DE PARAPENTISTA EN EL BAYO"},"content":{"rendered":"\n<figure class=\"wp-block-embed is-type-video is-provider-youtube wp-block-embed-youtube wp-embed-aspect-16-9 wp-has-aspect-ratio\"><div class=\"wp-block-embed__wrapper\">\n<iframe loading=\"lazy\" title=\"RESCATE EN CERRO BAYO 2025\" width=\"500\" height=\"281\" src=\"https:\/\/www.youtube.com\/embed\/XJriB5cjCJY?feature=oembed\" frameborder=\"0\" allow=\"accelerometer; autoplay; clipboard-write; encrypted-media; gyroscope; picture-in-picture; web-share\" referrerpolicy=\"strict-origin-when-cross-origin\" allowfullscreen><\/iframe>\n<\/div><\/figure>\n\n\n\n<p><strong>Este s\u00e1bado 8 de febrero se llev\u00f3 a cabo el espectacular rescate de un turista accidentado en las laderas del Bayo.<\/strong><\/p>\n\n\n\n<p><strong>El joven hombre, no mayor de 30 a\u00f1os, por razones que todav\u00eda se desconocen, mientras sobrevolaba el cerro practicando el vuelo con parapente (a 1.800mts de altura), se accion\u00f3 el paraca\u00eddas y luego se cerr\u00f3, recurri\u00f3 al de emergencias, de repente, se habr\u00edan abierto ambos y terminaron enredandose, provocando su ca\u00edda.<\/strong><\/p>\n\n\n\n<figure class=\"wp-block-image size-full\"><img loading=\"lazy\" decoding=\"async\" width=\"732\" height=\"658\" src=\"https:\/\/langtvvla.com.ar\/wp-content\/uploads\/2025\/02\/384407755_219633747785186_5410010006808813386_n-1.jpg\" alt=\"\" class=\"wp-image-6065\" srcset=\"https:\/\/langtvvla.com.ar\/wp-content\/uploads\/2025\/02\/384407755_219633747785186_5410010006808813386_n-1.jpg 732w, https:\/\/langtvvla.com.ar\/wp-content\/uploads\/2025\/02\/384407755_219633747785186_5410010006808813386_n-1-300x270.jpg 300w\" sizes=\"auto, (max-width: 732px) 100vw, 732px\" \/><\/figure>\n\n\n\n<p><strong>El lugar tiene suelos muy rocosos, que le causaron varias heridas de consideraci\u00f3n. Adem\u00e1s la zona es de dif\u00edcil acceso y con inclinaci\u00f3n de 45 grados al menos.<\/strong><\/p>\n\n\n\n<p><strong>Todo lo cual oblig\u00f3 oblig\u00f3 a la Secretar\u00eda de Seguridad, a cargo del Lic. Gabriel Orme\u00f1o, a activar el protocolo de rescate, actuar r\u00e1pidamente y solicitar ayuda a la provincia. <\/strong><\/p>\n\n\n\n<figure class=\"wp-block-image size-full\"><img loading=\"lazy\" decoding=\"async\" width=\"720\" height=\"897\" src=\"https:\/\/langtvvla.com.ar\/wp-content\/uploads\/2025\/02\/Screenshot_20250209-001338_Gallery.jpg\" alt=\"\" class=\"wp-image-6070\" srcset=\"https:\/\/langtvvla.com.ar\/wp-content\/uploads\/2025\/02\/Screenshot_20250209-001338_Gallery.jpg 720w, https:\/\/langtvvla.com.ar\/wp-content\/uploads\/2025\/02\/Screenshot_20250209-001338_Gallery-241x300.jpg 241w\" sizes=\"auto, (max-width: 720px) 100vw, 720px\" \/><\/figure>\n\n\n\n<p><strong><mark style=\"background-color:rgba(0, 0, 0, 0);color:#f10505\" class=\"has-inline-color\">NEUQUEN INTERVIENE ANTE EL PEDIDO DE AUXILIO<\/mark><\/strong><\/p>\n\n\n\n<p><strong>La Secretaria de Emergencias y Gesti\u00f3n de Riesgos, dra. Luciana Ortiz Luna, a pedido de Orme\u00f1o, envi\u00f3 uno de los helic\u00f3pteros provinciales, un Bell 407, fabricado en USA, cuyo valor est\u00e1 entre 2 y 3 millones de U$S, con capacidad para piloto, copiloto y cinco pasajeros, y un gancho de carga \u00fatil de hasta 1200&nbsp;kg, velocidad de 246kmts, alcance 598kmts y techo casi 5.700 mts.<\/strong><\/p>\n\n\n\n<figure class=\"wp-block-image size-large\"><img loading=\"lazy\" decoding=\"async\" width=\"1024\" height=\"506\" src=\"https:\/\/langtvvla.com.ar\/wp-content\/uploads\/2025\/02\/Web.Segunda-VI-Aniversario-del-SIEN-Luciana-Ortiz-Luna-7V0A0581-1024x506.jpg\" alt=\"\" class=\"wp-image-6067\" srcset=\"https:\/\/langtvvla.com.ar\/wp-content\/uploads\/2025\/02\/Web.Segunda-VI-Aniversario-del-SIEN-Luciana-Ortiz-Luna-7V0A0581-1024x506.jpg 1024w, https:\/\/langtvvla.com.ar\/wp-content\/uploads\/2025\/02\/Web.Segunda-VI-Aniversario-del-SIEN-Luciana-Ortiz-Luna-7V0A0581-300x148.jpg 300w, https:\/\/langtvvla.com.ar\/wp-content\/uploads\/2025\/02\/Web.Segunda-VI-Aniversario-del-SIEN-Luciana-Ortiz-Luna-7V0A0581-768x379.jpg 768w, https:\/\/langtvvla.com.ar\/wp-content\/uploads\/2025\/02\/Web.Segunda-VI-Aniversario-del-SIEN-Luciana-Ortiz-Luna-7V0A0581.jpg 1403w\" sizes=\"auto, (max-width: 1024px) 100vw, 1024px\" \/><\/figure>\n\n\n\n<p><strong>En el rescate intervino personal de Secretar\u00eda de Seguridadde Angostura, Protecci\u00f3n Civil, BRZA, Polic\u00eda y Bomberos y de la Secretar\u00eda de Emergencias y Gesti\u00f3n de Riesgos de Neuqu\u00e9n. Luego que el helic\u00f3ptero enganchara su camilla, fue llevado al Arraiz donde recibi\u00f3 las primeras curaciones y luego el Bell lo traslad\u00f3 a San Martin de los Andes, presumiblemente al dr. Ram\u00f3n Carrillo, por tener instalaciones de mayor complejidad que nuestra localidad.<\/strong><\/p>\n\n\n\n<p><strong>Agradecemos la colaboraci\u00f3n de la Secretar\u00eda de Seguridad para redactar esta nota.<\/strong><\/p>\n\n\n\n<p><strong>CREDITO IMAGENES Y VIDEO SECRETARIA DE SEGURIDAD Y WEB<\/strong><\/p>\n\n\n\n<p><\/p>\n","protected":false},"excerpt":{"rendered":"<p>Este s\u00e1bado 8 de febrero se llev\u00f3 a cabo el espectacular rescate de un turista accidentado en las laderas del Bayo. El joven hombre, no mayor de 30 a\u00f1os, por razones que todav\u00eda se desconocen, mientras sobrevolaba el cerro practicando el vuelo con parapente (a 1.800mts de altura), se accion\u00f3 el paraca\u00eddas y luego se [&hellip;]<\/p>\n","protected":false},"author":1,"featured_media":6068,"comment_status":"open","ping_status":"open","sticky":false,"template":"","format":"standard","meta":{"footnotes":""},"categories":[34,36],"tags":[],"class_list":["post-6064","post","type-post","status-publish","format-standard","has-post-thumbnail","hentry","category-seguridad","category-sociedad"],"_links":{"self":[{"href":"https:\/\/langtvvla.com.ar\/index.php\/wp-json\/wp\/v2\/posts\/6064","targetHints":{"allow":["GET"]}}],"collection":[{"href":"https:\/\/langtvvla.com.ar\/index.php\/wp-json\/wp\/v2\/posts"}],"about":[{"href":"https:\/\/langtvvla.com.ar\/index.php\/wp-json\/wp\/v2\/types\/post"}],"author":[{"embeddable":true,"href":"https:\/\/langtvvla.com.ar\/index.php\/wp-json\/wp\/v2\/users\/1"}],"replies":[{"embeddable":true,"href":"https:\/\/langtvvla.com.ar\/index.php\/wp-json\/wp\/v2\/comments?post=6064"}],"version-history":[{"count":4,"href":"https:\/\/langtvvla.com.ar\/index.php\/wp-json\/wp\/v2\/posts\/6064\/revisions"}],"predecessor-version":[{"id":6073,"href":"https:\/\/langtvvla.com.ar\/index.php\/wp-json\/wp\/v2\/posts\/6064\/revisions\/6073"}],"wp:featuredmedia":[{"embeddable":true,"href":"https:\/\/langtvvla.com.ar\/index.php\/wp-json\/wp\/v2\/media\/6068"}],"wp:attachment":[{"href":"https:\/\/langtvvla.com.ar\/index.php\/wp-json\/wp\/v2\/media?parent=6064"}],"wp:term":[{"taxonomy":"category","embeddable":true,"href":"https:\/\/langtvvla.com.ar\/index.php\/wp-json\/wp\/v2\/categories?post=6064"},{"taxonomy":"post_tag","embeddable":true,"href":"https:\/\/langtvvla.com.ar\/index.php\/wp-json\/wp\/v2\/tags?post=6064"}],"curies":[{"name":"wp","href":"https:\/\/api.w.org\/{rel}","templated":true}]}}