{"id":6382,"date":"2025-03-06T14:25:33","date_gmt":"2025-03-06T13:25:33","guid":{"rendered":"https:\/\/langtvvla.com.ar\/?p=6382"},"modified":"2025-03-06T14:25:33","modified_gmt":"2025-03-06T13:25:33","slug":"politica-tuvimos-que-enfrentar-un-1er-ano-con-limitaciones-por-el-desorden-heredado-hector-venica","status":"publish","type":"post","link":"https:\/\/langtvvla.com.ar\/index.php\/2025\/03\/06\/politica-tuvimos-que-enfrentar-un-1er-ano-con-limitaciones-por-el-desorden-heredado-hector-venica\/","title":{"rendered":"POLITICA: TUVIMOS QUE ENFRENTAR UN 1ER A\u00d1O CON LIMITACIONES POR EL DESORDEN HEREDADO (HECTOR VENICA)"},"content":{"rendered":"\n<figure class=\"wp-block-embed is-type-video is-provider-youtube wp-block-embed-youtube wp-embed-aspect-16-9 wp-has-aspect-ratio\"><div class=\"wp-block-embed__wrapper\">\n<iframe loading=\"lazy\" title=\"H\u00c9CTOR VENICA 2025\" width=\"500\" height=\"281\" src=\"https:\/\/www.youtube.com\/embed\/M4I8WrDAuGQ?feature=oembed\" frameborder=\"0\" allow=\"accelerometer; autoplay; clipboard-write; encrypted-media; gyroscope; picture-in-picture; web-share\" referrerpolicy=\"strict-origin-when-cross-origin\" allowfullscreen><\/iframe>\n<\/div><figcaption class=\"wp-element-caption\"><strong>Al terminar la apertura del 42 a\u00f1o legislativo en exclusiva hablamos con el nuevo VP del HCD, de JxC-NCN, Hector Venica.<\/strong><\/figcaption><\/figure>\n\n\n\n<p><strong>Valor\u00f3 el reconocimiento de Murer de mejorar los servicios p\u00fablicos y que los ingresos de la Municipalidad en tasas para brindarlos s\u00f3lo cubren el 18% del costo.<\/strong><\/p>\n\n\n\n<p><strong>Respecto al pedido de veto de JxLL, aclar\u00f3 que no tienen legitimaci\u00f3n por no ser oferentes, que el proceso ya super\u00f3 todas las etapas para poder impugnar y que en la sesi\u00f3n ni antes se cuestion\u00f3 el precio del oferente.<\/strong><\/p>\n\n\n\n<p><strong>Respecto a que requer\u00eda mayor\u00eda agravada explic\u00f3 que,  cuando hay un s\u00f3lo oferente con minor\u00eda simple es suficiente para aprobar.<\/strong><\/p>\n\n\n\n<p><strong>CREDITO FOTO WEB <\/strong><\/p>\n","protected":false},"excerpt":{"rendered":"<p>Valor\u00f3 el reconocimiento de Murer de mejorar los servicios p\u00fablicos y que los ingresos de la Municipalidad en tasas para brindarlos s\u00f3lo cubren el 18% del costo. Respecto al pedido de veto de JxLL, aclar\u00f3 que no tienen legitimaci\u00f3n por no ser oferentes, que el proceso ya super\u00f3 todas las etapas para poder impugnar y [&hellip;]<\/p>\n","protected":false},"author":1,"featured_media":6289,"comment_status":"open","ping_status":"open","sticky":false,"template":"","format":"standard","meta":{"footnotes":""},"categories":[28],"tags":[],"class_list":["post-6382","post","type-post","status-publish","format-standard","has-post-thumbnail","hentry","category-politica"],"_links":{"self":[{"href":"https:\/\/langtvvla.com.ar\/index.php\/wp-json\/wp\/v2\/posts\/6382","targetHints":{"allow":["GET"]}}],"collection":[{"href":"https:\/\/langtvvla.com.ar\/index.php\/wp-json\/wp\/v2\/posts"}],"about":[{"href":"https:\/\/langtvvla.com.ar\/index.php\/wp-json\/wp\/v2\/types\/post"}],"author":[{"embeddable":true,"href":"https:\/\/langtvvla.com.ar\/index.php\/wp-json\/wp\/v2\/users\/1"}],"replies":[{"embeddable":true,"href":"https:\/\/langtvvla.com.ar\/index.php\/wp-json\/wp\/v2\/comments?post=6382"}],"version-history":[{"count":1,"href":"https:\/\/langtvvla.com.ar\/index.php\/wp-json\/wp\/v2\/posts\/6382\/revisions"}],"predecessor-version":[{"id":6383,"href":"https:\/\/langtvvla.com.ar\/index.php\/wp-json\/wp\/v2\/posts\/6382\/revisions\/6383"}],"wp:featuredmedia":[{"embeddable":true,"href":"https:\/\/langtvvla.com.ar\/index.php\/wp-json\/wp\/v2\/media\/6289"}],"wp:attachment":[{"href":"https:\/\/langtvvla.com.ar\/index.php\/wp-json\/wp\/v2\/media?parent=6382"}],"wp:term":[{"taxonomy":"category","embeddable":true,"href":"https:\/\/langtvvla.com.ar\/index.php\/wp-json\/wp\/v2\/categories?post=6382"},{"taxonomy":"post_tag","embeddable":true,"href":"https:\/\/langtvvla.com.ar\/index.php\/wp-json\/wp\/v2\/tags?post=6382"}],"curies":[{"name":"wp","href":"https:\/\/api.w.org\/{rel}","templated":true}]}}