{"id":6599,"date":"2025-03-25T05:17:13","date_gmt":"2025-03-25T04:17:13","guid":{"rendered":"https:\/\/langtvvla.com.ar\/?p=6599"},"modified":"2025-03-25T05:17:14","modified_gmt":"2025-03-25T04:17:14","slug":"sociedad-24-m-angostura-recordo-con-verdad-y-justicia","status":"publish","type":"post","link":"https:\/\/langtvvla.com.ar\/index.php\/2025\/03\/25\/sociedad-24-m-angostura-recordo-con-verdad-y-justicia\/","title":{"rendered":"SOCIEDAD: 24 M, ANGOSTURA RECORDO, CON VERDAD Y JUSTICIA"},"content":{"rendered":"\n<figure class=\"wp-block-embed is-type-video is-provider-youtube wp-block-embed-youtube wp-embed-aspect-16-9 wp-has-aspect-ratio\"><div class=\"wp-block-embed__wrapper\">\n<iframe loading=\"lazy\" title=\"24 M 2025\" width=\"500\" height=\"281\" src=\"https:\/\/www.youtube.com\/embed\/L7YM3RrbRo4?feature=oembed\" frameborder=\"0\" allow=\"accelerometer; autoplay; clipboard-write; encrypted-media; gyroscope; picture-in-picture; web-share\" referrerpolicy=\"strict-origin-when-cross-origin\" allowfullscreen><\/iframe>\n<\/div><\/figure>\n\n\n\n<p><strong>Este 24 de marzo se record\u00f3 en el HCD el golpe militar de 1976, contra un gobierno elegido masivamente por la poblaci\u00f3n.<\/strong><\/p>\n\n\n\n<p><strong>Adem\u00e1s fue el inicio de a\u00f1os oscuros para el pa\u00eds, que tuvo como consecuencias, entre varias, miles de torturados, muertos, desaparecidos, nietos robados, exiliados, una guerra con la OTAN, el quebranto industrial y econ\u00f3mico, una deuda externa agobiante, el desguace de las instituciones y la desconfianza con las FFAA y seguridad.<\/strong><\/p>\n\n\n\n<figure class=\"wp-block-image size-large\"><img loading=\"lazy\" decoding=\"async\" width=\"1024\" height=\"769\" src=\"https:\/\/langtvvla.com.ar\/wp-content\/uploads\/2025\/03\/1068519-1024x769.jpg\" alt=\"\" class=\"wp-image-6600\" srcset=\"https:\/\/langtvvla.com.ar\/wp-content\/uploads\/2025\/03\/1068519-1024x769.jpg 1024w, https:\/\/langtvvla.com.ar\/wp-content\/uploads\/2025\/03\/1068519-300x225.jpg 300w, https:\/\/langtvvla.com.ar\/wp-content\/uploads\/2025\/03\/1068519-768x577.jpg 768w, https:\/\/langtvvla.com.ar\/wp-content\/uploads\/2025\/03\/1068519-1536x1153.jpg 1536w, https:\/\/langtvvla.com.ar\/wp-content\/uploads\/2025\/03\/1068519-2048x1538.jpg 2048w\" sizes=\"auto, (max-width: 1024px) 100vw, 1024px\" \/><\/figure>\n\n\n\n<p><strong>En el acto encabezado por la Vice Intendenta Mart\u00ednez (Murer viaj\u00f3 a la capital provincial al acto central) participaron el gabinete, los concejales (ausentes Vidal de JxLL y, extra\u00f1amente, Mesa del peronismo), escuelas y ciudadania.<\/strong><\/p>\n\n\n\n<p><strong>La concejal Ceraso de Primero Angostura (muy emocionada), dirigi\u00f3 unas palabras, mezcla de angustiantes recuerdos familiares y mensajes optimistas para las generaciones futuras.<\/strong><\/p>\n","protected":false},"excerpt":{"rendered":"<p>Este 24 de marzo se record\u00f3 en el HCD el golpe militar de 1976, contra un gobierno elegido masivamente por la poblaci\u00f3n. Adem\u00e1s fue el inicio de a\u00f1os oscuros para el pa\u00eds, que tuvo como consecuencias, entre varias, miles de torturados, muertos, desaparecidos, nietos robados, exiliados, una guerra con la OTAN, el quebranto industrial y [&hellip;]<\/p>\n","protected":false},"author":1,"featured_media":6601,"comment_status":"open","ping_status":"open","sticky":false,"template":"","format":"standard","meta":{"footnotes":""},"categories":[28,36],"tags":[],"class_list":["post-6599","post","type-post","status-publish","format-standard","has-post-thumbnail","hentry","category-politica","category-sociedad"],"_links":{"self":[{"href":"https:\/\/langtvvla.com.ar\/index.php\/wp-json\/wp\/v2\/posts\/6599","targetHints":{"allow":["GET"]}}],"collection":[{"href":"https:\/\/langtvvla.com.ar\/index.php\/wp-json\/wp\/v2\/posts"}],"about":[{"href":"https:\/\/langtvvla.com.ar\/index.php\/wp-json\/wp\/v2\/types\/post"}],"author":[{"embeddable":true,"href":"https:\/\/langtvvla.com.ar\/index.php\/wp-json\/wp\/v2\/users\/1"}],"replies":[{"embeddable":true,"href":"https:\/\/langtvvla.com.ar\/index.php\/wp-json\/wp\/v2\/comments?post=6599"}],"version-history":[{"count":1,"href":"https:\/\/langtvvla.com.ar\/index.php\/wp-json\/wp\/v2\/posts\/6599\/revisions"}],"predecessor-version":[{"id":6602,"href":"https:\/\/langtvvla.com.ar\/index.php\/wp-json\/wp\/v2\/posts\/6599\/revisions\/6602"}],"wp:featuredmedia":[{"embeddable":true,"href":"https:\/\/langtvvla.com.ar\/index.php\/wp-json\/wp\/v2\/media\/6601"}],"wp:attachment":[{"href":"https:\/\/langtvvla.com.ar\/index.php\/wp-json\/wp\/v2\/media?parent=6599"}],"wp:term":[{"taxonomy":"category","embeddable":true,"href":"https:\/\/langtvvla.com.ar\/index.php\/wp-json\/wp\/v2\/categories?post=6599"},{"taxonomy":"post_tag","embeddable":true,"href":"https:\/\/langtvvla.com.ar\/index.php\/wp-json\/wp\/v2\/tags?post=6599"}],"curies":[{"name":"wp","href":"https:\/\/api.w.org\/{rel}","templated":true}]}}