{"id":6603,"date":"2025-03-25T05:44:07","date_gmt":"2025-03-25T04:44:07","guid":{"rendered":"https:\/\/langtvvla.com.ar\/?p=6603"},"modified":"2025-03-25T05:47:05","modified_gmt":"2025-03-25T04:47:05","slug":"sociedad-24-m-angostura-marcho","status":"publish","type":"post","link":"https:\/\/langtvvla.com.ar\/index.php\/2025\/03\/25\/sociedad-24-m-angostura-marcho\/","title":{"rendered":"SOCIEDAD: 24 M, ANGOSTURA MARCHO"},"content":{"rendered":"\n<figure class=\"wp-block-embed is-type-video is-provider-youtube wp-block-embed-youtube wp-embed-aspect-16-9 wp-has-aspect-ratio\"><div class=\"wp-block-embed__wrapper\">\n<iframe loading=\"lazy\" title=\"MARCHA DEL 24 M\" width=\"500\" height=\"281\" src=\"https:\/\/www.youtube.com\/embed\/UrHCUNQzW3s?feature=oembed\" frameborder=\"0\" allow=\"accelerometer; autoplay; clipboard-write; encrypted-media; gyroscope; picture-in-picture; web-share\" referrerpolicy=\"strict-origin-when-cross-origin\" allowfullscreen><\/iframe>\n<\/div><figcaption class=\"wp-element-caption\"><strong>Este 24 M se march\u00f3, como en el resto del pa\u00eds, con una mezcla de rechazo al pasado y al presente (Milei basura vos sos la dictadura, repet\u00edan los marchantes).<\/strong><\/figcaption><\/figure>\n\n\n\n<figure class=\"wp-block-image size-large\"><img loading=\"lazy\" decoding=\"async\" width=\"769\" height=\"1024\" src=\"https:\/\/langtvvla.com.ar\/wp-content\/uploads\/2025\/03\/1068521-769x1024.jpg\" alt=\"\" class=\"wp-image-6606\" srcset=\"https:\/\/langtvvla.com.ar\/wp-content\/uploads\/2025\/03\/1068521-769x1024.jpg 769w, https:\/\/langtvvla.com.ar\/wp-content\/uploads\/2025\/03\/1068521-225x300.jpg 225w, https:\/\/langtvvla.com.ar\/wp-content\/uploads\/2025\/03\/1068521-768x1023.jpg 768w, https:\/\/langtvvla.com.ar\/wp-content\/uploads\/2025\/03\/1068521-1153x1536.jpg 1153w, https:\/\/langtvvla.com.ar\/wp-content\/uploads\/2025\/03\/1068521-1538x2048.jpg 1538w, https:\/\/langtvvla.com.ar\/wp-content\/uploads\/2025\/03\/1068521-scaled.jpg 1922w\" sizes=\"auto, (max-width: 769px) 100vw, 769px\" \/><\/figure>\n\n\n\n<p><strong>De la marcha participaron ATE, el Evita, Ni una menos y unas 150 personas.<\/strong><\/p>\n\n\n\n<figure class=\"wp-block-image size-large\"><img loading=\"lazy\" decoding=\"async\" width=\"769\" height=\"1024\" src=\"https:\/\/langtvvla.com.ar\/wp-content\/uploads\/2025\/03\/1068520-769x1024.jpg\" alt=\"\" class=\"wp-image-6607\" srcset=\"https:\/\/langtvvla.com.ar\/wp-content\/uploads\/2025\/03\/1068520-769x1024.jpg 769w, https:\/\/langtvvla.com.ar\/wp-content\/uploads\/2025\/03\/1068520-225x300.jpg 225w, https:\/\/langtvvla.com.ar\/wp-content\/uploads\/2025\/03\/1068520-768x1023.jpg 768w, https:\/\/langtvvla.com.ar\/wp-content\/uploads\/2025\/03\/1068520-1153x1536.jpg 1153w, https:\/\/langtvvla.com.ar\/wp-content\/uploads\/2025\/03\/1068520-1538x2048.jpg 1538w, https:\/\/langtvvla.com.ar\/wp-content\/uploads\/2025\/03\/1068520-scaled.jpg 1922w\" sizes=\"auto, (max-width: 769px) 100vw, 769px\" \/><\/figure>\n","protected":false},"excerpt":{"rendered":"<p>De la marcha participaron ATE, el Evita, Ni una menos y unas 150 personas.<\/p>\n","protected":false},"author":1,"featured_media":6604,"comment_status":"open","ping_status":"open","sticky":false,"template":"","format":"standard","meta":{"footnotes":""},"categories":[28,36],"tags":[],"class_list":["post-6603","post","type-post","status-publish","format-standard","has-post-thumbnail","hentry","category-politica","category-sociedad"],"_links":{"self":[{"href":"https:\/\/langtvvla.com.ar\/index.php\/wp-json\/wp\/v2\/posts\/6603","targetHints":{"allow":["GET"]}}],"collection":[{"href":"https:\/\/langtvvla.com.ar\/index.php\/wp-json\/wp\/v2\/posts"}],"about":[{"href":"https:\/\/langtvvla.com.ar\/index.php\/wp-json\/wp\/v2\/types\/post"}],"author":[{"embeddable":true,"href":"https:\/\/langtvvla.com.ar\/index.php\/wp-json\/wp\/v2\/users\/1"}],"replies":[{"embeddable":true,"href":"https:\/\/langtvvla.com.ar\/index.php\/wp-json\/wp\/v2\/comments?post=6603"}],"version-history":[{"count":4,"href":"https:\/\/langtvvla.com.ar\/index.php\/wp-json\/wp\/v2\/posts\/6603\/revisions"}],"predecessor-version":[{"id":6610,"href":"https:\/\/langtvvla.com.ar\/index.php\/wp-json\/wp\/v2\/posts\/6603\/revisions\/6610"}],"wp:featuredmedia":[{"embeddable":true,"href":"https:\/\/langtvvla.com.ar\/index.php\/wp-json\/wp\/v2\/media\/6604"}],"wp:attachment":[{"href":"https:\/\/langtvvla.com.ar\/index.php\/wp-json\/wp\/v2\/media?parent=6603"}],"wp:term":[{"taxonomy":"category","embeddable":true,"href":"https:\/\/langtvvla.com.ar\/index.php\/wp-json\/wp\/v2\/categories?post=6603"},{"taxonomy":"post_tag","embeddable":true,"href":"https:\/\/langtvvla.com.ar\/index.php\/wp-json\/wp\/v2\/tags?post=6603"}],"curies":[{"name":"wp","href":"https:\/\/api.w.org\/{rel}","templated":true}]}}