{"id":6658,"date":"2025-03-28T01:59:20","date_gmt":"2025-03-28T00:59:20","guid":{"rendered":"https:\/\/langtvvla.com.ar\/?p=6658"},"modified":"2025-03-28T01:59:20","modified_gmt":"2025-03-28T00:59:20","slug":"sociedad-a-que-le-tienen-miedo-biblioteca-bayer-sobre-derribo-de-monumento-a-bayer-en-santa-cruz","status":"publish","type":"post","link":"https:\/\/langtvvla.com.ar\/index.php\/2025\/03\/28\/sociedad-a-que-le-tienen-miedo-biblioteca-bayer-sobre-derribo-de-monumento-a-bayer-en-santa-cruz\/","title":{"rendered":"SOCIEDAD: A QUE LE TIENEN MIEDO? (BIBLIOTECA BAYER, SOBRE DERRIBO DE MONUMENTO A BAYER EN SANTA CRUZ)"},"content":{"rendered":"\n<p><strong>Este jueves 27 la biblioteca Bayer de Angostura emiti\u00f3 una larga carta-reflexion sobre el 24 de marzo, la actualidad y el derribo del monumento de Bayer en Santa Cruz por parte de Vialidad Nacional.<\/strong><\/p>\n\n\n\n<p><strong>Aqu\u00ed la nota completa<\/strong><\/p>\n\n\n\n<p><strong><em>La Biblioteca Popular Osvaldo Bayer, resguarda m\u00e1s que libros, me atrevo a decir que es testigo y guardi\u00e1n de la terquedad de un pueblo que insiste en no ser arrancado de su historia, que insiste en preguntar. En 1997 en Villa La Angostura por primera vez se march\u00f3 contra el olvido.&nbsp; Hoy, 49 a\u00f1os despu\u00e9s del golpe que dio inicio al terrorismo de Estado, nos interpelamos a pensar: \u00bfc\u00f3mo leer el presente con las lentes del pasado? La memoria es nuestro mapa para navegarlo.<\/em><\/strong><\/p>\n\n\n\n<p><strong>Hoy, como entonces: el ajuste, la represi\u00f3n y la batalla cultural son usados para naturalizar el despojo.<\/strong><\/p>\n\n\n\n<p><strong>Tan s\u00f3lo d\u00edas atr\u00e1s el fot\u00f3grafo Pablo Grillo est\u00e1 tirado en el suelo, en nuestras calles, en las que se vuelven colectivas cuando cambiamos la l\u00f3gica en la que las habitamos. Un cartucho de gas lacrim\u00f3geno atraves\u00f3 su cuerpo, su historia, ahora tambi\u00e9n nuestra. Otro s\u00edmbolo de este tiempo, atravesado por un gobierno que viene utilizando desde sus inicios la amplificaci\u00f3n de los poderes de las fuerzas de seguridad como medio para dar con objetivos de orden econ\u00f3mico.\u00a0\u00a0<em>Otra vez<\/em>.\u00a0<\/strong><\/p>\n\n\n\n<p><strong>El atropello al derecho a la protesta viene siendo institucionalizado desde distintos \u00e1mbitos: desde el Ministerio de Seguridad a cargo de Patricia Bullrich, el Ministerio de Defensa con Luis Petri, y desde el Ministerio de Justicia con Mariano Cuneo Libarona. Se acuerdan cuando ya en Diciembre del 2023 discutimos sobre el Protocolo para el mantenimiento del orden p\u00fablico ante el corte de v\u00edas de circulaci\u00f3n? Protocolo antipiquetes le llamaron, y comenzaron a quebrar los consensos populares.\u00a0<\/strong><\/p>\n\n\n\n<p><strong>Luego vino el Comando Unificado Urbano, conformado para integrar y coordinar a las fuerzas de seguridad a nivel nacional. Y continuaron con el expl\u00edcito seguimiento y criminalizaci\u00f3n de las organizaciones sociales. No tardaron en comenzar a desplegar el aparato represor, dando con centenares de detenciones, muchas de las cuales a\u00fan siguen en tr\u00e1mites y han llevado incluso a meses de prisi\u00f3n a algunas de todas aquellas personas que decidieron manifestarse contra lo que viene siendo la institucionalizaci\u00f3n del despojo de derechos. Apareci\u00f3 la Ley Antimafias por sesi\u00f3n extraordinaria a trav\u00e9s de Bullrich, utilizando expresiones confusas para habilitar la detenci\u00f3n de personas sin necesidad de imputaci\u00f3n de delitos concretos. Ciberpatrullaje y despliegue de tecnolog\u00edas de vanguardia para potenciar los mecanismos de vigilancia social. Compra de armas, municiones, picanas t\u00e1ser, gas amarillo.<\/strong><\/p>\n\n\n\n<p><strong>Un Estado que se arm\u00f3 contra su pueblo.\u00a0<em>Otra vez<\/em>.<\/strong><\/p>\n\n\n\n<p><strong>Seg\u00fan el informe elaborado y presentado este mes por CORREPI, ya en los primeros 14 meses de gobierno tenemos 143 casos de gatillo f\u00e1cil registrados, 124 ocurridos en 2024.<\/strong><\/p>\n\n\n\n<p><strong>Otro dato clave, en ese mismo lapso se registraron 19 muertes de mujeres en manos de las fuerzas de seguridad, clasificando 10 como femicidios.<\/strong><\/p>\n\n\n\n<p><strong>Estamos viendo c\u00f3mo todo este aparato represivo se cierne en el ataque a las pol\u00edticas de Derechos Humanos.\u00a0 Ya la Ley Bases comenz\u00f3 la sistematizaci\u00f3n del agrietamiento del sistema de derechos y garant\u00edas que se hab\u00eda institucionalizado con mucho esfuerzo post dictadura. Est\u00e1n profundizando el ataque a las herramientas inherentes a las sociedades humanas, la organizaci\u00f3n y la colectivizaci\u00f3n de nuestras necesidades y deseos.<\/strong><\/p>\n\n\n\n<p><strong>Mientras tanto, un estallido de precarizaci\u00f3n y desocupaci\u00f3n, reestructuraci\u00f3n del mercado de trabajo, destrucci\u00f3n de la industria nacional.<\/strong><\/p>\n\n\n\n<p><strong>La alerta es clara y est\u00e1 escrita en nuestra memoria. Hoy, como entonces, todo es parte de la misma matriz.<\/strong><\/p>\n\n\n\n<p><strong>Sabemos que las distintas formas de represi\u00f3n estatal cernidas sobre el pueblo, han perseguido y persiguen prop\u00f3sitos claros, que lejos de ser errores, se tornan estrategias para efectivizar la aplicaci\u00f3n de pol\u00edticas que moldean un proyecto de pa\u00eds particular.<\/strong><\/p>\n\n\n\n<p><strong>Disciplinamiento de los cuerpos.<\/strong><\/p>\n\n\n\n<p><strong>El modelo econ\u00f3mico de la dictadura c\u00edvico-militar no podr\u00eda haberse aplicado de otra manera que no fuera con la persecuci\u00f3n del sector obrero y grupos militantes. La tortura y desaparici\u00f3n forzada de m\u00e1s de 30.000 compa\u00f1eras y compa\u00f1eros debe entenderse y recordarse como un ensamblaje complejo de la pol\u00edtica de despojo que produce modelos de mundo donde impera la racionalidad extractiva, y con ella la reproducci\u00f3n del orden patriarcal, colonial y capitalista.<\/strong><\/p>\n\n\n\n<p><strong>Una sociedad como la de aqu\u00e9l momento, con un alto grado de organizaci\u00f3n sindical, estudiantil y pol\u00edtica con capacidad de movilizaci\u00f3n, era obst\u00e1culo para el plan de reestructuraci\u00f3n econ\u00f3mica que aplicaron.\u00a0<\/strong><\/p>\n\n\n\n<p><strong>En Abril de 1976 Mart\u00ednez de Hoz destac\u00f3 en su discurso como Ministro de Econom\u00eda de la dictadura c\u00edvico militar instaurada, \u201c<em>12 puntos fundamentales<\/em>\u201d a trav\u00e9s de los cuales se\u00f1al\u00f3 \u201cse puede medir la profundidad de la transformaci\u00f3n\u201d que llevaron a cabo. Libertad de precio, libertad de comercio exterior, la liberaci\u00f3n de los alquileres, la libertad para las inversiones extranjeras&#8230;.De los 12 puntos nombrados, en 9 de ellos se menciona la palabra \u201clibertad\u201d, dotada del mismo sentido que hoy utiliza el presidente Javier Milei. Libertad para el extractivismo.<\/strong><\/p>\n\n\n\n<p><strong>Rodolfo Walsh, en su Carta Abierta a la Junta Militar,\u00a0 dec\u00eda \u201cen la pol\u00edtica econ\u00f3mica de ese gobierno debe buscarse no s\u00f3lo la explicaci\u00f3n de sus cr\u00edmenes sino una atrocidad mayor que castiga a millones de seres humanos con la miseria planificada\u201d<\/strong><\/p>\n\n\n\n<p><strong>Este nuevo gobierno tambi\u00e9n asume en el 2023 trayendo un plan de reestructuraci\u00f3n de los v\u00ednculos jur\u00eddicos entre las personas y el Estado, presentado a trav\u00e9s de t\u00e9rminos claves como desregulaci\u00f3n o ajuste, pero resultando en verdad en un andamiaje regulatorio que alcanz\u00f3 a gran parte de la infraestructura legal y significa la restricci\u00f3n de los derechos de los sectores sociales m\u00e1s desprotegidos y mayoritarios, as\u00ed como la ampliaci\u00f3n del poder de otros, como lo son las c\u00fapulas empresariales.<\/strong><\/p>\n\n\n\n<p><strong>Negocian nuevos l\u00edmites, y si no pueden los imponen. Se jactan de los ajustes, los despidos, justifican la violencia y no titubean en hacer temblar los cuerpos de nuestros mayores, los antiguos.\u00a0<\/strong><\/p>\n\n\n\n<p><strong>Llamamos a la inquietud, a la pregunta, a moverse de la incomodidad. A hacerlo en colectivo, agrupados.<\/strong><\/p>\n\n\n\n<p><strong>Me parece importante retomar el concepto sobre el\u00a0territorio\u00a0que aprendemos de los\u00a0pueblos originarios, en tanto se presenta como un espacio de continuidad entre los cuerpos y su lugar habitado, un entramado sin principio ni final, sin exterior o interior. Desde all\u00ed volver a interpretar la violencia sist\u00e9mica ejercida sobre los pueblos latinoamericanos desde el colonialismo, que atraviesa los cuerpos para llegar a los territorios. As\u00ed, la defensa social de la memoria es, entonces, mucho m\u00e1s que la defensa de s\u00edmbolos y pol\u00edticas p\u00fablicas. Puede ser la forma de defender la posibilidad misma de la disidencia, de la organizaci\u00f3n, de la diferencia.<\/strong><\/p>\n\n\n\n<p><strong>Lo que est\u00e1 en juego no es solo el modo en el que relataremos y recordaremos lo que ocurri\u00f3 en la \u00faltima dictadura, sino lo que como sociedad consideraremos como aceptable y no aceptable en el futuro.<\/strong><\/p>\n\n\n\n<p><strong>Y en este contexto social, ahora que intentan desmantelar los espacios de memoria,\u00a0\u00bfqu\u00e9 queda de nosotros?\u00a0Aquellos sitios donde la historia nos interroga en sus silencios, hoy cargan el olvido impuesto. Por eso la memoria es un acto pol\u00edtico, un acto de creaci\u00f3n y resistencia.\u00a0Recordar, el gesto que sostiene el tiempo y nos permite seguir preguntando\u00a0<em>\u00bfQu\u00e9 haremos con este presente que insiste en olvidarse de s\u00ed mismo?<\/em><\/strong><\/p>\n\n\n\n<p><strong>Este 25 de Marzo, un d\u00eda despu\u00e9s de encontrarnos miles y miles en las calles de todo el pa\u00eds, la destrucci\u00f3n de la escultura de Osvaldo Bayer en la provincia de Santa Cruz, hizo eco en cada rinc\u00f3n.<\/strong><\/p>\n\n\n\n<p><strong>A qu\u00e9 le tienen miedo? Temen que recordemos? Ninguna casualidad hist\u00f3rica. Tendr\u00e1 efecto multiplicador en quienes supimos entender que la Patagonia es tierra rebelde, la misma tierra de los peones rurales fusilados, del pueblo mapuche perseguido, de las huelgas que sangraron en el Sur.<\/strong><\/p>\n\n\n\n<p><strong>Bayer, el historiador que camin\u00f3 el exilio por denunciar las masacres en la Patagonia, est\u00e1 en la tierra que pisamos, en las preguntas que no callamos.\u00a0Lo que intentan borrar con las manos, resurge con m\u00e1s fuerza en la piel colectiva. Osvaldo nos dej\u00f3 un mapa de las heridas que el pueblo vivi\u00f3, las que heredamos, y hoy siguen siendo semillas.<\/strong><\/p>\n\n\n\n<p><strong>El Sur no pedir\u00e1 permiso, relataremos las historias de los pueblos cada vez que sea necesario. Esa tierra maldita para los poderosos sigue escribiendo su historia con las manos curtidas por el viento.\u00a0<\/strong><\/p>\n\n\n\n<p><strong>En la biblioteca Bayer est\u00e1n sus libros, sus huellas, parte importante de su legado. Esta semana vuelve otra edici\u00f3n de la Catedra Libre Osvaldo Bayer, invitados todos a reencontrarnos para hacer memoria, y construir otros futuros posibles.<\/strong><\/p>\n\n\n\n<p><strong>El artista que ha realizado la escultura, Miguel Jer\u00f3nimo Villalba, nos ha compartido el archivo vectorizado original de la misma, y en red, buscaremos que su im\u00e1gen vuelva a las calles multiplicada.<\/strong><\/p>\n\n\n\n<p><strong>Es momento, m\u00e1s que nunca, de volver a poner en valor los acuerdos sociales que parecen agrietados. La memoria de los nuestros nos empuja cuando estamos cansados.\u00a0La resistencia ser\u00e1 siempre nuestra \u00faltima palabra.<\/strong><\/p>\n\n\n\n<p><em><strong>Nunca m\u00e1s.<\/strong><\/em><\/p>\n\n\n\n<p><strong>CREDITO FOTO WEB<\/strong><\/p>\n","protected":false},"excerpt":{"rendered":"<p>Este jueves 27 la biblioteca Bayer de Angostura emiti\u00f3 una larga carta-reflexion sobre el 24 de marzo, la actualidad y el derribo del monumento de Bayer en Santa Cruz por parte de Vialidad Nacional. Aqu\u00ed la nota completa La Biblioteca Popular Osvaldo Bayer, resguarda m\u00e1s que libros, me atrevo a decir que es testigo y [&hellip;]<\/p>\n","protected":false},"author":1,"featured_media":6659,"comment_status":"open","ping_status":"open","sticky":false,"template":"","format":"standard","meta":{"footnotes":""},"categories":[28,36],"tags":[],"class_list":["post-6658","post","type-post","status-publish","format-standard","has-post-thumbnail","hentry","category-politica","category-sociedad"],"_links":{"self":[{"href":"https:\/\/langtvvla.com.ar\/index.php\/wp-json\/wp\/v2\/posts\/6658","targetHints":{"allow":["GET"]}}],"collection":[{"href":"https:\/\/langtvvla.com.ar\/index.php\/wp-json\/wp\/v2\/posts"}],"about":[{"href":"https:\/\/langtvvla.com.ar\/index.php\/wp-json\/wp\/v2\/types\/post"}],"author":[{"embeddable":true,"href":"https:\/\/langtvvla.com.ar\/index.php\/wp-json\/wp\/v2\/users\/1"}],"replies":[{"embeddable":true,"href":"https:\/\/langtvvla.com.ar\/index.php\/wp-json\/wp\/v2\/comments?post=6658"}],"version-history":[{"count":1,"href":"https:\/\/langtvvla.com.ar\/index.php\/wp-json\/wp\/v2\/posts\/6658\/revisions"}],"predecessor-version":[{"id":6660,"href":"https:\/\/langtvvla.com.ar\/index.php\/wp-json\/wp\/v2\/posts\/6658\/revisions\/6660"}],"wp:featuredmedia":[{"embeddable":true,"href":"https:\/\/langtvvla.com.ar\/index.php\/wp-json\/wp\/v2\/media\/6659"}],"wp:attachment":[{"href":"https:\/\/langtvvla.com.ar\/index.php\/wp-json\/wp\/v2\/media?parent=6658"}],"wp:term":[{"taxonomy":"category","embeddable":true,"href":"https:\/\/langtvvla.com.ar\/index.php\/wp-json\/wp\/v2\/categories?post=6658"},{"taxonomy":"post_tag","embeddable":true,"href":"https:\/\/langtvvla.com.ar\/index.php\/wp-json\/wp\/v2\/tags?post=6658"}],"curies":[{"name":"wp","href":"https:\/\/api.w.org\/{rel}","templated":true}]}}