{"id":6672,"date":"2025-03-29T19:31:05","date_gmt":"2025-03-29T18:31:05","guid":{"rendered":"https:\/\/langtvvla.com.ar\/?p=6672"},"modified":"2025-03-29T20:13:20","modified_gmt":"2025-03-29T19:13:20","slug":"sociedad-al-derribo-del-monumento-se-responde-con-una-gran-marcha","status":"publish","type":"post","link":"https:\/\/langtvvla.com.ar\/index.php\/2025\/03\/29\/sociedad-al-derribo-del-monumento-se-responde-con-una-gran-marcha\/","title":{"rendered":"SOCIEDAD: AL DERRIBO DEL MONUMENTO DE BAYER SE RESPONDE CON UNA GRAN MARCHA (ESTEBAN BAYER)"},"content":{"rendered":"\n<figure class=\"wp-block-embed is-type-video is-provider-youtube wp-block-embed-youtube wp-embed-aspect-16-9 wp-has-aspect-ratio\"><div class=\"wp-block-embed__wrapper\">\n<iframe loading=\"lazy\" title=\"ESTEBAN BAYER 2025\" width=\"500\" height=\"281\" src=\"https:\/\/www.youtube.com\/embed\/8qej6nyXfoI?feature=oembed\" frameborder=\"0\" allow=\"accelerometer; autoplay; clipboard-write; encrypted-media; gyroscope; picture-in-picture; web-share\" referrerpolicy=\"strict-origin-when-cross-origin\" allowfullscreen><\/iframe>\n<\/div><\/figure>\n\n\n\n<p><strong>Este viernes 28, en exclusiva, LANG TV pudo entrevistar a Esteban Bayer, periodista e hijo del autor de La Patagonia Rebelde, de visita en Angostura en el marco de la c\u00e1tedra que funciona en la Biblioteca Popular que lleva el nombre de su padre.<\/strong><\/p>\n\n\n\n<p><strong>Adem\u00e1s de informarnos sobre las actividades de la c\u00e1tedra que inici\u00f3 el jueves y termina el domingo en Jacobacci con una visita a la zona donde comenzar\u00e1 un proyecto minero australiano de alto impacto, conversamos sobre la actualidad y el derribo del monumento de su padre en Santa Cruz.<\/strong><\/p>\n\n\n\n<p><strong>Considero que el de Milei es un gobierno de s\u00e1trapas, que promueve la violencia y que la sociedad no debe naturalizarlo, que ante el derribo del monumento denunci\u00f3 judicialmente a Vialidad y que la forma de responder a esta provocaci\u00f3n no es con violencia, sino con una gran movilizaci\u00f3n, como la del 24.<\/strong><\/p>\n\n\n\n<p><strong>Tambi\u00e9n nos cont\u00f3 que nadie de las instituciones se comunic\u00f3 con la familia, ni del gobierno nacional  ni de la gobernaci\u00f3n de Santa Cruz, tampoco del poder judicial ni del Congreso, solo el Intendente de R\u00edo Gallegos, Pablo Grasso y el peronismo de esa ciudad, m\u00e1s adhesiones individuales.<\/strong><\/p>\n","protected":false},"excerpt":{"rendered":"<p>Este viernes 28, en exclusiva, LANG TV pudo entrevistar a Esteban Bayer, periodista e hijo del autor de La Patagonia Rebelde, de visita en Angostura en el marco de la c\u00e1tedra que funciona en la Biblioteca Popular que lleva el nombre de su padre. Adem\u00e1s de informarnos sobre las actividades de la c\u00e1tedra que inici\u00f3 [&hellip;]<\/p>\n","protected":false},"author":1,"featured_media":6676,"comment_status":"open","ping_status":"open","sticky":false,"template":"","format":"standard","meta":{"footnotes":""},"categories":[28,36],"tags":[],"class_list":["post-6672","post","type-post","status-publish","format-standard","has-post-thumbnail","hentry","category-politica","category-sociedad"],"_links":{"self":[{"href":"https:\/\/langtvvla.com.ar\/index.php\/wp-json\/wp\/v2\/posts\/6672","targetHints":{"allow":["GET"]}}],"collection":[{"href":"https:\/\/langtvvla.com.ar\/index.php\/wp-json\/wp\/v2\/posts"}],"about":[{"href":"https:\/\/langtvvla.com.ar\/index.php\/wp-json\/wp\/v2\/types\/post"}],"author":[{"embeddable":true,"href":"https:\/\/langtvvla.com.ar\/index.php\/wp-json\/wp\/v2\/users\/1"}],"replies":[{"embeddable":true,"href":"https:\/\/langtvvla.com.ar\/index.php\/wp-json\/wp\/v2\/comments?post=6672"}],"version-history":[{"count":3,"href":"https:\/\/langtvvla.com.ar\/index.php\/wp-json\/wp\/v2\/posts\/6672\/revisions"}],"predecessor-version":[{"id":6677,"href":"https:\/\/langtvvla.com.ar\/index.php\/wp-json\/wp\/v2\/posts\/6672\/revisions\/6677"}],"wp:featuredmedia":[{"embeddable":true,"href":"https:\/\/langtvvla.com.ar\/index.php\/wp-json\/wp\/v2\/media\/6676"}],"wp:attachment":[{"href":"https:\/\/langtvvla.com.ar\/index.php\/wp-json\/wp\/v2\/media?parent=6672"}],"wp:term":[{"taxonomy":"category","embeddable":true,"href":"https:\/\/langtvvla.com.ar\/index.php\/wp-json\/wp\/v2\/categories?post=6672"},{"taxonomy":"post_tag","embeddable":true,"href":"https:\/\/langtvvla.com.ar\/index.php\/wp-json\/wp\/v2\/tags?post=6672"}],"curies":[{"name":"wp","href":"https:\/\/api.w.org\/{rel}","templated":true}]}}