{"id":6864,"date":"2025-04-16T20:05:07","date_gmt":"2025-04-16T18:05:07","guid":{"rendered":"https:\/\/langtvvla.com.ar\/?p=6864"},"modified":"2025-04-16T20:41:12","modified_gmt":"2025-04-16T18:41:12","slug":"politica-neuquen-y-sus-70","status":"publish","type":"post","link":"https:\/\/langtvvla.com.ar\/index.php\/2025\/04\/16\/politica-neuquen-y-sus-70\/","title":{"rendered":"POLITICA: NEUQUEN Y SUS 70 Y CLOACAS PARA PIEDRITAS, SESION DEL HCD"},"content":{"rendered":"\n<p><strong>En una nueva sesi\u00f3n del HCD se aprob\u00f3, entre otras declaraciones, la incorporaci\u00f3n de la leyenda 70 Aniversario de la Provincializaci\u00f3n de Neuqu\u00e9n, a los documentos oficiales y p\u00e1ginas web, durante 2025.<\/strong><\/p>\n\n\n\n<div class=\"wp-block-file\"><a id=\"wp-block-file--media-8c2386a6-699c-4314-ade7-fe3c5e8a6c82\" href=\"https:\/\/langtvvla.com.ar\/wp-content\/uploads\/2025\/04\/Ordenanza-N\u00b0-4240-Incorporacion-de-la-Leyenda-70-Aniversario-de-la-Provincializacion-de-Neuquen.-.docx\">Ordenanza-N\u00b0-4240-Incorporacion-de-la-Leyenda-70-Aniversario-de-la-Provincializacion-de-Neuquen.-<\/a><a href=\"https:\/\/langtvvla.com.ar\/wp-content\/uploads\/2025\/04\/Ordenanza-N\u00b0-4240-Incorporacion-de-la-Leyenda-70-Aniversario-de-la-Provincializacion-de-Neuquen.-.docx\" class=\"wp-block-file__button wp-element-button\" download aria-describedby=\"wp-block-file--media-8c2386a6-699c-4314-ade7-fe3c5e8a6c82\">Descarga<\/a><\/div>\n\n\n\n<p><strong>La  media fue iniciada por la Legislatura Provincial y solicit\u00f3 a Intendentes y HCD que adhieran.<\/strong><\/p>\n\n\n\n<div class=\"wp-block-file\"><a id=\"wp-block-file--media-8aeae44e-44e9-46af-8818-11946d694079\" href=\"https:\/\/langtvvla.com.ar\/wp-content\/uploads\/2025\/04\/Ordenanza-N\u00b0-4244-Reformulacion-de-los-Cargos-de-Secretario-y-Asesor-de-Bloque.-.docx\">Ordenanza-N\u00b0-4244-Reformulacion-de-los-Cargos-de-Secretario-y-Asesor-de-Bloque.-<\/a><a href=\"https:\/\/langtvvla.com.ar\/wp-content\/uploads\/2025\/04\/Ordenanza-N\u00b0-4244-Reformulacion-de-los-Cargos-de-Secretario-y-Asesor-de-Bloque.-.docx\" class=\"wp-block-file__button wp-element-button\" download aria-describedby=\"wp-block-file--media-8aeae44e-44e9-46af-8818-11946d694079\">Descarga<\/a><\/div>\n\n\n\n<p><strong>Tambi\u00e9n se aprob\u00f3.la reformulacion de los cargos de Secretario y Asesor de Bloque del HCD. Son 1 por Bloque, duran el periodo del mandato del Concejal, quien puede cambiarlos cuando desee. <\/strong><\/p>\n\n\n\n<p><strong>La remuneraci\u00f3n del Secretario es 40% del ingreso del Concejal, m\u00e1s adicionales, el Asesor puede ganar hasta la misma cantidad.<\/strong><\/p>\n\n\n\n<div class=\"wp-block-file\"><a id=\"wp-block-file--media-3d564f21-eb67-4c72-86fc-fbbcc95b45f5\" href=\"https:\/\/langtvvla.com.ar\/wp-content\/uploads\/2025\/04\/Ordenanza-N\u00b0-4243-Declaracion-de-Obra-Publica-Red-Cloacal-de-Calle-Las-Flores-Barrio-Las-Piedritas-de-Villa-La-Angostura.-.docx\">Ordenanza-N\u00b0-4243-Declaracion-de-Obra-Publica-Red-Cloacal-de-Calle-Las-Flores-Barrio-Las-Piedritas-de-Villa-La-Angostura.-<\/a><a href=\"https:\/\/langtvvla.com.ar\/wp-content\/uploads\/2025\/04\/Ordenanza-N\u00b0-4243-Declaracion-de-Obra-Publica-Red-Cloacal-de-Calle-Las-Flores-Barrio-Las-Piedritas-de-Villa-La-Angostura.-.docx\" class=\"wp-block-file__button wp-element-button\" download aria-describedby=\"wp-block-file--media-3d564f21-eb67-4c72-86fc-fbbcc95b45f5\">Descarga<\/a><\/div>\n\n\n\n<p><strong>Otra aprobaci\u00f3n fue la Declaraci\u00f3n de Obra P\u00fablica de la red de cloacas para Las Piedritas, por casi 56 millones, se llama a licitaci\u00f3n y habr\u00e1 90 d\u00edas para hacer la obra.<\/strong><\/p>\n\n\n\n<p><strong>Los frentistas tienen 9 meses para conectarse y el costo resultara de un c\u00e1lculo seg\u00fan los metros de frente y la superficie total del predio.<\/strong><\/p>\n","protected":false},"excerpt":{"rendered":"<p>En una nueva sesi\u00f3n del HCD se aprob\u00f3, entre otras declaraciones, la incorporaci\u00f3n de la leyenda 70 Aniversario de la Provincializaci\u00f3n de Neuqu\u00e9n, a los documentos oficiales y p\u00e1ginas web, durante 2025. La media fue iniciada por la Legislatura Provincial y solicit\u00f3 a Intendentes y HCD que adhieran. Tambi\u00e9n se aprob\u00f3.la reformulacion de los cargos [&hellip;]<\/p>\n","protected":false},"author":1,"featured_media":6271,"comment_status":"open","ping_status":"open","sticky":false,"template":"","format":"standard","meta":{"footnotes":""},"categories":[28],"tags":[],"class_list":["post-6864","post","type-post","status-publish","format-standard","has-post-thumbnail","hentry","category-politica"],"_links":{"self":[{"href":"https:\/\/langtvvla.com.ar\/index.php\/wp-json\/wp\/v2\/posts\/6864","targetHints":{"allow":["GET"]}}],"collection":[{"href":"https:\/\/langtvvla.com.ar\/index.php\/wp-json\/wp\/v2\/posts"}],"about":[{"href":"https:\/\/langtvvla.com.ar\/index.php\/wp-json\/wp\/v2\/types\/post"}],"author":[{"embeddable":true,"href":"https:\/\/langtvvla.com.ar\/index.php\/wp-json\/wp\/v2\/users\/1"}],"replies":[{"embeddable":true,"href":"https:\/\/langtvvla.com.ar\/index.php\/wp-json\/wp\/v2\/comments?post=6864"}],"version-history":[{"count":10,"href":"https:\/\/langtvvla.com.ar\/index.php\/wp-json\/wp\/v2\/posts\/6864\/revisions"}],"predecessor-version":[{"id":6878,"href":"https:\/\/langtvvla.com.ar\/index.php\/wp-json\/wp\/v2\/posts\/6864\/revisions\/6878"}],"wp:featuredmedia":[{"embeddable":true,"href":"https:\/\/langtvvla.com.ar\/index.php\/wp-json\/wp\/v2\/media\/6271"}],"wp:attachment":[{"href":"https:\/\/langtvvla.com.ar\/index.php\/wp-json\/wp\/v2\/media?parent=6864"}],"wp:term":[{"taxonomy":"category","embeddable":true,"href":"https:\/\/langtvvla.com.ar\/index.php\/wp-json\/wp\/v2\/categories?post=6864"},{"taxonomy":"post_tag","embeddable":true,"href":"https:\/\/langtvvla.com.ar\/index.php\/wp-json\/wp\/v2\/tags?post=6864"}],"curies":[{"name":"wp","href":"https:\/\/api.w.org\/{rel}","templated":true}]}}