{"id":6890,"date":"2025-04-20T04:25:00","date_gmt":"2025-04-20T02:25:00","guid":{"rendered":"https:\/\/langtvvla.com.ar\/?p=6890"},"modified":"2025-04-20T04:33:38","modified_gmt":"2025-04-20T02:33:38","slug":"politica-ex-concejales-mpn-piden-a-murer-vear-ordenanza-4244","status":"publish","type":"post","link":"https:\/\/langtvvla.com.ar\/index.php\/2025\/04\/20\/politica-ex-concejales-mpn-piden-a-murer-vear-ordenanza-4244\/","title":{"rendered":"POLITICA: EX CONCEJALES MPN PIDEN A MURER VETAR ORDENANZA 4244"},"content":{"rendered":"\n<p><strong>Ex Concejales por el MPN, Silvana Gordillo y Guillermo Hensel, han solicitado p\u00fablicamente mediante una nota, que el Intendente Murer vete la ordenanza 4244 sancionada por el HCD recientemente.<\/strong><\/p>\n\n\n\n<div class=\"wp-block-file\"><a id=\"wp-block-file--media-a7140574-bd0d-442f-afee-36350cbba47a\" href=\"https:\/\/langtvvla.com.ar\/wp-content\/uploads\/2025\/04\/Ordenanza-N\u00b0-4244-Reformulacion-de-los-Cargos-de-Secretario-y-Asesor-de-Bloque.-1-1.docx\">Ordenanza-N\u00b0-4244-Reformulacion-de-los-Cargos-de-Secretario-y-Asesor-de-Bloque.-1-1<\/a><a href=\"https:\/\/langtvvla.com.ar\/wp-content\/uploads\/2025\/04\/Ordenanza-N\u00b0-4244-Reformulacion-de-los-Cargos-de-Secretario-y-Asesor-de-Bloque.-1-1.docx\" class=\"wp-block-file__button wp-element-button\" download aria-describedby=\"wp-block-file--media-a7140574-bd0d-442f-afee-36350cbba47a\">Descarga<\/a><\/div>\n\n\n\n<p><strong>El contenido de la misma regula el nombramiento,  funcionamiento, duraci\u00f3n y retribuci\u00f3n de los Secretarios y Asesores del HCD.<\/strong><\/p>\n\n\n\n<p><strong>Sin embargo los ex ediles reprochan, b\u00e1sicamente, que a\u00fan no est\u00e1 aprobado el presupuesto 2025 ni el tarifario y que el costo de estos cargos es muy elevado.<\/strong><\/p>\n\n\n\n<p><strong>La nota integra.<\/strong><\/p>\n\n\n\n<div class=\"wp-block-file\"><a id=\"wp-block-file--media-6ec169d9-b09e-4d06-86be-f290462d963d\" href=\"https:\/\/langtvvla.com.ar\/wp-content\/uploads\/2025\/04\/Carta-Lector-Solicita-Veto-PEM-19Ab-2025.doc\">Carta-Lector-Solicita-Veto-PEM-19Ab-2025<\/a><a href=\"https:\/\/langtvvla.com.ar\/wp-content\/uploads\/2025\/04\/Carta-Lector-Solicita-Veto-PEM-19Ab-2025.doc\" class=\"wp-block-file__button wp-element-button\" download aria-describedby=\"wp-block-file--media-6ec169d9-b09e-4d06-86be-f290462d963d\">Descarga<\/a><\/div>\n\n\n\n<p><strong>Veto de Ordenanza Nro 4244 \u00abPol\u00e9mico, inoportuno e incomprensible gasto pol\u00edtico del CD\u00bb<\/strong><\/p>\n\n\n\n<p><strong>I.- En primer lugar es necesario considerar que estamos a mediados de abril y NO se encuentra aprobado el Presupuesto 2025, que es el marco legal y contable para estimar ingresos y gastos de la administraci\u00f3n municipal.<\/strong><\/p>\n\n\n\n<p><strong>Adem\u00e1s, no se encuentra aprobado el C\u00f3digo Tarifario 2025, pero s\u00ed hemos escuchado a varios concejales dar \u201cexplicaciones\u201d y \u201cargumentaciones\u201d respecto a subir alrededor de un 60% (sesenta por ciento) el valor del punto, las tasas municipales y por ende, incrementar el precio de las habilitaciones, permisos, multas, etc etc.<\/strong><\/p>\n\n\n\n<p><strong>Por un lado, hay disposiciones de la COM que establecen el marco legal y las pautas para establecer los gastos, criterios y condiciones que evidentemente NO se han cumplido al aprobar la citada ordenanza de manera irresponsable, con total falta de criterio y sin tener el m\u00e1s m\u00ednimo sentido com\u00fan.<\/strong><\/p>\n\n\n\n<p><strong>De esta manera, el cuerpo de concejales \u2013 NO por unanimidad, sino con el voto negativo de los concejales Sebasti\u00e1n Raimondo y Eugenia Mesa (lo cual destacamos) \u2013 deciden incorporar con un r\u00e9gimen laboral a una cantidad importante de secretarios y asesores, ello con fundamentos ef\u00edmeros como lo son que ha crecido la poblaci\u00f3n y por ello tienen m\u00e1s caudal de trabajo, que las ordenanzas anteriores ser\u00edan obsoletas y que deben analizar diversos temas, etc Todo ello, reitero, sin contar con presupuesto aprobado, sin tener el m\u00e1s m\u00ednimo reparo en la generaci\u00f3n de un enorme gasto que trasladan directa e irresponsablemente a los contribuyentes.<\/strong><\/p>\n\n\n\n<p><strong>II.- Por lo tanto, la ordenanza aprobada contradice lo establecido por nuestra Carta Org\u00e1nica, especialmente en lo referido a los Arts 158, 159, 160, 162 inc 4 (que indica que el presupuesto no puede presentar d\u00e9ficit) y inc 5 (La Municipalidad no puede efectuar gasto alguno que no est\u00e9 autorizado por el Presupuesto en vigencia o por ordenanza que prevea recursos para su cumplimiento.), respectivamente.<\/strong><\/p>\n\n\n\n<p><strong>Asimismo, es necesario destacar \u2013 lo que el Intendente ya sabe y lo que consta a cualquier vecino- que en aquel momento (nos referimos al sancionarse nuestra Carta Org\u00e1nica) \u2013 y tal como ahora- la MVLA no posee ingresos propios ni suficientes para afrontar gastos; por lo tanto dispusimos &#8211; con un criterio de l\u00f3gica y administraci\u00f3n seria y responsable &#8211; tanto estos art\u00edculos como as\u00ed tambi\u00e9n el Art. Nro 222, que dispone respecto a la limitaci\u00f3n del personal municipal.<br>III.- Cabe aclarar tambi\u00e9n que nos enteramos por los medios de esta ordenanza, elaborada y aprobada simplemente levantando la mano, pr\u00e1cticamente sin p\u00fablico \u2013 reiteramos- que el Concejo Deliberante funcione y sesione de ma\u00f1ana; impide y obstaculiza la presencia de vecinos y de p\u00fablico en general y por supuesto, facilita y permite hacerlo sin ninguna exposici\u00f3n.<br>El contexto actual, tanto a nivel local, provincial, nacional e internacional, impone a nuestros representantes actuar con criterio, con austeridad, con transparencia. Estas \u00faltimas \u201causteridad y transparencia\u201d fueron mencionadas por el Gobernador Figueroa al asumir su gobierno.<br>Los vecinos, las familias, cada comerciante, cada trabajador, cada uno de nosotros tiene que ser austero, ordenado, medirse en los gastos, tomar decisiones a conciencia porque la plata no sobra, la plata no alcanza y la plata cuesta ganarla. Es tan simple pero tan dif\u00edcil de entender por parte de nuestros gobernantes.<br>Los ciudadanos miramos absortos como toman decisiones mir\u00e1ndose el ombligo, como si todo lo que sucede afuera del recinto o de la oficina fuera una pel\u00edcula de ciencia ficci\u00f3n. Est\u00e1n alejados de la realidad, no hay dudas.<br>El sector privado observa sin comprender c\u00f3mo la administraci\u00f3n p\u00fablica funciona de manera ineficiente, con sobrepoblaci\u00f3n de empleados que gozan de enormes beneficios, brindando servicios deficitarios y trasladando la inoperancia a los contribuyentes sin la m\u00e1s m\u00ednima intenci\u00f3n de hacer un REAL y CONCIENTE an\u00e1lisis de QU\u00c9, PORQU\u00c9 Y PARA QU\u00c9 se va a gastar el dinero que es de todos.<br>Finalmente, puede ser que haya actualmente diversos bloques, pero \u00bftantos asesores? \u00bfPara asesorar sobre qu\u00e9 temas? \u00bfNo ser\u00eda conveniente pedir dict\u00e1menes a las distintas y numerosas dependencias municipales que cuentan con profesionales e id\u00f3neos en diferentes temas? \u00bfNo ser\u00eda razonable convocar a las entidades o asociaciones intermedias que tambi\u00e9n cuentan con profesionales? (Ejemplo: Colegio de Arquitectos, Agrimensores, Abogados, C\u00e1mara de Comercio, Asociaci\u00f3n de Hoteles, etc) o en todo caso, si hay un tema puntual, \u00bfconvocar a profesionales o especialistas que brinden su servicio y lo facturen una vez realizado el trabajo SIN ninguna dependencia laboral de la MVLA??? O quiz\u00e1s tambi\u00e9n, \u00bfconvocar a profesionales de los distintos partidos pol\u00edticos que acompa\u00f1an a cada bloque??<br>Para traducir en n\u00fameros, es decir en dinero p\u00fablico que se necesitar\u00eda MENSUALMENTE en caso de aplicarse la absurda ordenanza sancionada, se puede estimar lo siguiente: Secretarios + asesores de bloques = 24 Millones; Concejales = 21 Millones; Administrativos = 7 Millones. Total (personal &#8211; sin gastos funcionamiento) =52 Millones.<br>IV.- La inoportuna ordenanza es sancionada en un momento en que el Poder Ejecutivo Municipal est\u00e1 intentando equilibrar la recaudaci\u00f3n propia para potenciar la autonom\u00eda del estado provincial y en post de mejorar la infraestructura urbana local; por su lado, el Concejo Deliberante, prescindiendo de esto, prioriza aumentar salarios y personal en la \u00abpol\u00edtica\u00bb.<\/strong><\/p>\n\n\n\n<p><strong>Asimismo, es necesario considerar que Ud Sr Intendente, es el responsable de administrar recursos escasos frente a una sociedad que demanda respuestas por la falta de servicios b\u00e1sicos (agua y luz), por innumerables inconvenientes que a Ud le constan.<\/strong><\/p>\n\n\n\n<p><strong>Por ello, apelamos a su sentido de la responsabilidad, a que haga uso de sus leg\u00edtimas facultades y decida pensando en los vecinos quienes confiamos que las cosas pueden hacerse bien, hacerse de otra manera; esperando que Ud cuide los fondos p\u00fablicos que no resisten derroche e inoperancia.<\/strong><\/p>\n\n\n\n<p><strong>Esperando una pronta respuesta favorable, que impida una evidente transgresi\u00f3n a la vigencia de nuestra Carga Magna, saludamos a usted atentamente.<\/strong><\/p>\n\n\n\n<p><strong>Silvana Mercedes Gordillo.<br>Guillermo Alejandro Hensel.<\/strong><\/p>\n","protected":false},"excerpt":{"rendered":"<p>Ex Concejales por el MPN, Silvana Gordillo y Guillermo Hensel, han solicitado p\u00fablicamente mediante una nota, que el Intendente Murer vete la ordenanza 4244 sancionada por el HCD recientemente. El contenido de la misma regula el nombramiento, funcionamiento, duraci\u00f3n y retribuci\u00f3n de los Secretarios y Asesores del HCD. Sin embargo los ex ediles reprochan, b\u00e1sicamente, [&hellip;]<\/p>\n","protected":false},"author":1,"featured_media":6271,"comment_status":"open","ping_status":"open","sticky":false,"template":"","format":"standard","meta":{"footnotes":""},"categories":[28],"tags":[],"class_list":["post-6890","post","type-post","status-publish","format-standard","has-post-thumbnail","hentry","category-politica"],"_links":{"self":[{"href":"https:\/\/langtvvla.com.ar\/index.php\/wp-json\/wp\/v2\/posts\/6890","targetHints":{"allow":["GET"]}}],"collection":[{"href":"https:\/\/langtvvla.com.ar\/index.php\/wp-json\/wp\/v2\/posts"}],"about":[{"href":"https:\/\/langtvvla.com.ar\/index.php\/wp-json\/wp\/v2\/types\/post"}],"author":[{"embeddable":true,"href":"https:\/\/langtvvla.com.ar\/index.php\/wp-json\/wp\/v2\/users\/1"}],"replies":[{"embeddable":true,"href":"https:\/\/langtvvla.com.ar\/index.php\/wp-json\/wp\/v2\/comments?post=6890"}],"version-history":[{"count":4,"href":"https:\/\/langtvvla.com.ar\/index.php\/wp-json\/wp\/v2\/posts\/6890\/revisions"}],"predecessor-version":[{"id":6896,"href":"https:\/\/langtvvla.com.ar\/index.php\/wp-json\/wp\/v2\/posts\/6890\/revisions\/6896"}],"wp:featuredmedia":[{"embeddable":true,"href":"https:\/\/langtvvla.com.ar\/index.php\/wp-json\/wp\/v2\/media\/6271"}],"wp:attachment":[{"href":"https:\/\/langtvvla.com.ar\/index.php\/wp-json\/wp\/v2\/media?parent=6890"}],"wp:term":[{"taxonomy":"category","embeddable":true,"href":"https:\/\/langtvvla.com.ar\/index.php\/wp-json\/wp\/v2\/categories?post=6890"},{"taxonomy":"post_tag","embeddable":true,"href":"https:\/\/langtvvla.com.ar\/index.php\/wp-json\/wp\/v2\/tags?post=6890"}],"curies":[{"name":"wp","href":"https:\/\/api.w.org\/{rel}","templated":true}]}}