{"id":6897,"date":"2025-04-20T21:48:43","date_gmt":"2025-04-20T19:48:43","guid":{"rendered":"https:\/\/langtvvla.com.ar\/?p=6897"},"modified":"2025-04-21T17:36:43","modified_gmt":"2025-04-21T15:36:43","slug":"deportes-exitosa-14ta-travesia-de-los-cerros","status":"publish","type":"post","link":"https:\/\/langtvvla.com.ar\/index.php\/2025\/04\/20\/deportes-exitosa-14ta-travesia-de-los-cerros\/","title":{"rendered":"DEPORTES: EXITOSA 14TA TRAVESIA DE LOS CERROS"},"content":{"rendered":"\n<figure class=\"wp-block-embed is-type-video is-provider-youtube wp-block-embed-youtube wp-embed-aspect-16-9 wp-has-aspect-ratio\"><div class=\"wp-block-embed__wrapper\">\n<iframe loading=\"lazy\" title=\"TRAVESIA DE LOS CERROS 2025, SABADO 19 ABRIL\" width=\"500\" height=\"281\" src=\"https:\/\/www.youtube.com\/embed\/IN7k94avvn8?feature=oembed\" frameborder=\"0\" allow=\"accelerometer; autoplay; clipboard-write; encrypted-media; gyroscope; picture-in-picture; web-share\" referrerpolicy=\"strict-origin-when-cross-origin\" allowfullscreen><\/iframe>\n<\/div><figcaption class=\"wp-element-caption\"><strong>Este s\u00e1bado 19 se realiz\u00f3 una nueva edici\u00f3n de la tradicional Traves\u00eda de los cerros. Las distancias fueron 8, 12, 21 y 42K, tambi\u00e9n hubo un recorrido especial para ni\u00f1os.<\/strong><\/figcaption><\/figure>\n\n\n\n<figure class=\"wp-block-image size-large\"><img loading=\"lazy\" decoding=\"async\" width=\"775\" height=\"1024\" src=\"https:\/\/langtvvla.com.ar\/wp-content\/uploads\/2025\/04\/1068599-775x1024.jpg\" alt=\"\" class=\"wp-image-6899\" srcset=\"https:\/\/langtvvla.com.ar\/wp-content\/uploads\/2025\/04\/1068599-775x1024.jpg 775w, https:\/\/langtvvla.com.ar\/wp-content\/uploads\/2025\/04\/1068599-227x300.jpg 227w, https:\/\/langtvvla.com.ar\/wp-content\/uploads\/2025\/04\/1068599-768x1015.jpg 768w, https:\/\/langtvvla.com.ar\/wp-content\/uploads\/2025\/04\/1068599.jpg 1080w\" sizes=\"auto, (max-width: 775px) 100vw, 775px\" \/><\/figure>\n\n\n\n<p><strong>Entre la gente local que destac\u00f3 estuvieron Nico Chazarreta, Vanina Nimis, Hugo Panessi.<\/strong><\/p>\n\n\n\n<figure class=\"wp-block-image size-large\"><img loading=\"lazy\" decoding=\"async\" width=\"1024\" height=\"769\" src=\"https:\/\/langtvvla.com.ar\/wp-content\/uploads\/2025\/04\/1068597-1024x769.jpg\" alt=\"\" class=\"wp-image-6900\" srcset=\"https:\/\/langtvvla.com.ar\/wp-content\/uploads\/2025\/04\/1068597-1024x769.jpg 1024w, https:\/\/langtvvla.com.ar\/wp-content\/uploads\/2025\/04\/1068597-300x225.jpg 300w, https:\/\/langtvvla.com.ar\/wp-content\/uploads\/2025\/04\/1068597-768x577.jpg 768w, https:\/\/langtvvla.com.ar\/wp-content\/uploads\/2025\/04\/1068597-1536x1153.jpg 1536w, https:\/\/langtvvla.com.ar\/wp-content\/uploads\/2025\/04\/1068597-2048x1538.jpg 2048w\" sizes=\"auto, (max-width: 1024px) 100vw, 1024px\" \/><\/figure>\n\n\n\n<figure class=\"wp-block-image size-large\"><img loading=\"lazy\" decoding=\"async\" width=\"766\" height=\"1024\" src=\"https:\/\/langtvvla.com.ar\/wp-content\/uploads\/2025\/04\/1068596-766x1024.jpg\" alt=\"\" class=\"wp-image-6898\" srcset=\"https:\/\/langtvvla.com.ar\/wp-content\/uploads\/2025\/04\/1068596-766x1024.jpg 766w, https:\/\/langtvvla.com.ar\/wp-content\/uploads\/2025\/04\/1068596-224x300.jpg 224w, https:\/\/langtvvla.com.ar\/wp-content\/uploads\/2025\/04\/1068596-768x1027.jpg 768w, https:\/\/langtvvla.com.ar\/wp-content\/uploads\/2025\/04\/1068596.jpg 1080w\" sizes=\"auto, (max-width: 766px) 100vw, 766px\" \/><\/figure>\n\n\n\n<p><\/p>\n","protected":false},"excerpt":{"rendered":"<p>Entre la gente local que destac\u00f3 estuvieron Nico Chazarreta, Vanina Nimis, Hugo Panessi.<\/p>\n","protected":false},"author":1,"featured_media":6901,"comment_status":"open","ping_status":"open","sticky":false,"template":"","format":"standard","meta":{"footnotes":""},"categories":[18],"tags":[],"class_list":["post-6897","post","type-post","status-publish","format-standard","has-post-thumbnail","hentry","category-deportes"],"_links":{"self":[{"href":"https:\/\/langtvvla.com.ar\/index.php\/wp-json\/wp\/v2\/posts\/6897","targetHints":{"allow":["GET"]}}],"collection":[{"href":"https:\/\/langtvvla.com.ar\/index.php\/wp-json\/wp\/v2\/posts"}],"about":[{"href":"https:\/\/langtvvla.com.ar\/index.php\/wp-json\/wp\/v2\/types\/post"}],"author":[{"embeddable":true,"href":"https:\/\/langtvvla.com.ar\/index.php\/wp-json\/wp\/v2\/users\/1"}],"replies":[{"embeddable":true,"href":"https:\/\/langtvvla.com.ar\/index.php\/wp-json\/wp\/v2\/comments?post=6897"}],"version-history":[{"count":3,"href":"https:\/\/langtvvla.com.ar\/index.php\/wp-json\/wp\/v2\/posts\/6897\/revisions"}],"predecessor-version":[{"id":6905,"href":"https:\/\/langtvvla.com.ar\/index.php\/wp-json\/wp\/v2\/posts\/6897\/revisions\/6905"}],"wp:featuredmedia":[{"embeddable":true,"href":"https:\/\/langtvvla.com.ar\/index.php\/wp-json\/wp\/v2\/media\/6901"}],"wp:attachment":[{"href":"https:\/\/langtvvla.com.ar\/index.php\/wp-json\/wp\/v2\/media?parent=6897"}],"wp:term":[{"taxonomy":"category","embeddable":true,"href":"https:\/\/langtvvla.com.ar\/index.php\/wp-json\/wp\/v2\/categories?post=6897"},{"taxonomy":"post_tag","embeddable":true,"href":"https:\/\/langtvvla.com.ar\/index.php\/wp-json\/wp\/v2\/tags?post=6897"}],"curies":[{"name":"wp","href":"https:\/\/api.w.org\/{rel}","templated":true}]}}