{"id":6907,"date":"2025-04-23T17:09:56","date_gmt":"2025-04-23T15:09:56","guid":{"rendered":"https:\/\/langtvvla.com.ar\/?p=6907"},"modified":"2025-04-23T17:23:28","modified_gmt":"2025-04-23T15:23:28","slug":"politica-lla-de-neuquen-y-vla-repudia-la-4244","status":"publish","type":"post","link":"https:\/\/langtvvla.com.ar\/index.php\/2025\/04\/23\/politica-lla-de-neuquen-y-vla-repudia-la-4244\/","title":{"rendered":"POLITICA: LLA DE NEUQU\u00c9N Y VLA REPUDIA LA 4244"},"content":{"rendered":"\n<p><strong>A ra\u00edz de la aprobaci\u00f3n de la, ya famosa, Ordenanza 4244, que establece un marco para los Secretarios y Asesores del HCD, lo que parec\u00eda un simple tr\u00e1mite administrativo se est\u00e1 convirtiendo en un quebradero de cabeza para los pol\u00edticos. <\/strong><\/p>\n\n\n\n<p><strong>Es que el rechazo ha sido casi un\u00e1nime, en la sociedad y los espacios pol\u00edticos. Sucede que, salvo el peronismo (concejal Mesa), todos los bloques votaron a favor.<\/strong><\/p>\n\n\n\n<p><strong>Hecho que llev\u00f3 incluso el Intendente Murer a expresarse p\u00fablicamente, advirtiendo que ser\u00eda posible que vete la norma sancionada.<\/strong><\/p>\n\n\n\n<p><strong>Ahora quien difundi\u00f3 su parecer fue LLA, con la firma de sus autoridades de Neuqu\u00e9n y Angostura, rechazando los aumentos salariales, que la aprobaci\u00f3n es inmoral e ilegitima y se\u00f1alando a quienes integran el HCD como \u00abcasta rancia y cipayos de la politica\u00bb.<\/strong><\/p>\n\n\n\n<p><strong>Habr\u00e1 que ver la respuesta del HCD, que por estas horas est\u00e1 reunido en Plenario para tratar el tema y que suceder\u00e1 el mi\u00e9rcoles pr\u00f3ximo en una nueva Sesi\u00f3n. <\/strong><\/p>\n\n\n\n<p><strong>El comunicado completo.<\/strong><\/p>\n\n\n\n<div class=\"wp-block-file\"><a id=\"wp-block-file--media-ca5cd5ca-4d6b-4b45-922b-95f135b6be4c\" href=\"https:\/\/langtvvla.com.ar\/wp-content\/uploads\/2025\/04\/IMG-20250423-WA0003.jpg\">IMG-20250423-WA0003<\/a><a href=\"https:\/\/langtvvla.com.ar\/wp-content\/uploads\/2025\/04\/IMG-20250423-WA0003.jpg\" class=\"wp-block-file__button wp-element-button\" download aria-describedby=\"wp-block-file--media-ca5cd5ca-4d6b-4b45-922b-95f135b6be4c\">Descarga<\/a><\/div>\n\n\n\n<p><strong>CREDITO FOTO WEB<\/strong><\/p>\n","protected":false},"excerpt":{"rendered":"<p>A ra\u00edz de la aprobaci\u00f3n de la, ya famosa, Ordenanza 4244, que establece un marco para los Secretarios y Asesores del HCD, lo que parec\u00eda un simple tr\u00e1mite administrativo se est\u00e1 convirtiendo en un quebradero de cabeza para los pol\u00edticos. Es que el rechazo ha sido casi un\u00e1nime, en la sociedad y los espacios pol\u00edticos. [&hellip;]<\/p>\n","protected":false},"author":1,"featured_media":6908,"comment_status":"open","ping_status":"open","sticky":false,"template":"","format":"standard","meta":{"footnotes":""},"categories":[28],"tags":[],"class_list":["post-6907","post","type-post","status-publish","format-standard","has-post-thumbnail","hentry","category-politica"],"_links":{"self":[{"href":"https:\/\/langtvvla.com.ar\/index.php\/wp-json\/wp\/v2\/posts\/6907","targetHints":{"allow":["GET"]}}],"collection":[{"href":"https:\/\/langtvvla.com.ar\/index.php\/wp-json\/wp\/v2\/posts"}],"about":[{"href":"https:\/\/langtvvla.com.ar\/index.php\/wp-json\/wp\/v2\/types\/post"}],"author":[{"embeddable":true,"href":"https:\/\/langtvvla.com.ar\/index.php\/wp-json\/wp\/v2\/users\/1"}],"replies":[{"embeddable":true,"href":"https:\/\/langtvvla.com.ar\/index.php\/wp-json\/wp\/v2\/comments?post=6907"}],"version-history":[{"count":6,"href":"https:\/\/langtvvla.com.ar\/index.php\/wp-json\/wp\/v2\/posts\/6907\/revisions"}],"predecessor-version":[{"id":6916,"href":"https:\/\/langtvvla.com.ar\/index.php\/wp-json\/wp\/v2\/posts\/6907\/revisions\/6916"}],"wp:featuredmedia":[{"embeddable":true,"href":"https:\/\/langtvvla.com.ar\/index.php\/wp-json\/wp\/v2\/media\/6908"}],"wp:attachment":[{"href":"https:\/\/langtvvla.com.ar\/index.php\/wp-json\/wp\/v2\/media?parent=6907"}],"wp:term":[{"taxonomy":"category","embeddable":true,"href":"https:\/\/langtvvla.com.ar\/index.php\/wp-json\/wp\/v2\/categories?post=6907"},{"taxonomy":"post_tag","embeddable":true,"href":"https:\/\/langtvvla.com.ar\/index.php\/wp-json\/wp\/v2\/tags?post=6907"}],"curies":[{"name":"wp","href":"https:\/\/api.w.org\/{rel}","templated":true}]}}