{"id":7029,"date":"2025-05-06T22:12:00","date_gmt":"2025-05-06T20:12:00","guid":{"rendered":"https:\/\/langtvvla.com.ar\/?p=7029"},"modified":"2025-05-07T04:24:00","modified_gmt":"2025-05-07T02:24:00","slug":"politica-escandalo-el-hcd-rechazo-el-cierre-de-ejercicio-2024-municipal-por-el-informe-de-un-contador-con-matricula-cancelada","status":"publish","type":"post","link":"https:\/\/langtvvla.com.ar\/index.php\/2025\/05\/06\/politica-escandalo-el-hcd-rechazo-el-cierre-de-ejercicio-2024-municipal-por-el-informe-de-un-contador-con-matricula-cancelada\/","title":{"rendered":"POLITICA: ESCANDALO, EL HCD RECHAZO EL CIERRE DE EJERCICIO 2024 MUNICIPAL POR EL INFORME DE UN CONTADOR CON MATRICULA CANCELADA"},"content":{"rendered":"\n<p><strong>Lleg\u00f3 mayo a VLA y vino acompa\u00f1ado, como todos los a\u00f1os, de intensas lluvias y la \u00abbaja\u00bb, \u00e9poca donde \u00abno pasa nada\u00bb, hasta que abra la temporada invernal.<\/strong><\/p>\n\n\n\n<p><strong>Sin embargo el pueblo te da sorpresas y este martes pas\u00f3 y no fue poca cosa. Es que la Secretaria de Hacienda a trav\u00e9s de Angostura Informa (<a href=\"https:\/\/www.angosturainforma.gob.ar\/la-secretaria-hacienda-y-modernizacion-informe-de-analisis-de-estados-contables-y-presupuestos-ejercicios-2024\/\">https:\/\/www.angosturainforma.gob.ar\/la-secretaria-hacienda-y-modernizacion-informe-de-analisis-de-estados-contables-y-presupuestos-ejercicios-2024\/<\/a>)<\/strong> <strong>public\u00f3 la respuesta al informe que present\u00f3 el contador Helling sobre el Cierre de Ejercicio 2024 Municipal y que el HCD tom\u00f3 como insumo para rechazarlo.<\/strong><\/p>\n\n\n\n<p><strong><mark style=\"background-color:rgba(0, 0, 0, 0);color:#f50202\" class=\"has-inline-color\">HELLING CON PAPELES FLOJOS<\/mark><\/strong><\/p>\n\n\n\n<p><strong>Desde el vamos la Secretaria nos pone al tanto que el contador no cuenta con conocimientos del funcionamiento de la actividad p\u00fablica (algo cierto y conocido, m\u00e1s a nivel municipios y en Neuqu\u00e9n, ya que se se desempe\u00f1o apenas 3 a\u00f1os y en una dependencia de un Ministerio en La Plata), pero lo m\u00e1s  trascendental es que no s\u00f3lo no cuenta con matr\u00edcula habilitante en Neuqu\u00e9n (algo que en los pasillos pol\u00edticos se sab\u00eda) sino que, m\u00e1s grave, TIENE SU MATRICULA DE BS.AS. CANCELADA (el contador es oriundo de La Plata).<\/strong><\/p>\n\n\n\n<p><strong>Este dato no es insignificante, por ley 20.488 los contadores est\u00e1n obligados a matricularse, de no hacerlo o tenerla cancelada, los actos en que intervengan son inv\u00e1lidos y adem\u00e1s traer\u00e1 sanciones, como las del art.22: Las correcciones disciplinarias que aplicar\u00e1 cada Consejo Profesional a sus matriculados consistir\u00e1n en<\/strong><\/p>\n\n\n\n<p><strong>1\u00ba Advertencia.<br><br>2\u00ba Amonestaci\u00f3n privada.<br><br>3\u00ba Apercibimiento p\u00fablico.<br><br>4\u00ba Suspensi\u00f3n en el ejercicio de la profesi\u00f3n de un (1) a\u00f1o.<br><br>5\u00ba Cancelaci\u00f3n de la matr\u00edcula.<\/strong><\/p>\n\n\n\n<p><strong>Desde LANG TV intentamos saber si la cancelaci\u00f3n responde a aportes impagos de la Caja de Seguridad Social o alg\u00fan motivo m\u00e1s grave y desde cuando rige. Lamentablemente a\u00fan no contamos con dicha informaci\u00f3n de la delegaci\u00f3n La Plata del CPCEPBA. <\/strong><\/p>\n\n\n\n<p><strong><mark style=\"background-color:rgba(0, 0, 0, 0);color:#f40101\" class=\"has-inline-color\">CUESTIONAMIENTOS TECNICOS<\/mark><\/strong><\/p>\n\n\n\n<p><strong>Adem\u00e1s de su matr\u00edcula la Secretar\u00eda tambi\u00e9n realiz\u00f3 observaciones t\u00e9cnicas, a saber:<\/strong><\/p>\n\n\n\n<p><strong>1-se present\u00f3 el informe en menos de 48 horas, insuficiente para realizar el trabajo<\/strong><\/p>\n\n\n\n<p><strong>2-erronea comparaci\u00f3n dr Presupuesto 2023-24, ya que en 2023 se trabaj\u00f3 con el prorrogado<\/strong><\/p>\n\n\n\n<p><strong>3-el Presupuesto Financiero Municipal incluye ingresos y gastos para un per\u00edodo fiscal, la suba de un \u00e1rea no est\u00e1 determinada por un porcentaje sino por las decisiones pol\u00edticas de gesti\u00f3n, afirmar que un aumento en un gasto es incongruente significa desconocer como funciona la actividad p\u00fablica.<\/strong><\/p>\n\n\n\n<p><strong>4-los Ingresos por Coparticipaci\u00f3n se incluyen en el Presupuesto con informaci\u00f3n del Ministerio de Econom\u00eda de Neuqu\u00e9n, no es responsabilidad de la Municipalidad los cambios durante la ejecuci\u00f3n, el explicar cambios por un porcentaje manifiesta otra vez el desconocimiento del funcionamiento de la actividad p\u00fablica.<\/strong><\/p>\n\n\n\n<p><strong>5-incluir el expediente de la Obra Pavimento Barrio Mall\u00edn excede las funciones del contrato del contador<\/strong><\/p>\n\n\n\n<p><strong>Finalmente la Secretar\u00eda afirma que &nbsp;la contrataci\u00f3n de Helling \u00abParece responder m\u00e1s a una l\u00f3gica pol\u00edtica que a criterios t\u00e9cnicos y legales objetivos. De ser as\u00ed, resulta preocupante que se prioricen intereses pol\u00edticos, efectuando contrataciones, que a modo de ejemplo representan m\u00e1s de 2000 fichas catastrales de servicio de agua (a valores actuales), con recursos p\u00fablicos, sin un debido an\u00e1lisis de la idoneidad y legalidad de la contrataci\u00f3n\u00bb.<\/strong><\/p>\n\n\n\n<p><strong>Agregando que \u00abEn el Informe que se ha tenido a la vista, no ha existido un an\u00e1lisis ni examen del ejercicio 2024, en cuanto a datos concretos que determinen la aprobaci\u00f3n o no de un Ejercicio fiscal. Tambi\u00e9n preocupa lo expresado en el \u00faltimo considerando de la Resoluci\u00f3n N\u00b0 12\/2025, respecto a la documentaci\u00f3n que respalda las variaciones y movimientos que generan los supuestos \u201cdesv\u00edos\u201d, ya que, en ning\u00fan momento, ni el Concejo Deliberante, ni el contador, solicitaron informaci\u00f3n y\/o documentaci\u00f3n al Departamento Ejecutivo para entender o aclarar dichas variaciones. Por lo que tal afirmaci\u00f3n, no solo no es correcta, si no que pone en tela de juicio la labor realizada por el personal municipal (no pol\u00edtico) que se encarga, de documentar al detalle cada una de las circunstancias que explican el cierre del ejercicio\u00bb.<\/strong><\/p>\n\n\n\n<figure class=\"wp-block-image size-large\"><img loading=\"lazy\" decoding=\"async\" width=\"769\" height=\"1024\" src=\"https:\/\/langtvvla.com.ar\/wp-content\/uploads\/2025\/05\/1068626-769x1024.jpg\" alt=\"\" class=\"wp-image-7049\" srcset=\"https:\/\/langtvvla.com.ar\/wp-content\/uploads\/2025\/05\/1068626-769x1024.jpg 769w, https:\/\/langtvvla.com.ar\/wp-content\/uploads\/2025\/05\/1068626-225x300.jpg 225w, https:\/\/langtvvla.com.ar\/wp-content\/uploads\/2025\/05\/1068626-768x1023.jpg 768w, https:\/\/langtvvla.com.ar\/wp-content\/uploads\/2025\/05\/1068626-1153x1536.jpg 1153w, https:\/\/langtvvla.com.ar\/wp-content\/uploads\/2025\/05\/1068626-1538x2048.jpg 1538w, https:\/\/langtvvla.com.ar\/wp-content\/uploads\/2025\/05\/1068626-scaled.jpg 1922w\" sizes=\"auto, (max-width: 769px) 100vw, 769px\" \/><\/figure>\n\n\n\n<p><strong><mark style=\"background-color:rgba(0, 0, 0, 0);color:#f40808\" class=\"has-inline-color\">LAS EXPLICACIONES DE LA CONCEJAL CERASO<\/mark><\/strong><\/p>\n\n\n\n<p><strong>Hacemos referencia a la representante de Primero Angostura ya que se la se\u00f1al\u00f3, incluso en la Sesi\u00f3n Extraordinaria por su par de Comunidad, como \u00abresponsable\u00bb de que Helling haya sido elegido para realizar el informe y que hasta haya \u00abdireccionado\u00bb su tarea.<\/strong><\/p>\n\n\n\n<p><strong>Consultada por LANG TV desminti\u00f3 tales acusaciones y otras que vinculan al contador como perteneciente al partido \u00abEs de ellos\u00bb, la frase corriente que sale de los despachos de De Nevares 32 y los de Comunidad en el HCD.<\/strong><\/p>\n\n\n\n<p><strong>La relaci\u00f3n que s\u00ed admite Ceraso, como hizo tambi\u00e9n ese lunes, es que les pidieron a todos los bloques si conoc\u00edan contadores, que lo mencion\u00f3 a Helling porque en 1 a\u00f1o (no ten\u00eda la fecha pues no se ocup\u00f3 del asunto) les hizo el balance a Primero Angostura.<\/strong><\/p>\n\n\n\n<p><strong>Tambi\u00e9n afirm\u00f3 que no cree que sea afiliado y no lo tiene como participante en las reuniones del partido, \u00abNo tenemos una relaci\u00f3n asidua\u00bb, sentenci\u00f3. <\/strong><\/p>\n\n\n\n<p><strong>Por otro lado puso toda la responsabilidad en el proceso de contrataci\u00f3n de Helling en el HCD, espec\u00edficamente en el Presidente (Raimondo, de Comunidad) y la Secretaria Parlamentaria (Montero), incluso ella desconoc\u00eda hasta la publicaci\u00f3n en Angostura Informa la situaci\u00f3n de la matricula del contador. <\/strong><\/p>\n\n\n\n<p><strong>Preguntada sobre su voto, a la luz de toda esta nueva informaci\u00f3n, explic\u00f3 que el rechazo se debi\u00f3 al poco tiempo de an\u00e1lisis que tuvieron del tema y la escasa \u00abexpertise t\u00e9cnica\u00bb, por lo tanto \u00abNo ten\u00edamos los elementos concluyentes para darlo por aprobado\u00bb.<\/strong><\/p>\n\n\n\n<p><strong>Para concluir coment\u00f3 que \u00abCreamos este partido para lograr otra forma de hacer pol\u00edtica, honesta, dedicada, genuina, desde la buena voluntad y las ganas de contagiar a otros a que se sumen, as\u00ed queremos que siga siendo\u00bb.<\/strong><\/p>\n\n\n\n<p><strong><mark style=\"background-color:rgba(0, 0, 0, 0);color:#f30303\" class=\"has-inline-color\">LAS RESPONSABILIDADES DEL HCD<\/mark><\/strong><\/p>\n\n\n\n<p><strong>Como explic\u00f3 Ceraso, y que tambi\u00e9n consta en la Resoluci\u00f3n, todo el proceso de b\u00fasqueda de profesionales contadores, pedidos de presupuesto, negociaci\u00f3n, modalidad del trabajo, monto de la tarea y forma de pago, contrataci\u00f3n, corri\u00f3 a cargo del Presidente del HCD y la Secretaria Parlamentaria (en cuanto a reunir los papeles que se ped\u00edan para hacer el contrato) y avalado por el voto mayoritario de los bloques para contratar a Helling (recordamos que no hubo otro estudio contable interesado).<\/strong><\/p>\n\n\n\n<p><strong>Esto es un asunto interesante, ya que alguien deber\u00e1 dar las explicaciones de que se contrat\u00f3 por 5 millones, por un trabajo de 3 d\u00edas, a una persona sin matr\u00edcula para realizar dicha tarea, y no estaban al tanto de tal irregularidad.<\/strong><\/p>\n\n\n\n<p><strong>Es evidente, nos parece desde LANG TV, que han existido falencias en todo el proceso. Un asunto a aclarar es que Helling a\u00fan no cobr\u00f3, ya que falta retirar el contrato, que pague sellados y declaraci\u00f3n jurada, y de ah\u00ed se har\u00eda una certificaci\u00f3n para presentar en Hacienda junto con una factura. Despu\u00e9s de eso se le puede pagar. Esta es la informaci\u00f3n con que contamos sobre como es el procedimiento post fin y presentaci\u00f3n del Informe.<\/strong><\/p>\n\n\n\n<p><strong>Desconocemos si existe alg\u00fan impedimento para que cobre, dado lo ilegal del acto de Helling, al tener la matricula cancelada, ya que el actu\u00f3 con dolo, ya que se le consult\u00f3 por su matr\u00edcula y no aclar\u00f3 que la ten\u00eda cancelada.<\/strong><\/p>\n\n\n\n<p><strong>Al respecto desde LANG TV nos contactamos con el contador, quien en principio explic\u00f3 sobre su matr\u00edcula, que trabaja con un \u00abasociado\u00bb, sin identificarlo, quien, pensamos, ser\u00eda la persona que tiene la firma habilitante, aunque en el caso del HCD, el puso su firma y n\u00famero sabiendo que estaba cancelada. Lamentablemente no tuvimos m\u00e1s respuestas de su parte a las diferentes consultas que le realizamos.<\/strong><\/p>\n\n\n\n<p><strong>Por \u00faltimo, insistimos desde LANG TV, esta es una situaci\u00f3n a observar, no s\u00f3lo por tratarse de dineros de todas y todos, sino tambi\u00e9n por la \u00abdin\u00e1mica\u00bb pol\u00edtica, ya que vienen asuntos m\u00e1s \u00e1ridos, como el tratamiento del Presupuesto 2025, el Tarifario, los pliegos para Defensor del Pueblo y Auditor Municipal, para empezar.<br><\/strong><\/p>\n","protected":false},"excerpt":{"rendered":"<p>Lleg\u00f3 mayo a VLA y vino acompa\u00f1ado, como todos los a\u00f1os, de intensas lluvias y la \u00abbaja\u00bb, \u00e9poca donde \u00abno pasa nada\u00bb, hasta que abra la temporada invernal. Sin embargo el pueblo te da sorpresas y este martes pas\u00f3 y no fue poca cosa. Es que la Secretaria de Hacienda a trav\u00e9s de Angostura Informa [&hellip;]<\/p>\n","protected":false},"author":1,"featured_media":7048,"comment_status":"open","ping_status":"open","sticky":false,"template":"","format":"standard","meta":{"footnotes":""},"categories":[28],"tags":[],"class_list":["post-7029","post","type-post","status-publish","format-standard","has-post-thumbnail","hentry","category-politica"],"_links":{"self":[{"href":"https:\/\/langtvvla.com.ar\/index.php\/wp-json\/wp\/v2\/posts\/7029","targetHints":{"allow":["GET"]}}],"collection":[{"href":"https:\/\/langtvvla.com.ar\/index.php\/wp-json\/wp\/v2\/posts"}],"about":[{"href":"https:\/\/langtvvla.com.ar\/index.php\/wp-json\/wp\/v2\/types\/post"}],"author":[{"embeddable":true,"href":"https:\/\/langtvvla.com.ar\/index.php\/wp-json\/wp\/v2\/users\/1"}],"replies":[{"embeddable":true,"href":"https:\/\/langtvvla.com.ar\/index.php\/wp-json\/wp\/v2\/comments?post=7029"}],"version-history":[{"count":17,"href":"https:\/\/langtvvla.com.ar\/index.php\/wp-json\/wp\/v2\/posts\/7029\/revisions"}],"predecessor-version":[{"id":7068,"href":"https:\/\/langtvvla.com.ar\/index.php\/wp-json\/wp\/v2\/posts\/7029\/revisions\/7068"}],"wp:featuredmedia":[{"embeddable":true,"href":"https:\/\/langtvvla.com.ar\/index.php\/wp-json\/wp\/v2\/media\/7048"}],"wp:attachment":[{"href":"https:\/\/langtvvla.com.ar\/index.php\/wp-json\/wp\/v2\/media?parent=7029"}],"wp:term":[{"taxonomy":"category","embeddable":true,"href":"https:\/\/langtvvla.com.ar\/index.php\/wp-json\/wp\/v2\/categories?post=7029"},{"taxonomy":"post_tag","embeddable":true,"href":"https:\/\/langtvvla.com.ar\/index.php\/wp-json\/wp\/v2\/tags?post=7029"}],"curies":[{"name":"wp","href":"https:\/\/api.w.org\/{rel}","templated":true}]}}