{"id":7058,"date":"2025-05-07T02:20:03","date_gmt":"2025-05-07T00:20:03","guid":{"rendered":"https:\/\/langtvvla.com.ar\/?p=7058"},"modified":"2025-05-09T20:07:59","modified_gmt":"2025-05-09T18:07:59","slug":"politica-otro-escandalo-con-fondos-publicos-a-pedido-de-turismo-se-contrato-a-un-abogado-sin-experiencia-en-el-rubro-para-que-asesore-sobre-una-ordenanza-para-att","status":"publish","type":"post","link":"https:\/\/langtvvla.com.ar\/index.php\/2025\/05\/07\/politica-otro-escandalo-con-fondos-publicos-a-pedido-de-turismo-se-contrato-a-un-abogado-sin-experiencia-en-el-rubro-para-que-asesore-sobre-una-ordenanza-para-att\/","title":{"rendered":"POLITICA: OTRO ESCANDALO CON FONDOS PUBLICOS, A PEDIDO DE TURISMO SE CONTRATO A UN ABOGADO SIN EXPERIENCIA EN EL RUBRO, PARA QUE ASESORE SOBRE UNA ORDENANZA PARA ATT"},"content":{"rendered":"\n<div class=\"wp-block-file\"><a id=\"wp-block-file--media-23b18fe2-a6de-4438-9307-e97b8990633e\" href=\"https:\/\/langtvvla.com.ar\/wp-content\/uploads\/2025\/05\/819-Decreto-Leguizamon-Charif.docx\">819-Decreto-Leguizamon-Charif<\/a><a href=\"https:\/\/langtvvla.com.ar\/wp-content\/uploads\/2025\/05\/819-Decreto-Leguizamon-Charif.docx\" class=\"wp-block-file__button wp-element-button\" download aria-describedby=\"wp-block-file--media-23b18fe2-a6de-4438-9307-e97b8990633e\">Descarga<\/a><\/div>\n\n\n\n<p><strong>Este martes tambi\u00e9n se hizo p\u00fablico que la Intendencia, a pedido de la Secretar\u00eda de Turismo (a cargo de Ignacio Robert), contrat\u00f3 a un abogado para que asesore en una futura legislaci\u00f3n sobre las ATT (alquileres tur\u00edsticos temporarios).<\/strong><\/p>\n\n\n\n<p><strong>Para destacar, fue una contrataci\u00f3n por menos de 2 meses (21 marzo al 5 mayo), por Decreto 819\/2025, por un total de 5.109.311,75 millones de pesos, imputado a la Partida 3990 de la Secretar\u00eda de Turismo.<\/strong><\/p>\n\n\n\n<p><strong>El profesional contratado, abogado Sebasti\u00e1n Leguizamon Charif, es un profesional de larga experiencia, en \u00e1mbito privado y p\u00fablico, incluso desempe\u00f1o tareas pol\u00edticas en la gesti\u00f3n UVAC, seg\u00fan consta en su CV en la p\u00e1gina web del estudio, <a href=\"https:\/\/leguizamoncharif.com.ar\/quienes-somos\/\">https:\/\/leguizamoncharif.com.ar\/quienes-somos\/<\/a><\/strong><\/p>\n\n\n\n<p><strong>Sin embargo, reiteramos, ni el mismo ni ninguno de los profesionales asociados parecen constar en su capacitaci\u00f3n y trayecto profesional, ninguna experiencia ni conocimientos en el \u00e1rea turismo ni menos hotelera (en especial ATT, el rubro por el cual se hizo el contrato).<\/strong><\/p>\n\n\n\n<p><strong>Desde LANG TV nos comunicamos con el estudio pero, lamentablemente no obtuvimos respuesta a momento de esta publicaci\u00f3n, a las 10 preguntas que realizamos.<\/strong><\/p>\n\n\n\n<p><strong>Otro tema m\u00e1s a observar, luego de la contrataci\u00f3n de un contador con matr\u00edcula habilitante cancelada, por parte del HCD, para evaluar el Cierre de Ejercicio 2024 del Municipio.<\/strong><\/p>\n\n\n\n<p><strong>CREDITO FOTO WEB<\/strong><\/p>\n","protected":false},"excerpt":{"rendered":"<p>Este martes tambi\u00e9n se hizo p\u00fablico que la Intendencia, a pedido de la Secretar\u00eda de Turismo (a cargo de Ignacio Robert), contrat\u00f3 a un abogado para que asesore en una futura legislaci\u00f3n sobre las ATT (alquileres tur\u00edsticos temporarios). Para destacar, fue una contrataci\u00f3n por menos de 2 meses (21 marzo al 5 mayo), por Decreto [&hellip;]<\/p>\n","protected":false},"author":1,"featured_media":7062,"comment_status":"open","ping_status":"open","sticky":false,"template":"","format":"standard","meta":{"footnotes":""},"categories":[27,28,38],"tags":[],"class_list":["post-7058","post","type-post","status-publish","format-standard","has-post-thumbnail","hentry","category-municipalidad","category-politica","category-turismo"],"_links":{"self":[{"href":"https:\/\/langtvvla.com.ar\/index.php\/wp-json\/wp\/v2\/posts\/7058","targetHints":{"allow":["GET"]}}],"collection":[{"href":"https:\/\/langtvvla.com.ar\/index.php\/wp-json\/wp\/v2\/posts"}],"about":[{"href":"https:\/\/langtvvla.com.ar\/index.php\/wp-json\/wp\/v2\/types\/post"}],"author":[{"embeddable":true,"href":"https:\/\/langtvvla.com.ar\/index.php\/wp-json\/wp\/v2\/users\/1"}],"replies":[{"embeddable":true,"href":"https:\/\/langtvvla.com.ar\/index.php\/wp-json\/wp\/v2\/comments?post=7058"}],"version-history":[{"count":5,"href":"https:\/\/langtvvla.com.ar\/index.php\/wp-json\/wp\/v2\/posts\/7058\/revisions"}],"predecessor-version":[{"id":7082,"href":"https:\/\/langtvvla.com.ar\/index.php\/wp-json\/wp\/v2\/posts\/7058\/revisions\/7082"}],"wp:featuredmedia":[{"embeddable":true,"href":"https:\/\/langtvvla.com.ar\/index.php\/wp-json\/wp\/v2\/media\/7062"}],"wp:attachment":[{"href":"https:\/\/langtvvla.com.ar\/index.php\/wp-json\/wp\/v2\/media?parent=7058"}],"wp:term":[{"taxonomy":"category","embeddable":true,"href":"https:\/\/langtvvla.com.ar\/index.php\/wp-json\/wp\/v2\/categories?post=7058"},{"taxonomy":"post_tag","embeddable":true,"href":"https:\/\/langtvvla.com.ar\/index.php\/wp-json\/wp\/v2\/tags?post=7058"}],"curies":[{"name":"wp","href":"https:\/\/api.w.org\/{rel}","templated":true}]}}