{"id":7145,"date":"2025-05-16T18:55:10","date_gmt":"2025-05-16T16:55:10","guid":{"rendered":"https:\/\/langtvvla.com.ar\/?p=7145"},"modified":"2025-05-16T19:42:02","modified_gmt":"2025-05-16T17:42:02","slug":"politica-el-hcd-aprobo-electricidad-para-macrolote-6","status":"publish","type":"post","link":"https:\/\/langtvvla.com.ar\/index.php\/2025\/05\/16\/politica-el-hcd-aprobo-electricidad-para-macrolote-6\/","title":{"rendered":"POLITICA: EL HCD APROBO ACUERDOS CON EPEN Y CECAITRA"},"content":{"rendered":"\n<figure class=\"wp-block-embed is-type-video is-provider-youtube wp-block-embed-youtube wp-embed-aspect-16-9 wp-has-aspect-ratio\"><div class=\"wp-block-embed__wrapper\">\n<iframe loading=\"lazy\" title=\"HCD 2025\" width=\"500\" height=\"281\" src=\"https:\/\/www.youtube.com\/embed\/IEfQ5vwufb4?feature=oembed\" frameborder=\"0\" allow=\"accelerometer; autoplay; clipboard-write; encrypted-media; gyroscope; picture-in-picture; web-share\" referrerpolicy=\"strict-origin-when-cross-origin\" allowfullscreen><\/iframe>\n<\/div><\/figure>\n\n\n\n<p><strong>Este mi\u00e9rcoles 14 en una nueva Sesi\u00f3n el HCD aprob\u00f3 el convenio con EPEN para dar luz al Macrolote 6, el CET, Registro Civil, Casa de la Mujer y Planta de camiones atmosf\u00e9ricos.<\/strong><\/p>\n\n\n\n<p><strong>Otra aprobaci\u00f3n fue con CECAITRA, C\u00e1mara de Empresas de Control y Administracion de Infracciones de Transito de la Rep\u00fablica Argentina, que trae mejoras.<\/strong><\/p>\n\n\n\n<figure class=\"wp-block-embed is-type-video is-provider-youtube wp-block-embed-youtube wp-embed-aspect-16-9 wp-has-aspect-ratio\"><div class=\"wp-block-embed__wrapper\">\n<iframe loading=\"lazy\" title=\"HCD 2025\" width=\"500\" height=\"281\" src=\"https:\/\/www.youtube.com\/embed\/b1cxn1h3IIM?feature=oembed\" frameborder=\"0\" allow=\"accelerometer; autoplay; clipboard-write; encrypted-media; gyroscope; picture-in-picture; web-share\" referrerpolicy=\"strict-origin-when-cross-origin\" allowfullscreen><\/iframe>\n<\/div><\/figure>\n\n\n\n<p><strong>Sin embargo no estuvo exento de pol\u00e9mica, ya que al finalizar la Sesi\u00f3n el asesor de JXL pidi\u00f3 la palabra para informar que la C\u00e1mara enfrenta cuestionamientos en otras localidades, dichos reprobados por la concejal de Comunidad (Figueroa) por extempor\u00e1neos, ya que el lugar y momento no eran los correspondientes (eran en la Comisi\u00f3n y antes de la votaci\u00f3n).<\/strong><\/p>\n\n\n\n<div class=\"wp-block-file\"><a id=\"wp-block-file--media-3be4a3b8-c45d-4680-872e-a54a631576e1\" href=\"https:\/\/langtvvla.com.ar\/wp-content\/uploads\/2025\/05\/Ordenanza-N\u00b0-4248-Autorizar-al-Departamento-Ejecutivo-Municipal-a-Suscribir-el-Convenio-de-Cooperacion-en-Materia-de-Seguridad-Vial-y-Movilidad-Sustentable-entre-la-Municipalidad-d.docx\">Ordenanza-N\u00b0-4248-Autorizar-al-Departamento-Ejecutivo-Municipal-a-Suscribir-el-Convenio-de-Cooperacion-en-Materia-de-Seguridad-Vial-y-Movilidad-Sustentable-entre-la-Municipalidad-d<\/a><a href=\"https:\/\/langtvvla.com.ar\/wp-content\/uploads\/2025\/05\/Ordenanza-N\u00b0-4248-Autorizar-al-Departamento-Ejecutivo-Municipal-a-Suscribir-el-Convenio-de-Cooperacion-en-Materia-de-Seguridad-Vial-y-Movilidad-Sustentable-entre-la-Municipalidad-d.docx\" class=\"wp-block-file__button wp-element-button\" download aria-describedby=\"wp-block-file--media-3be4a3b8-c45d-4680-872e-a54a631576e1\">Descarga<\/a><\/div>\n\n\n\n<div class=\"wp-block-file\"><a id=\"wp-block-file--media-b4f14fde-745f-4672-82b4-cd6f0fc5f4f2\" href=\"https:\/\/langtvvla.com.ar\/wp-content\/uploads\/2025\/05\/Ordenanza-N\u00b0-4249-Aceptacion-del-Convenio-entre-el-Ente-Provincial-de-Energia-del-Neuquen-y-la-Municipalidad-de-Villa-La-Angostura-Autoriza-Excepcion-Contratacion-por-Concurso-de.docx\">Ordenanza-N\u00b0-4249-Aceptacion-del-Convenio-entre-el-Ente-Provincial-de-Energia-del-Neuquen-y-la-Municipalidad-de-Villa-La-Angostura-Autoriza-Excepcion-Contratacion-por-Concurso-de<\/a><a href=\"https:\/\/langtvvla.com.ar\/wp-content\/uploads\/2025\/05\/Ordenanza-N\u00b0-4249-Aceptacion-del-Convenio-entre-el-Ente-Provincial-de-Energia-del-Neuquen-y-la-Municipalidad-de-Villa-La-Angostura-Autoriza-Excepcion-Contratacion-por-Concurso-de.docx\" class=\"wp-block-file__button wp-element-button\" download aria-describedby=\"wp-block-file--media-b4f14fde-745f-4672-82b4-cd6f0fc5f4f2\">Descarga<\/a><\/div>\n\n\n\n<div class=\"wp-block-file\"><a id=\"wp-block-file--media-5c4af163-e393-4d10-b17a-aad00d886809\" href=\"https:\/\/langtvvla.com.ar\/wp-content\/uploads\/2025\/05\/Ordenanza-N\u00b0-4250-Declaracion-de-Obra-Publica-a-la-Red-Electrica-de-la-Planta-de-Tratamiento-de-Camiones-Atmosfericos-y-Aprobacion-de-Convenios-entre-la-Municipalidad-y-EPEN.-.docx\">Ordenanza-N\u00b0-4250-Declaracion-de-Obra-Publica-a-la-Red-Electrica-de-la-Planta-de-Tratamiento-de-Camiones-Atmosfericos-y-Aprobacion-de-Convenios-entre-la-Municipalidad-y-EPEN.-<\/a><a href=\"https:\/\/langtvvla.com.ar\/wp-content\/uploads\/2025\/05\/Ordenanza-N\u00b0-4250-Declaracion-de-Obra-Publica-a-la-Red-Electrica-de-la-Planta-de-Tratamiento-de-Camiones-Atmosfericos-y-Aprobacion-de-Convenios-entre-la-Municipalidad-y-EPEN.-.docx\" class=\"wp-block-file__button wp-element-button\" download aria-describedby=\"wp-block-file--media-5c4af163-e393-4d10-b17a-aad00d886809\">Descarga<\/a><\/div>\n\n\n\n<p><strong>Tambi\u00e9n se declar\u00f3 de inter\u00e9s la cena de los antiguos pobladores, organizada por Maria Andrade, con apoyo Municipal y de Provincia.<\/strong><\/p>\n\n\n\n<div class=\"wp-block-file\"><a id=\"wp-block-file--media-217222df-e09f-469f-8221-7016516e266e\" href=\"https:\/\/langtvvla.com.ar\/wp-content\/uploads\/2025\/05\/DECLA-N\u00b0-04-Declaracion-de-Interes-Municipal-a-la-Cena-de-los-Antiguos-Pobladores.-.doc\">DECLA-N\u00b0-04-Declaracion-de-Interes-Municipal-a-la-Cena-de-los-Antiguos-Pobladores.-<\/a><a href=\"https:\/\/langtvvla.com.ar\/wp-content\/uploads\/2025\/05\/DECLA-N\u00b0-04-Declaracion-de-Interes-Municipal-a-la-Cena-de-los-Antiguos-Pobladores.-.doc\" class=\"wp-block-file__button wp-element-button\" download aria-describedby=\"wp-block-file--media-217222df-e09f-469f-8221-7016516e266e\">Descarga<\/a><\/div>\n","protected":false},"excerpt":{"rendered":"<p>Este mi\u00e9rcoles 14 en una nueva Sesi\u00f3n el HCD aprob\u00f3 el convenio con EPEN para dar luz al Macrolote 6, el CET, Registro Civil, Casa de la Mujer y Planta de camiones atmosf\u00e9ricos. Otra aprobaci\u00f3n fue con CECAITRA, C\u00e1mara de Empresas de Control y Administracion de Infracciones de Transito de la Rep\u00fablica Argentina, que trae [&hellip;]<\/p>\n","protected":false},"author":1,"featured_media":6271,"comment_status":"open","ping_status":"open","sticky":false,"template":"","format":"standard","meta":{"footnotes":""},"categories":[28],"tags":[],"class_list":["post-7145","post","type-post","status-publish","format-standard","has-post-thumbnail","hentry","category-politica"],"_links":{"self":[{"href":"https:\/\/langtvvla.com.ar\/index.php\/wp-json\/wp\/v2\/posts\/7145","targetHints":{"allow":["GET"]}}],"collection":[{"href":"https:\/\/langtvvla.com.ar\/index.php\/wp-json\/wp\/v2\/posts"}],"about":[{"href":"https:\/\/langtvvla.com.ar\/index.php\/wp-json\/wp\/v2\/types\/post"}],"author":[{"embeddable":true,"href":"https:\/\/langtvvla.com.ar\/index.php\/wp-json\/wp\/v2\/users\/1"}],"replies":[{"embeddable":true,"href":"https:\/\/langtvvla.com.ar\/index.php\/wp-json\/wp\/v2\/comments?post=7145"}],"version-history":[{"count":4,"href":"https:\/\/langtvvla.com.ar\/index.php\/wp-json\/wp\/v2\/posts\/7145\/revisions"}],"predecessor-version":[{"id":7155,"href":"https:\/\/langtvvla.com.ar\/index.php\/wp-json\/wp\/v2\/posts\/7145\/revisions\/7155"}],"wp:featuredmedia":[{"embeddable":true,"href":"https:\/\/langtvvla.com.ar\/index.php\/wp-json\/wp\/v2\/media\/6271"}],"wp:attachment":[{"href":"https:\/\/langtvvla.com.ar\/index.php\/wp-json\/wp\/v2\/media?parent=7145"}],"wp:term":[{"taxonomy":"category","embeddable":true,"href":"https:\/\/langtvvla.com.ar\/index.php\/wp-json\/wp\/v2\/categories?post=7145"},{"taxonomy":"post_tag","embeddable":true,"href":"https:\/\/langtvvla.com.ar\/index.php\/wp-json\/wp\/v2\/tags?post=7145"}],"curies":[{"name":"wp","href":"https:\/\/api.w.org\/{rel}","templated":true}]}}