{"id":7221,"date":"2025-05-17T01:33:30","date_gmt":"2025-05-16T23:33:30","guid":{"rendered":"https:\/\/langtvvla.com.ar\/?p=7221"},"modified":"2025-05-17T02:28:16","modified_gmt":"2025-05-17T00:28:16","slug":"politica-10","status":"publish","type":"post","link":"https:\/\/langtvvla.com.ar\/index.php\/2025\/05\/17\/politica-10\/","title":{"rendered":"POLITICA: SOMOS UN GOBIERNO DE DIALOGO Y QUE ASPIRA A RESOLVER PROBLEMAS QUE VIENEN DE HACE A\u00d1OS (JOSE OUSSET)"},"content":{"rendered":"\n<figure class=\"wp-block-embed is-type-video is-provider-youtube wp-block-embed-youtube wp-embed-aspect-16-9 wp-has-aspect-ratio\"><div class=\"wp-block-embed__wrapper\">\n<iframe loading=\"lazy\" title=\"JOSE OUSSET 2025\" width=\"500\" height=\"281\" src=\"https:\/\/www.youtube.com\/embed\/rCYj5ZbHzFY?feature=oembed\" frameborder=\"0\" allow=\"accelerometer; autoplay; clipboard-write; encrypted-media; gyroscope; picture-in-picture; web-share\" referrerpolicy=\"strict-origin-when-cross-origin\" allowfullscreen><\/iframe>\n<\/div><\/figure>\n\n\n\n<p><strong>En el marco del 93 aniversario de Angostura, se dirigi\u00f3 al p\u00fablico el Jefe de Gabinete de Rolo Figueroa, Jos\u00e9 Ousset.<\/strong><\/p>\n\n\n\n<p><strong>El funcionario hizo un reconocimiento de algunas situaciones heredadas, como por ejemplo la problem\u00e1tica de las escuelas t\u00e9cnicas. <\/strong><\/p>\n\n\n\n<p><strong>En los \u00faltimos 10 a\u00f1os se construyeron s\u00f3lo 2, en poco m\u00e1s de 1 a\u00f1o la administraci\u00f3n Figueroa ha realizado 45mil mts cuadrados de obras.<\/strong><\/p>\n\n\n\n<figure class=\"wp-block-image size-full\"><img loading=\"lazy\" decoding=\"async\" width=\"1922\" height=\"2560\" src=\"https:\/\/langtvvla.com.ar\/wp-content\/uploads\/2025\/05\/106867m20-scaled.jpg\" alt=\"\" class=\"wp-image-7226\" srcset=\"https:\/\/langtvvla.com.ar\/wp-content\/uploads\/2025\/05\/106867m20-scaled.jpg 1922w, https:\/\/langtvvla.com.ar\/wp-content\/uploads\/2025\/05\/106867m20-225x300.jpg 225w, https:\/\/langtvvla.com.ar\/wp-content\/uploads\/2025\/05\/106867m20-769x1024.jpg 769w, https:\/\/langtvvla.com.ar\/wp-content\/uploads\/2025\/05\/106867m20-768x1023.jpg 768w, https:\/\/langtvvla.com.ar\/wp-content\/uploads\/2025\/05\/106867m20-1153x1536.jpg 1153w, https:\/\/langtvvla.com.ar\/wp-content\/uploads\/2025\/05\/106867m20-1538x2048.jpg 1538w\" sizes=\"auto, (max-width: 1922px) 100vw, 1922px\" \/><\/figure>\n\n\n\n<p><strong>Afirm\u00f3 que Neuqu\u00e9n no es una provincia \u00abrica\u00bb, s\u00ed posee recursos naturales importantes, la 2da reserva de gas no convencional mundial y 4ta de petr\u00f3leo, pero para hacerlo llegar a la poblaci\u00f3n hay que saber administrarlos.<\/strong><\/p>\n\n\n\n<p><strong>Otro caso es la vivienda, donde se hicieron planes provinciales por 60mil unidades y de los adjudicatarios apenas pagaron 11mil, es necesario terminar con las injusticias, los planes sociales que se pagaban a quienes viv\u00edan en el extranjero, tolerancia cero a funcionarios y empleados que se quedan con lo que no les corresponde o no trabajan, no m\u00e1s contratos para los amigos y dejar de hacer obras donde no son necesarias.<\/strong><\/p>\n\n\n\n<p><strong>Destac\u00f3 que Neuqu\u00e9n s\u00ed sancion\u00f3 una ley de Ficha Limpia y m\u00e1s exigente que la propuesta por el gobierno nacional<\/strong> <strong>y que se eliminaron las jubilaciones de privilegio para los pol\u00edticos.<\/strong><\/p>\n\n\n\n<p><strong>\u00abEste es el modelo neuquino, la Neuquinidad, ordenar para distribuir, no vamos a decir ni prometer lo que no haremos, la gente nos conf\u00edo el 16 de abril de 2023 el gobierno, en reemplazo de uno que llevaba 60 a\u00f1os en el poder, vamos a cumplir con el Plan de Gobierno, ese es el compromiso al asumir el gobierno Rolo\u00bb.<\/strong><\/p>\n\n\n\n<p><strong>Anunci\u00f3 3 obras en el 2026 para Angostura, escuelas, el centro de salud en Las Piedritas y c\u00e1maras de seguridad, donde pidi\u00f3 al HCD la Ordenanza para el tendido el\u00e9ctrico que las haga posible y cerr\u00f3 pidiendo confianza y que se acompa\u00f1e al Intendente Murer y al gobernador Figueroa.<\/strong><\/p>\n","protected":false},"excerpt":{"rendered":"<p>En el marco del 93 aniversario de Angostura, se dirigi\u00f3 al p\u00fablico el Jefe de Gabinete de Rolo Figueroa, Jos\u00e9 Ousset. El funcionario hizo un reconocimiento de algunas situaciones heredadas, como por ejemplo la problem\u00e1tica de las escuelas t\u00e9cnicas. En los \u00faltimos 10 a\u00f1os se construyeron s\u00f3lo 2, en poco m\u00e1s de 1 a\u00f1o la [&hellip;]<\/p>\n","protected":false},"author":1,"featured_media":7222,"comment_status":"open","ping_status":"open","sticky":false,"template":"","format":"standard","meta":{"footnotes":""},"categories":[28],"tags":[],"class_list":["post-7221","post","type-post","status-publish","format-standard","has-post-thumbnail","hentry","category-politica"],"_links":{"self":[{"href":"https:\/\/langtvvla.com.ar\/index.php\/wp-json\/wp\/v2\/posts\/7221","targetHints":{"allow":["GET"]}}],"collection":[{"href":"https:\/\/langtvvla.com.ar\/index.php\/wp-json\/wp\/v2\/posts"}],"about":[{"href":"https:\/\/langtvvla.com.ar\/index.php\/wp-json\/wp\/v2\/types\/post"}],"author":[{"embeddable":true,"href":"https:\/\/langtvvla.com.ar\/index.php\/wp-json\/wp\/v2\/users\/1"}],"replies":[{"embeddable":true,"href":"https:\/\/langtvvla.com.ar\/index.php\/wp-json\/wp\/v2\/comments?post=7221"}],"version-history":[{"count":8,"href":"https:\/\/langtvvla.com.ar\/index.php\/wp-json\/wp\/v2\/posts\/7221\/revisions"}],"predecessor-version":[{"id":7236,"href":"https:\/\/langtvvla.com.ar\/index.php\/wp-json\/wp\/v2\/posts\/7221\/revisions\/7236"}],"wp:featuredmedia":[{"embeddable":true,"href":"https:\/\/langtvvla.com.ar\/index.php\/wp-json\/wp\/v2\/media\/7222"}],"wp:attachment":[{"href":"https:\/\/langtvvla.com.ar\/index.php\/wp-json\/wp\/v2\/media?parent=7221"}],"wp:term":[{"taxonomy":"category","embeddable":true,"href":"https:\/\/langtvvla.com.ar\/index.php\/wp-json\/wp\/v2\/categories?post=7221"},{"taxonomy":"post_tag","embeddable":true,"href":"https:\/\/langtvvla.com.ar\/index.php\/wp-json\/wp\/v2\/tags?post=7221"}],"curies":[{"name":"wp","href":"https:\/\/api.w.org\/{rel}","templated":true}]}}