{"id":7297,"date":"2025-05-23T02:50:32","date_gmt":"2025-05-23T00:50:32","guid":{"rendered":"https:\/\/langtvvla.com.ar\/?p=7297"},"modified":"2025-05-23T03:23:24","modified_gmt":"2025-05-23T01:23:24","slug":"deportes-exitoso-arranque-del-4to-torneo-internacional-de-ajedrez","status":"publish","type":"post","link":"https:\/\/langtvvla.com.ar\/index.php\/2025\/05\/23\/deportes-exitoso-arranque-del-4to-torneo-internacional-de-ajedrez\/","title":{"rendered":"DEPORTES: EXITOSO ARRANQUE DEL 4TO TORNEO INTERNACIONAL DE AJEDREZ"},"content":{"rendered":"\n<figure class=\"wp-block-embed is-type-video is-provider-youtube wp-block-embed-youtube wp-embed-aspect-16-9 wp-has-aspect-ratio\"><div class=\"wp-block-embed__wrapper\">\n<iframe loading=\"lazy\" title=\"4TO TORNEO INTERNACIONAL DE AJEDREZ ANGOSTURA 2025\" width=\"500\" height=\"281\" src=\"https:\/\/www.youtube.com\/embed\/-4eBKcilrps?feature=oembed\" frameborder=\"0\" allow=\"accelerometer; autoplay; clipboard-write; encrypted-media; gyroscope; picture-in-picture; web-share\" referrerpolicy=\"strict-origin-when-cross-origin\" allowfullscreen><\/iframe>\n<\/div><\/figure>\n\n\n\n<p><strong>Este jueves 22 dio inicio en el Centro de Convenciones el 4to Torneo Internacional de Ajedrez.<\/strong><\/p>\n\n\n\n<figure class=\"wp-block-image size-large\"><img loading=\"lazy\" decoding=\"async\" width=\"1024\" height=\"768\" src=\"https:\/\/langtvvla.com.ar\/wp-content\/uploads\/2025\/05\/8-1024x768.jpg\" alt=\"\" class=\"wp-image-7301\" srcset=\"https:\/\/langtvvla.com.ar\/wp-content\/uploads\/2025\/05\/8-1024x768.jpg 1024w, https:\/\/langtvvla.com.ar\/wp-content\/uploads\/2025\/05\/8-300x225.jpg 300w, https:\/\/langtvvla.com.ar\/wp-content\/uploads\/2025\/05\/8-768x576.jpg 768w, https:\/\/langtvvla.com.ar\/wp-content\/uploads\/2025\/05\/8-1536x1152.jpg 1536w, https:\/\/langtvvla.com.ar\/wp-content\/uploads\/2025\/05\/8-2048x1536.jpg 2048w\" sizes=\"auto, (max-width: 1024px) 100vw, 1024px\" \/><\/figure>\n\n\n\n<p><strong>Cont\u00f3 con la presencia de la Vice Intendenta Tamara Martinez, la Secretaria de Cultura Nana Molina y la concejal de Comunidad Noelia Figueroa. <\/strong><\/p>\n\n\n\n<p><strong>El organizador, Gabriel Dell Acqua, se mostr\u00f3 satisfecho y entusiasmado por la convocatoria, m\u00e1s de medio centenar de participaci\u00f3n testigo, muchos venidos de lejos, como Neuqu\u00e9n capital y de Chile.<\/strong><\/p>\n\n\n\n<figure class=\"wp-block-image size-large\"><img loading=\"lazy\" decoding=\"async\" width=\"1024\" height=\"768\" src=\"https:\/\/langtvvla.com.ar\/wp-content\/uploads\/2025\/05\/11-1024x768.jpg\" alt=\"\" class=\"wp-image-7302\" srcset=\"https:\/\/langtvvla.com.ar\/wp-content\/uploads\/2025\/05\/11-1024x768.jpg 1024w, https:\/\/langtvvla.com.ar\/wp-content\/uploads\/2025\/05\/11-300x225.jpg 300w, https:\/\/langtvvla.com.ar\/wp-content\/uploads\/2025\/05\/11-768x576.jpg 768w, https:\/\/langtvvla.com.ar\/wp-content\/uploads\/2025\/05\/11-1536x1152.jpg 1536w, https:\/\/langtvvla.com.ar\/wp-content\/uploads\/2025\/05\/11-2048x1536.jpg 2048w\" sizes=\"auto, (max-width: 1024px) 100vw, 1024px\" \/><\/figure>\n\n\n\n<p><strong>Es a 7 rondas, sistema suizo, de 60 minutos + 30 segundos y para jugadores de menos 2400 IRT (International Rat\u00f3n Tournament).<\/strong><\/p>\n\n\n\n<p><strong>Son&nbsp;torneos donde los jugadores pueden obtener o incrementar su Elo, (registro de la fuerza controlado por la Federaci\u00f3n Internacional de ajedrez FIDE), termina el domingo 25.<\/strong><\/p>\n\n\n\n<figure class=\"wp-block-image size-large\"><img loading=\"lazy\" decoding=\"async\" width=\"768\" height=\"1024\" src=\"https:\/\/langtvvla.com.ar\/wp-content\/uploads\/2025\/05\/10-768x1024.jpg\" alt=\"\" class=\"wp-image-7306\" srcset=\"https:\/\/langtvvla.com.ar\/wp-content\/uploads\/2025\/05\/10-768x1024.jpg 768w, https:\/\/langtvvla.com.ar\/wp-content\/uploads\/2025\/05\/10-225x300.jpg 225w, https:\/\/langtvvla.com.ar\/wp-content\/uploads\/2025\/05\/10-1152x1536.jpg 1152w, https:\/\/langtvvla.com.ar\/wp-content\/uploads\/2025\/05\/10-1536x2048.jpg 1536w, https:\/\/langtvvla.com.ar\/wp-content\/uploads\/2025\/05\/10-scaled.jpg 1920w\" sizes=\"auto, (max-width: 768px) 100vw, 768px\" \/><\/figure>\n","protected":false},"excerpt":{"rendered":"<p>Este jueves 22 dio inicio en el Centro de Convenciones el 4to Torneo Internacional de Ajedrez. Cont\u00f3 con la presencia de la Vice Intendenta Tamara Martinez, la Secretaria de Cultura Nana Molina y la concejal de Comunidad Noelia Figueroa. El organizador, Gabriel Dell Acqua, se mostr\u00f3 satisfecho y entusiasmado por la convocatoria, m\u00e1s de medio [&hellip;]<\/p>\n","protected":false},"author":1,"featured_media":7298,"comment_status":"open","ping_status":"open","sticky":false,"template":"","format":"standard","meta":{"footnotes":""},"categories":[18],"tags":[],"class_list":["post-7297","post","type-post","status-publish","format-standard","has-post-thumbnail","hentry","category-deportes"],"_links":{"self":[{"href":"https:\/\/langtvvla.com.ar\/index.php\/wp-json\/wp\/v2\/posts\/7297","targetHints":{"allow":["GET"]}}],"collection":[{"href":"https:\/\/langtvvla.com.ar\/index.php\/wp-json\/wp\/v2\/posts"}],"about":[{"href":"https:\/\/langtvvla.com.ar\/index.php\/wp-json\/wp\/v2\/types\/post"}],"author":[{"embeddable":true,"href":"https:\/\/langtvvla.com.ar\/index.php\/wp-json\/wp\/v2\/users\/1"}],"replies":[{"embeddable":true,"href":"https:\/\/langtvvla.com.ar\/index.php\/wp-json\/wp\/v2\/comments?post=7297"}],"version-history":[{"count":5,"href":"https:\/\/langtvvla.com.ar\/index.php\/wp-json\/wp\/v2\/posts\/7297\/revisions"}],"predecessor-version":[{"id":7308,"href":"https:\/\/langtvvla.com.ar\/index.php\/wp-json\/wp\/v2\/posts\/7297\/revisions\/7308"}],"wp:featuredmedia":[{"embeddable":true,"href":"https:\/\/langtvvla.com.ar\/index.php\/wp-json\/wp\/v2\/media\/7298"}],"wp:attachment":[{"href":"https:\/\/langtvvla.com.ar\/index.php\/wp-json\/wp\/v2\/media?parent=7297"}],"wp:term":[{"taxonomy":"category","embeddable":true,"href":"https:\/\/langtvvla.com.ar\/index.php\/wp-json\/wp\/v2\/categories?post=7297"},{"taxonomy":"post_tag","embeddable":true,"href":"https:\/\/langtvvla.com.ar\/index.php\/wp-json\/wp\/v2\/tags?post=7297"}],"curies":[{"name":"wp","href":"https:\/\/api.w.org\/{rel}","templated":true}]}}