{"id":7402,"date":"2025-06-03T22:06:16","date_gmt":"2025-06-03T20:06:16","guid":{"rendered":"https:\/\/langtvvla.com.ar\/?p=7402"},"modified":"2025-06-03T22:47:12","modified_gmt":"2025-06-03T20:47:12","slug":"politica-no-fue-milei-rolo-figueroa-hizo-implosionar-al-pro","status":"publish","type":"post","link":"https:\/\/langtvvla.com.ar\/index.php\/2025\/06\/03\/politica-no-fue-milei-rolo-figueroa-hizo-implosionar-al-pro\/","title":{"rendered":"POLITICA: NO FUE MILEI, ROLO FIGUEROA HIZO IMPLOSIONAR AL PRO"},"content":{"rendered":"\n<p><strong>Este fin de mayo ser\u00e1 recordado por marcar un antes y despu\u00e9s en la pol\u00edtica angosturense, en especial para el espacio de la \u00abderecha\u00bb. Sucede que el s\u00e1bado 31 se llev\u00f3 a cabo el acto de defunci\u00f3n del PRO, al menos lo viven as\u00ed desde nuestra localidad.<\/strong><\/p>\n\n\n\n<p><strong><mark style=\"background-color:rgba(0, 0, 0, 0);color:#f10909\" class=\"has-inline-color\">LA CERVI-CAL DEL PRO NO SE DOBLA, SE PARTE<\/mark><\/strong><\/p>\n\n\n\n<p><strong>Es que se realiz\u00f3 en la capital neuquina la renovaci\u00f3n de autoridades del PRO Neuqu\u00e9n, y las elegidas (de la misma tendencia), decidieron seguir acompa\u00f1ando al gobernador y (re)posicionarse para las elecciones legislativas de octubre, lo cual no fue compartido por los representantes del PRO angosturense, en forma ni espiritu.<\/strong><\/p>\n\n\n\n<figure class=\"wp-block-image size-full\"><img loading=\"lazy\" decoding=\"async\" width=\"500\" height=\"333\" src=\"https:\/\/langtvvla.com.ar\/wp-content\/uploads\/2025\/06\/f500x333-631672_655475_5050.webp\" alt=\"\" class=\"wp-image-7403\" srcset=\"https:\/\/langtvvla.com.ar\/wp-content\/uploads\/2025\/06\/f500x333-631672_655475_5050.webp 500w, https:\/\/langtvvla.com.ar\/wp-content\/uploads\/2025\/06\/f500x333-631672_655475_5050-300x200.webp 300w\" sizes=\"auto, (max-width: 500px) 100vw, 500px\" \/><\/figure>\n\n\n\n<p><strong>Esta disyuntiva local vs provincial del PRO tiene su historia. Empez\u00f3 all\u00e1 por el 2022, cuando hab\u00eda que definir candidaturas a gobernador, y a nivel nacional Mauricio Macri se inclin\u00f3 por la coalici\u00f3n que estaba armando Rolo Figueroa y no por el radical Pablo Cervi, a quien impulsaba JxC.<\/strong><\/p>\n\n\n\n<p><strong>Sin embargo el ex presidente ya era un habitu\u00e9 de estos manejos discrecionales. En 2019 jugaba a dos puntas, apoyando a Pechi Quiroga, pero coqueteando con el MPN Omar Gutierrez, que buscaba la reelecci\u00f3n y en R\u00edo Negro suced\u00eda algo similar, en esto de ver a quien respaldar.<\/strong><\/p>\n\n\n\n<p><strong>Y lo mismo se repetir\u00eda con la candidatura de Milei, respaldada por Macri, sin consultar al resto de JxC, algo que Cervi critic\u00f3 p\u00fablicamente. <\/strong><\/p>\n\n\n\n<figure class=\"wp-block-image size-full\"><img loading=\"lazy\" decoding=\"async\" width=\"226\" height=\"142\" src=\"https:\/\/langtvvla.com.ar\/wp-content\/uploads\/2025\/06\/images-1-6.jpeg\" alt=\"\" class=\"wp-image-7414\"\/><\/figure>\n\n\n\n<p><strong>Estas cuestiones ten\u00edan su correlato municipal, es que en 2023 para el HCD el PRO neuquino se coloc\u00f3 tras la candidatura del abogado Hector Venica, de NCN (Nuevo Compromiso Neuquino) y no de Jos\u00e9 Dino, del PRO de Angostura.<\/strong><\/p>\n\n\n\n<p><strong><mark style=\"background-color:rgba(0, 0, 0, 0);color:#f10909\" class=\"has-inline-color\">NUEVOS PRO-YECTOS POLITICOS?<\/mark><\/strong><\/p>\n\n\n\n<p><strong>Con la elecci\u00f3n de Leticia Esteves (actual Secretaria de Ambiente) como Presidenta del Consejo Directivo del PRO Neuqu\u00e9n, qued\u00f3 claro donde estar\u00e1n parados quienes siguen, todav\u00eda, a Macri en Neuqu\u00e9n.<\/strong><\/p>\n\n\n\n<p><strong>A diferencia del 2023 ya no habr\u00e1 lista de diputados PRO, para octubre 2025 se integrar\u00e1n en la fila de Neuquinizate, es decir, ahora son oficialistas \u00abpuros\u00bb, una de cuyas referentes en el Congreso de Neuqu\u00e9n es la angosturense Ver\u00f3nica Lichter, que asumi\u00f3 al irse Esteves como funcionaria de Figueroa.<\/strong><\/p>\n\n\n\n<figure class=\"wp-block-image size-full\"><img loading=\"lazy\" decoding=\"async\" width=\"305\" height=\"165\" src=\"https:\/\/langtvvla.com.ar\/wp-content\/uploads\/2025\/06\/images-1-3.jpeg\" alt=\"\" class=\"wp-image-7407\" srcset=\"https:\/\/langtvvla.com.ar\/wp-content\/uploads\/2025\/06\/images-1-3.jpeg 305w, https:\/\/langtvvla.com.ar\/wp-content\/uploads\/2025\/06\/images-1-3-300x162.jpeg 300w\" sizes=\"auto, (max-width: 305px) 100vw, 305px\" \/><\/figure>\n\n\n\n<div class=\"wp-block-file\"><a id=\"wp-block-file--media-93c51a01-2aaf-405d-b178-03bc3c8fe854\" href=\"https:\/\/langtvvla.com.ar\/wp-content\/uploads\/2025\/06\/Nota-pro.docx\">Nota-pro<\/a><a href=\"https:\/\/langtvvla.com.ar\/wp-content\/uploads\/2025\/06\/Nota-pro.docx\" class=\"wp-block-file__button wp-element-button\" download aria-describedby=\"wp-block-file--media-93c51a01-2aaf-405d-b178-03bc3c8fe854\">Descarga<\/a><\/div>\n\n\n\n<p><strong>En consecuencia, lo que ocasion\u00f3 (y ocasiona) la irrupci\u00f3n del Presidente Milei en el pa\u00eds lo ha causado Rolo en la provincia, ya que el Presidente del PRO-VLA Jos\u00e9 Dino y la Junta, emitieron un comunicado rechazando estas decisiones, denunciandolas  y renunciando al PRO.<\/strong><\/p>\n\n\n\n<p><strong>Esta medida, extrema, pero quiz\u00e1s ineludible, abre el \u00abjuego\u00bb pol\u00edtico local. Por un lado una parte de los dirigentes decidi\u00f3 irse a LLA, otra no tiene claro que camino tomar y un resto quiz\u00e1s encare nuevos proyectos.<\/strong><\/p>\n\n\n\n<p><strong>Habr\u00e1 que ver c\u00f3mo se conformar\u00e1n estos espacios, del macrismo local el \u00fanico souvenir sobreviviente es la casita en Cumelen.<\/strong><\/p>\n\n\n\n<figure class=\"wp-block-image size-large\"><img loading=\"lazy\" decoding=\"async\" width=\"1024\" height=\"576\" src=\"https:\/\/langtvvla.com.ar\/wp-content\/uploads\/2025\/06\/asi-es-la-mansion-mauricio-macri-villa-la-angosturajpg-1024x576.jpg\" alt=\"\" class=\"wp-image-7411\" srcset=\"https:\/\/langtvvla.com.ar\/wp-content\/uploads\/2025\/06\/asi-es-la-mansion-mauricio-macri-villa-la-angosturajpg-1024x576.jpg 1024w, https:\/\/langtvvla.com.ar\/wp-content\/uploads\/2025\/06\/asi-es-la-mansion-mauricio-macri-villa-la-angosturajpg-300x169.jpg 300w, https:\/\/langtvvla.com.ar\/wp-content\/uploads\/2025\/06\/asi-es-la-mansion-mauricio-macri-villa-la-angosturajpg-768x432.jpg 768w, https:\/\/langtvvla.com.ar\/wp-content\/uploads\/2025\/06\/asi-es-la-mansion-mauricio-macri-villa-la-angosturajpg.jpg 1200w\" sizes=\"auto, (max-width: 1024px) 100vw, 1024px\" \/><\/figure>\n\n\n\n<p><strong>CREDITO FOTOS WEB<\/strong><\/p>\n\n\n\n<p><\/p>\n","protected":false},"excerpt":{"rendered":"<p>Este fin de mayo ser\u00e1 recordado por marcar un antes y despu\u00e9s en la pol\u00edtica angosturense, en especial para el espacio de la \u00abderecha\u00bb. Sucede que el s\u00e1bado 31 se llev\u00f3 a cabo el acto de defunci\u00f3n del PRO, al menos lo viven as\u00ed desde nuestra localidad. LA CERVI-CAL DEL PRO NO SE DOBLA, SE [&hellip;]<\/p>\n","protected":false},"author":1,"featured_media":7405,"comment_status":"open","ping_status":"open","sticky":false,"template":"","format":"standard","meta":{"footnotes":""},"categories":[28],"tags":[],"class_list":["post-7402","post","type-post","status-publish","format-standard","has-post-thumbnail","hentry","category-politica"],"_links":{"self":[{"href":"https:\/\/langtvvla.com.ar\/index.php\/wp-json\/wp\/v2\/posts\/7402","targetHints":{"allow":["GET"]}}],"collection":[{"href":"https:\/\/langtvvla.com.ar\/index.php\/wp-json\/wp\/v2\/posts"}],"about":[{"href":"https:\/\/langtvvla.com.ar\/index.php\/wp-json\/wp\/v2\/types\/post"}],"author":[{"embeddable":true,"href":"https:\/\/langtvvla.com.ar\/index.php\/wp-json\/wp\/v2\/users\/1"}],"replies":[{"embeddable":true,"href":"https:\/\/langtvvla.com.ar\/index.php\/wp-json\/wp\/v2\/comments?post=7402"}],"version-history":[{"count":6,"href":"https:\/\/langtvvla.com.ar\/index.php\/wp-json\/wp\/v2\/posts\/7402\/revisions"}],"predecessor-version":[{"id":7418,"href":"https:\/\/langtvvla.com.ar\/index.php\/wp-json\/wp\/v2\/posts\/7402\/revisions\/7418"}],"wp:featuredmedia":[{"embeddable":true,"href":"https:\/\/langtvvla.com.ar\/index.php\/wp-json\/wp\/v2\/media\/7405"}],"wp:attachment":[{"href":"https:\/\/langtvvla.com.ar\/index.php\/wp-json\/wp\/v2\/media?parent=7402"}],"wp:term":[{"taxonomy":"category","embeddable":true,"href":"https:\/\/langtvvla.com.ar\/index.php\/wp-json\/wp\/v2\/categories?post=7402"},{"taxonomy":"post_tag","embeddable":true,"href":"https:\/\/langtvvla.com.ar\/index.php\/wp-json\/wp\/v2\/tags?post=7402"}],"curies":[{"name":"wp","href":"https:\/\/api.w.org\/{rel}","templated":true}]}}