{"id":7523,"date":"2025-06-10T19:38:13","date_gmt":"2025-06-10T17:38:13","guid":{"rendered":"https:\/\/langtvvla.com.ar\/?p=7523"},"modified":"2025-06-10T20:40:23","modified_gmt":"2025-06-10T18:40:23","slug":"deportes-salinas-2do-en-comallo-y-escolta-en-el-campeonato","status":"publish","type":"post","link":"https:\/\/langtvvla.com.ar\/index.php\/2025\/06\/10\/deportes-salinas-2do-en-comallo-y-escolta-en-el-campeonato\/","title":{"rendered":"DEPORTES: SALINAS, 2DO EN COMALLO Y ESCOLTA EN EL CAMPEONATO"},"content":{"rendered":"\n<p><strong>Este fin de semana se corri\u00f3 la 3ra fecha del Enduro Cordillerano, el lugar fue Comallo, una pista dif\u00edcil en general para los angosturenses.<\/strong><\/p>\n\n\n\n<p><strong>Sin embargo nuestra localidad cuenta con \u00abespecislistas\u00bb en dicho circuito, uno de ellos es el joven Luciano Salinas, que nuevamente volvi\u00f3 a brillar y finaliz\u00f3 2do, al igual que el a\u00f1o pasado, en Senior.<\/strong><\/p>\n\n\n\n<p><strong>El ganador fue Ariel Keller, de El Bols\u00f3n, que para 4 vueltas hizo 1:50:09, sacandole casi 3 minutos de ventaja a \u00abLucky\u00bb.<\/strong><\/p>\n\n\n\n<p><strong>En tanto Amadeo Detry Smith, quien ven\u00eda progresando a\u00f1o tras a\u00f1o, esta vez sufri\u00f3 inconvenientes y s\u00f3lo gir\u00f3 2 vueltas, quedando 9no, sus tiempos lo ubicaban entre 1:30 y +2 minutos de la punta.<\/strong><\/p>\n\n\n\n<p><strong>El campeonato es un apasionante cabeza a cabeza entre Keller 79 puntos y Salinas, 77.<\/strong><\/p>\n\n\n\n<p><strong><mark style=\"background-color:rgba(0, 0, 0, 0);color:#f90606\" class=\"has-inline-color\">LOS ANGOSTURENSES, SUBAS Y BAJAS<\/mark><\/strong><\/p>\n\n\n\n<p><strong>En Master 2 se vi\u00f3 la mayor presencia de angosturenses, 5, pero salvo Matias Ortes (6to a 8 minutos del ganador, Matias Koszutski, de Bariloche, que hizo 1:31:36 en 3 vueltas) el resto termin\u00f3 muy lejos.<\/strong><\/p>\n\n\n\n<p><strong>El 10mo fue para Maxi Aguirre (a 10 minutos), 17mo Emilio Barbagelata (a 13 minutos), 22do Leo Martino (a 17 minutos) y 24to Alejandro Olivieri (a 26 minutos).<\/strong><\/p>\n\n\n\n<p><strong>En esta apasionante categor\u00eda la punta, por ahora, es de Antolin Parera de Lago Puelo, con 67, lo siguen muy cerca Granja y Koszutski (60), Faifer (56) y cierra el top Five Faisca (53).<\/strong><\/p>\n\n\n\n<p><strong>En Master Promo gan\u00f3 el local Jairo Britos, en tanto el angosturense Gast\u00f3n Carballo no pudo ser de la partida por una cuesti\u00f3n \u00abt\u00e9cnica \u00bb (no avis\u00f3 a la organizaci\u00f3n que en las pruebas del s\u00e1bado hab\u00eda abandonado).<\/strong><\/p>\n\n\n\n<p><strong>En Promo A triunf\u00f3 el chileno Santiago Diaz, tiempo de 1:42:44 en 3 vueltas, con un gran 2do lugar de nuestro Gonzalo Raigoso, a 4 minutos, otro meritorio 4to para Ignacio Heredia (a 15 minutos) y cerrando las participaciones VLA, un 7mo puesto para Santi Irizar (a 20 minutos).<\/strong><\/p>\n\n\n\n<p><strong>El chileno Diaz l\u00edder absoluto con 87, seguido por Huinca con 50.<\/strong><\/p>\n\n\n\n<p><strong>La pr\u00f3xima,  Esquel, fecha a determinar.<\/strong><\/p>\n\n\n\n<p><strong>CREDITO FOTO REDES<\/strong><\/p>\n","protected":false},"excerpt":{"rendered":"<p>Este fin de semana se corri\u00f3 la 3ra fecha del Enduro Cordillerano, el lugar fue Comallo, una pista dif\u00edcil en general para los angosturenses. Sin embargo nuestra localidad cuenta con \u00abespecislistas\u00bb en dicho circuito, uno de ellos es el joven Luciano Salinas, que nuevamente volvi\u00f3 a brillar y finaliz\u00f3 2do, al igual que el a\u00f1o [&hellip;]<\/p>\n","protected":false},"author":1,"featured_media":7524,"comment_status":"open","ping_status":"open","sticky":false,"template":"","format":"standard","meta":{"footnotes":""},"categories":[18],"tags":[],"class_list":["post-7523","post","type-post","status-publish","format-standard","has-post-thumbnail","hentry","category-deportes"],"_links":{"self":[{"href":"https:\/\/langtvvla.com.ar\/index.php\/wp-json\/wp\/v2\/posts\/7523","targetHints":{"allow":["GET"]}}],"collection":[{"href":"https:\/\/langtvvla.com.ar\/index.php\/wp-json\/wp\/v2\/posts"}],"about":[{"href":"https:\/\/langtvvla.com.ar\/index.php\/wp-json\/wp\/v2\/types\/post"}],"author":[{"embeddable":true,"href":"https:\/\/langtvvla.com.ar\/index.php\/wp-json\/wp\/v2\/users\/1"}],"replies":[{"embeddable":true,"href":"https:\/\/langtvvla.com.ar\/index.php\/wp-json\/wp\/v2\/comments?post=7523"}],"version-history":[{"count":3,"href":"https:\/\/langtvvla.com.ar\/index.php\/wp-json\/wp\/v2\/posts\/7523\/revisions"}],"predecessor-version":[{"id":7527,"href":"https:\/\/langtvvla.com.ar\/index.php\/wp-json\/wp\/v2\/posts\/7523\/revisions\/7527"}],"wp:featuredmedia":[{"embeddable":true,"href":"https:\/\/langtvvla.com.ar\/index.php\/wp-json\/wp\/v2\/media\/7524"}],"wp:attachment":[{"href":"https:\/\/langtvvla.com.ar\/index.php\/wp-json\/wp\/v2\/media?parent=7523"}],"wp:term":[{"taxonomy":"category","embeddable":true,"href":"https:\/\/langtvvla.com.ar\/index.php\/wp-json\/wp\/v2\/categories?post=7523"},{"taxonomy":"post_tag","embeddable":true,"href":"https:\/\/langtvvla.com.ar\/index.php\/wp-json\/wp\/v2\/tags?post=7523"}],"curies":[{"name":"wp","href":"https:\/\/api.w.org\/{rel}","templated":true}]}}