{"id":7531,"date":"2025-06-11T19:10:10","date_gmt":"2025-06-11T17:10:10","guid":{"rendered":"https:\/\/langtvvla.com.ar\/?p=7531"},"modified":"2025-06-11T22:32:03","modified_gmt":"2025-06-11T20:32:03","slug":"medios-los-diarios-patagonicos-y-la-condena-a-cfk","status":"publish","type":"post","link":"https:\/\/langtvvla.com.ar\/index.php\/2025\/06\/11\/medios-los-diarios-patagonicos-y-la-condena-a-cfk\/","title":{"rendered":"MEDIOS: LOS DIARIOS PATAGONICOS Y LA CONDENA A CFK"},"content":{"rendered":"\n<p><strong>Este martes 10 se conoci\u00f3 la confirmaci\u00f3n de la condena a 6 a\u00f1os de prisi\u00f3n a la ex presidente Cristina Fern\u00e1ndez de Kirchner, por parte de la CSJ, por la causa Vialidad.<\/strong><\/p>\n\n\n\n<p><strong>La condena no s\u00f3lo lleva una pena de prisi\u00f3n, que su abogado pedir\u00e1 sea domiciliaria ya que rige ese beneficio para mayores de 70 y ella tiene 72, sino que adem\u00e1s incluye la inhabilitacion de ejercer cargos p\u00fablicos, por lo cual su candidatura como diputada por la pcia. de Bs.As. el 26 de octubre, no ser\u00e1 posible.<\/strong><\/p>\n\n\n\n<p><strong>Desde LANG TV decidimos ofrecerles un muestreo de c\u00f3mo los diarios reflejaron la noticia, el mi\u00e9rcoles 11, para ello seleccionamos 8 diarios patagonicos, R\u00edo Negro (de RN), El Chubut (Chubut), Cr\u00f3nica (Chubut), La Opini\u00f3n Austral (Santa Cruz), Tiempo Sur (Santa Cruz), Provincia23 (Tierra del Fuego), El Sure\u00f1o (Tierra del Fuego) y El Diario del Fin del Mundo (Tierra del Fuego).<\/strong><\/p>\n\n\n\n<p><strong>Los diarios de Santa Cruz fueron los m\u00e1s expl\u00edcitos e incluyeron la palabra \u00abpresa\u00bb en el titulado, el resto se refiri\u00f3 a \u00abcondena\u00bb y los m\u00e1s afines al peronismo resaltaron la imposibilidad de su candidatura.<\/strong><\/p>\n\n\n\n<figure class=\"wp-block-image size-full\"><img loading=\"lazy\" decoding=\"async\" width=\"493\" height=\"678\" src=\"https:\/\/langtvvla.com.ar\/wp-content\/uploads\/2025\/06\/FB_IMG_1749660128979.jpg\" alt=\"\" class=\"wp-image-7569\" srcset=\"https:\/\/langtvvla.com.ar\/wp-content\/uploads\/2025\/06\/FB_IMG_1749660128979.jpg 493w, https:\/\/langtvvla.com.ar\/wp-content\/uploads\/2025\/06\/FB_IMG_1749660128979-218x300.jpg 218w\" sizes=\"auto, (max-width: 493px) 100vw, 493px\" \/><\/figure>\n\n\n\n<p><strong><mark style=\"background-color:rgba(0, 0, 0, 0);color:#f10404\" class=\"has-inline-color\">LOS INICIOS DE LA CAUSA<\/mark><\/strong> <\/p>\n\n\n\n<p><strong>Recordemos que la causa Grupo Austral o Vialidad trata sobre denuncias por abusos de autoridad, violaci\u00f3n de los deberes de funcionario p\u00fablico y enriquecimiento il\u00edcito, durante los gobiernos kirchneristas.<\/strong><\/p>\n\n\n\n<p><strong>Todo empez\u00f3 en noviembre de 2008, cuando la entonces l\u00edder de la Coalici\u00f3n C\u00edvica, Elisa Carrio, present\u00f3 una denuncia contra el ex presidente N\u00e9stor Kirchner por asociaci\u00f3n il\u00edcita, fraude a la administraci\u00f3n p\u00fablica, abuso de autoridad, violaci\u00f3n de los deberes de funcionario p\u00fablico y negociaciones incompatibles con el ejercicio de la funci\u00f3n p\u00fablica, en un escrito de 100 p\u00e1ginas donde reuni\u00f3 todas las denuncias que hizo contra \u00e9l en los \u00faltimos cinco a\u00f1os.<\/strong><\/p>\n\n\n\n<p><strong>Alli afirm\u00f3 que la totalidad de las obras viales que adjudic\u00f3 el Gobierno estaban concentradas en 7 empresas ligadas a Kirchner (Gotti, Petersen, Thiele y Cruz, Kank y Costilla, Contrera Hermanos, Equimac y Esuco).<\/strong><\/p>\n\n\n\n<p><strong>Los empresarios supuestamente se alternaban en la contrataci\u00f3n de obras p\u00fablicas y usaban facturas truchas para esconder el pago de coimas, adem\u00e1s acus\u00f3 a Kirchner de beneficiar a B\u00e1ez con contrataciones por $3500 millones de pesos cuando eran socios comerciales y present\u00f3 un acta de 2005 de Austral Construcciones, en la que crea un fideicomiso para construir diez viviendas en un terreno del ex presidente, por $700 mil.<\/strong><\/p>\n\n\n\n<figure class=\"wp-block-image size-full\"><img loading=\"lazy\" decoding=\"async\" width=\"748\" height=\"1024\" src=\"https:\/\/langtvvla.com.ar\/wp-content\/uploads\/2025\/06\/6893-748x1024-1.jpg\" alt=\"\" class=\"wp-image-7570\" srcset=\"https:\/\/langtvvla.com.ar\/wp-content\/uploads\/2025\/06\/6893-748x1024-1.jpg 748w, https:\/\/langtvvla.com.ar\/wp-content\/uploads\/2025\/06\/6893-748x1024-1-219x300.jpg 219w\" sizes=\"auto, (max-width: 748px) 100vw, 748px\" \/><\/figure>\n\n\n\n<p><strong><mark style=\"background-color:rgba(0, 0, 0, 0);color:#f20808\" class=\"has-inline-color\">LOS CAMBIOS POLITICOS Y SU INFLUENCIA<\/mark><\/strong><\/p>\n\n\n\n<p><strong>Luego de la victoria de Mauricio Macri y su llegada a la presidencia de Argentina, la causa tom\u00f3 impulso, a partir de un informe de Vialidad Nacional, donde su Director, Javier Iguacel, volvi\u00f3 a presentar una denuncia.<\/strong><\/p>\n\n\n\n<p><strong>En diciembre 2016 el juez Julian Ercolini decidi\u00f3 procesar a Cristina y funcionarios (al ex Ministro de Planificaci\u00f3n Federal&nbsp;Julio De Vido, al ex Secretario de Obras P\u00fablicas&nbsp;Jos\u00e9 L\u00f3pez, al ex Subsecretario de Coordinaci\u00f3n de Obra P\u00fablica Federal Carlos Kirchner y al ex titular de la Direcci\u00f3n Nacional de Vialidad, Nelson Periotti), por considerarlos prima facie coautores de los delitos de asociaci\u00f3n il\u00edcita y administraci\u00f3n fraudulenta agravada y orden\u00f3 un embargo sobre los bienes de cada unx por 10.000 millones de pesos.<\/strong><\/p>\n\n\n\n<p><strong>Por el delito de administraci\u00f3n fraudulenta agravada, en grado de part\u00edcipes necesarios, proces\u00f3 a los ex funcionarios de Vialidad Nacional, Ra\u00fal Daruich, H\u00e9ctor Garro, Ra\u00fal Pavesi, Mauricio Collareda, Jos\u00e9 Santib\u00e1\u00f1ez, y Juan Villafa\u00f1e con embargo por 2.500 millones de pesos para todos.<\/strong><\/p>\n\n\n\n<p><strong>A Baez se le imput\u00f3 ser participe necesario y tambi\u00e9n se le impuso un embargo de $10.000 millones<\/strong><\/p>\n\n\n\n<figure class=\"wp-block-image size-large\"><img loading=\"lazy\" decoding=\"async\" width=\"765\" height=\"1024\" src=\"https:\/\/langtvvla.com.ar\/wp-content\/uploads\/2025\/06\/loa110625-001p-765x1024.webp\" alt=\"\" class=\"wp-image-7571\" srcset=\"https:\/\/langtvvla.com.ar\/wp-content\/uploads\/2025\/06\/loa110625-001p-765x1024.webp 765w, https:\/\/langtvvla.com.ar\/wp-content\/uploads\/2025\/06\/loa110625-001p-224x300.webp 224w, https:\/\/langtvvla.com.ar\/wp-content\/uploads\/2025\/06\/loa110625-001p-768x1028.webp 768w, https:\/\/langtvvla.com.ar\/wp-content\/uploads\/2025\/06\/loa110625-001p-1147x1536.webp 1147w, https:\/\/langtvvla.com.ar\/wp-content\/uploads\/2025\/06\/loa110625-001p-1530x2048.webp 1530w, https:\/\/langtvvla.com.ar\/wp-content\/uploads\/2025\/06\/loa110625-001p.webp 1756w\" sizes=\"auto, (max-width: 765px) 100vw, 765px\" \/><\/figure>\n\n\n\n<p><strong>En doce a\u00f1os (2003-15), seg\u00fan informes de Vialidad, el 11,6% de los fondos para obra p\u00fablica vial fue para Santa Cruz, donde Baez lleg\u00f3 a manejar $ 24.500 millones en decenas de contratos.<\/strong><\/p>\n\n\n\n<p><strong>Otros de los puntos adem\u00e1s del supuesto direccionamiento en las adjudicaciones son los sobreprecios y que, a pesar de cobrar Austral, muchas de las obras quedaron sin terminar (la mitad de las 51 a fin de 2015).<\/strong><\/p>\n\n\n\n<p><strong>El juicio oral se hizo entre 2019-22 ante el Tribunal Oral en lo Criminal Federal n\u00b0 2 (jueces Basso, Gim\u00e9nez Uriburu y Gorini) y se les conden\u00f3 por fraude al Estado Nacional, a penas de entre 3 a\u00f1os y medio y 6 de prisi\u00f3n, m\u00e1s no se prob\u00f3 la asociaci\u00f3n il\u00edcita (fallo dividido, disidencia de Basso).<\/strong><\/p>\n\n\n\n<p><strong>La condena fue apelada por las defensas y tambi\u00e9n el Fiscal, por considerar baja la pena al rechazar la asociaci\u00f3n il\u00edcita.<\/strong><\/p>\n\n\n\n<figure class=\"wp-block-image size-large\"><img loading=\"lazy\" decoding=\"async\" width=\"796\" height=\"1024\" src=\"https:\/\/langtvvla.com.ar\/wp-content\/uploads\/2025\/06\/lg-796x1024.webp\" alt=\"\" class=\"wp-image-7572\" srcset=\"https:\/\/langtvvla.com.ar\/wp-content\/uploads\/2025\/06\/lg-796x1024.webp 796w, https:\/\/langtvvla.com.ar\/wp-content\/uploads\/2025\/06\/lg-233x300.webp 233w, https:\/\/langtvvla.com.ar\/wp-content\/uploads\/2025\/06\/lg-768x988.webp 768w, https:\/\/langtvvla.com.ar\/wp-content\/uploads\/2025\/06\/lg.webp 933w\" sizes=\"auto, (max-width: 796px) 100vw, 796px\" \/><\/figure>\n\n\n\n<p><strong>En noviembre 2024 la Sala IV de la C\u00e1mara Federal de Casaci\u00f3n Penal (jueces Mariano Borinsky, Diego Barroetave\u00f1a y Gustavo Hornos) confirma la condena de Cristina a 6 a\u00f1os de prisi\u00f3n e inhabilitaci\u00f3n perpetua por administraci\u00f3n fraudulenta, con un perjuicio al Estado de $85.000 millones (Hornos, en minor\u00eda, insiste en la asociaci\u00f3n il\u00edcita).<\/strong><\/p>\n\n\n\n<p><strong>Tambi\u00e9n confirmaton las condenas de B\u00e1ez, L\u00f3pez, Periotti y otros ex funcionarios, as\u00ed como las absoluciones de De Vido, Fatala, Garro y Kirchner.<\/strong><\/p>\n\n\n\n<p><strong>La CSJ, integrada por Horacio Rosatti, Ricardo Lorenzetti y Carlos Rosenkrantz, confirmaron el fallo, valorando diferentes pruebas, como el Decreto 54\/2009, que modific\u00f3 un fideicomiso y permiti\u00f3 direccionar fondos p\u00fablicos con escaso control, mensajes del ex secretario de Obras P\u00fablicas&nbsp;Jos\u00e9 L\u00f3pez, que revelaron coordinaci\u00f3n entre funcionarios y empresarios tras las elecciones de 2015 y se demostr\u00f3 que parte del dinero pagado por el Estado regres\u00f3 a empresas familiares de CFK.<\/strong><\/p>\n\n\n\n<p><strong><mark style=\"background-color:rgba(0, 0, 0, 0);color:#f00404\" class=\"has-inline-color\">A QUIENES CONDENARON Y LAS PENAS<\/mark><\/strong><\/p>\n\n\n\n<p><strong>A Cristina 6 a\u00f1os de prisi\u00f3n e inhabilitaci\u00f3n perpetua de cargos p\u00fablicos, Baez-Lopez-Periotti 6 a\u00f1os, Villafa\u00f1e 5, Pavesi 4 a\u00f1os y 6 meses, Santiba\u00f1ez y Collareda 4 a\u00f1os, Daruich 3 a\u00f1os y 6 meses.<\/strong><\/p>\n\n\n\n<figure class=\"wp-block-image size-full\"><img loading=\"lazy\" decoding=\"async\" width=\"700\" height=\"905\" src=\"https:\/\/langtvvla.com.ar\/wp-content\/uploads\/2025\/06\/ar_chubut20250611.jpg\" alt=\"\" class=\"wp-image-7573\" srcset=\"https:\/\/langtvvla.com.ar\/wp-content\/uploads\/2025\/06\/ar_chubut20250611.jpg 700w, https:\/\/langtvvla.com.ar\/wp-content\/uploads\/2025\/06\/ar_chubut20250611-232x300.jpg 232w\" sizes=\"auto, (max-width: 700px) 100vw, 700px\" \/><\/figure>\n\n\n\n<p><strong><mark style=\"background-color:rgba(0, 0, 0, 0);color:#f40404\" class=\"has-inline-color\">LAS REFUTACIONES DE CFK<\/mark><\/strong><\/p>\n\n\n\n<p><strong>Los argumentos son varios, a saber:<\/strong><\/p>\n\n\n\n<p><strong>1-Las obras ya hab\u00edan sido objeto de investigaci\u00f3n en la justicia de Santa Cruz por lo que no pod\u00eda ser juzgada dos veces por el mismo hecho.<\/strong><\/p>\n\n\n\n<p><strong>2-Parcialidad de algunos jueces (Gimenez Uriburu jug\u00f3 al futbol en los torneos de la quinta Los Abrojos que pertenece a Macri, Gorini fue al Ministerio de Seguridad a cargo entonces de Patricia Bullrich, durante el Gobierno PRO y Hornos visit\u00f3 a Macri 6 veces en La Rosada)<\/strong><\/p>\n\n\n\n<p><strong>3-Incorporaci\u00f3n de pruebas de otras causas durante el juicio oral<\/strong><\/p>\n\n\n\n<figure class=\"wp-block-image size-large\"><img loading=\"lazy\" decoding=\"async\" width=\"799\" height=\"1024\" src=\"https:\/\/langtvvla.com.ar\/wp-content\/uploads\/2025\/06\/20250611121931106af084c1e183d876399aec6efd3110-799x1024.jpg\" alt=\"\" class=\"wp-image-7578\" srcset=\"https:\/\/langtvvla.com.ar\/wp-content\/uploads\/2025\/06\/20250611121931106af084c1e183d876399aec6efd3110-799x1024.jpg 799w, https:\/\/langtvvla.com.ar\/wp-content\/uploads\/2025\/06\/20250611121931106af084c1e183d876399aec6efd3110-234x300.jpg 234w, https:\/\/langtvvla.com.ar\/wp-content\/uploads\/2025\/06\/20250611121931106af084c1e183d876399aec6efd3110-768x984.jpg 768w, https:\/\/langtvvla.com.ar\/wp-content\/uploads\/2025\/06\/20250611121931106af084c1e183d876399aec6efd3110.jpg 843w\" sizes=\"auto, (max-width: 799px) 100vw, 799px\" \/><\/figure>\n\n\n\n<p><strong>4-En el ranking de la obra p\u00fablica Austral estaba en el n\u00famero 38<\/strong><\/p>\n\n\n\n<p><strong>5-Tuvo tres causas por enriquecimiento il\u00edcito, donde fue sobrese\u00edda definitivamente<\/strong><\/p>\n\n\n\n<p><strong>6-No tuvo cargos de responsabilidad directiva en ninguna de las empresas investigadas<\/strong><\/p>\n\n\n\n<p><strong>7-L\u00e1zaro B\u00e1ez no es su amigo y, si lo fuera, no puede constituir un indicio de delito<\/strong><\/p>\n\n\n\n<figure class=\"wp-block-image size-full\"><img loading=\"lazy\" decoding=\"async\" width=\"753\" height=\"990\" src=\"https:\/\/langtvvla.com.ar\/wp-content\/uploads\/2025\/06\/tapa-10.jpg\" alt=\"\" class=\"wp-image-7574\" srcset=\"https:\/\/langtvvla.com.ar\/wp-content\/uploads\/2025\/06\/tapa-10.jpg 753w, https:\/\/langtvvla.com.ar\/wp-content\/uploads\/2025\/06\/tapa-10-228x300.jpg 228w\" sizes=\"auto, (max-width: 753px) 100vw, 753px\" \/><\/figure>\n\n\n\n<p><strong>8-Las cuentas de inversi\u00f3n 2003-13 fueron aprobadas por el Congreso de la Naci\u00f3n, y las de 2014 por la Auditor\u00eda General de la Naci\u00f3n.<\/strong><\/p>\n\n\n\n<p><strong>9-Los recursos por obra p\u00fablica vial recibidos por Santa Cruz del 11,3% del presupuesto de Vialidad Nacional no fueron desproporcionados pues su territorio es el 10,5% del pa\u00eds y que al tener la menor densidad de poblaci\u00f3n requiere de rutas para su integraci\u00f3n.<\/strong><\/p>\n\n\n\n<p><strong>10-La decisi\u00f3n sobre recursos es un \u00e1rea reservada al poder pol\u00edtico y est\u00e1 determinada por leyes nacionales.<\/strong><\/p>\n\n\n\n<p><strong>11-Las adjudicaciones se hicieron con licitaciones p\u00fablicas en el \u00e1mbito provincial cuya responsabilidad es de Vialidad Santa Cruz (no hab\u00eda Vialidad Nacional alli)<\/strong><\/p>\n\n\n\n<figure class=\"wp-block-image size-full\"><img loading=\"lazy\" decoding=\"async\" width=\"700\" height=\"960\" src=\"https:\/\/langtvvla.com.ar\/wp-content\/uploads\/2025\/06\/ar_rio_negro20250611.jpg\" alt=\"\" class=\"wp-image-7575\" srcset=\"https:\/\/langtvvla.com.ar\/wp-content\/uploads\/2025\/06\/ar_rio_negro20250611.jpg 700w, https:\/\/langtvvla.com.ar\/wp-content\/uploads\/2025\/06\/ar_rio_negro20250611-219x300.jpg 219w\" sizes=\"auto, (max-width: 700px) 100vw, 700px\" \/><\/figure>\n\n\n\n<p><strong>12-En las licitaciones participaron otras empresas&nbsp;que, no s\u00f3lo no protestaron, sino que en el juicio oral dijeron que los procesos fueron normales y que B\u00e1ez gan\u00f3 porque pod\u00eda ofrecer mejores precios, ten\u00eda el personal y las m\u00e1quinas en la provincia.&nbsp;<\/strong><\/p>\n\n\n\n<p><strong>13-El decreto 54 de 2009 que habilit\u00f3 el uso de un fideicomiso para pagar las obras fue controlado y aprobado por la Auditor\u00eda General de la Naci\u00f3n y no constituy\u00f3 ning\u00fan delito<\/strong><\/p>\n\n\n\n<p><strong>14-La causa se enmarca en una persecuci\u00f3n a su persona y a los ex presidentes de Brasil (Dilma y Lula), los integrantes de la CSJ responden al poder econ\u00f3mico concentrado de la Argentina, buscan su prescripci\u00f3n pol\u00edtica para que no pueda enfrentar a Milei<\/strong>.<\/p>\n\n\n\n<p><strong>Ahora restar\u00e1 saber c\u00f3mo impacta pol\u00edtica, social y econ\u00f3micamente en Argentina, preguntas v\u00e1lidas, quien tomar\u00e1 el liderazgo en el PJ y la oposici\u00f3n?, saldr\u00e1 fortalecido el gobierno en octubre o se le volver\u00e1 en contra con un voto castigo?, habr\u00e1 una mayor organizaci\u00f3n ciudadana que enfrente las pol\u00edticas de LLA que empeoran las condiciones de vida o ser\u00e1 la claudicaci\u00f3n definitiva?, con CFK fuera de la vida pol\u00edtica activa&#8230;..ahora s\u00ed habr\u00e1 un despegue econ\u00f3mico de inversiones y \u00abbienestar\u00bb general?, este es el final de una era o como ocurri\u00f3 con el Punto Final-Obediencia Debida-Indultos en 2 a\u00f1os o m\u00e1s, con la llegada al poder, nuevamente, de pol\u00edticos con ideolog\u00eda contraria a la actual todo lo actuado hasta hoy se revertir\u00e1?.<\/strong><\/p>\n\n\n\n<p><strong>Todos interrogantes que, en octubre y los a\u00f1os venideros, esperemos, se resolver\u00e1n. <\/strong><\/p>\n\n\n\n<p><strong>CREDITO FOTOS WEB<\/strong><\/p>\n\n\n\n<p><\/p>\n\n\n\n<p><\/p>\n\n\n\n<p><\/p>\n\n\n\n<p><\/p>\n","protected":false},"excerpt":{"rendered":"<p>Este martes 10 se conoci\u00f3 la confirmaci\u00f3n de la condena a 6 a\u00f1os de prisi\u00f3n a la ex presidente Cristina Fern\u00e1ndez de Kirchner, por parte de la CSJ, por la causa Vialidad. La condena no s\u00f3lo lleva una pena de prisi\u00f3n, que su abogado pedir\u00e1 sea domiciliaria ya que rige ese beneficio para mayores de [&hellip;]<\/p>\n","protected":false},"author":1,"featured_media":7532,"comment_status":"open","ping_status":"open","sticky":false,"template":"","format":"standard","meta":{"footnotes":""},"categories":[42,28],"tags":[],"class_list":["post-7531","post","type-post","status-publish","format-standard","has-post-thumbnail","hentry","category-medios","category-politica"],"_links":{"self":[{"href":"https:\/\/langtvvla.com.ar\/index.php\/wp-json\/wp\/v2\/posts\/7531","targetHints":{"allow":["GET"]}}],"collection":[{"href":"https:\/\/langtvvla.com.ar\/index.php\/wp-json\/wp\/v2\/posts"}],"about":[{"href":"https:\/\/langtvvla.com.ar\/index.php\/wp-json\/wp\/v2\/types\/post"}],"author":[{"embeddable":true,"href":"https:\/\/langtvvla.com.ar\/index.php\/wp-json\/wp\/v2\/users\/1"}],"replies":[{"embeddable":true,"href":"https:\/\/langtvvla.com.ar\/index.php\/wp-json\/wp\/v2\/comments?post=7531"}],"version-history":[{"count":23,"href":"https:\/\/langtvvla.com.ar\/index.php\/wp-json\/wp\/v2\/posts\/7531\/revisions"}],"predecessor-version":[{"id":7582,"href":"https:\/\/langtvvla.com.ar\/index.php\/wp-json\/wp\/v2\/posts\/7531\/revisions\/7582"}],"wp:featuredmedia":[{"embeddable":true,"href":"https:\/\/langtvvla.com.ar\/index.php\/wp-json\/wp\/v2\/media\/7532"}],"wp:attachment":[{"href":"https:\/\/langtvvla.com.ar\/index.php\/wp-json\/wp\/v2\/media?parent=7531"}],"wp:term":[{"taxonomy":"category","embeddable":true,"href":"https:\/\/langtvvla.com.ar\/index.php\/wp-json\/wp\/v2\/categories?post=7531"},{"taxonomy":"post_tag","embeddable":true,"href":"https:\/\/langtvvla.com.ar\/index.php\/wp-json\/wp\/v2\/tags?post=7531"}],"curies":[{"name":"wp","href":"https:\/\/api.w.org\/{rel}","templated":true}]}}